{"id":132754,"date":"2026-01-09T07:50:08","date_gmt":"2026-01-09T07:50:08","guid":{"rendered":"https:\/\/www.europesays.com\/no\/132754\/"},"modified":"2026-01-09T07:50:08","modified_gmt":"2026-01-09T07:50:08","slug":"usa-grensevakter-to-personer-er-skutt-av-grensevakter-i-portland","status":"publish","type":"post","link":"https:\/\/www.europesays.com\/no\/132754\/","title":{"rendered":"USA, Grensevakter | To personer er skutt av grensevakter i Portland"},"content":{"rendered":"\n<p>F\u00f8derale agenter fra den amerikanske grensevakttjenesten har skutt to personer i Portland i delstaten Oregon. Tilstanden er ukjent.<\/p>\n<p>\u2013 To personer er innlagt p\u00e5 sykehus etter en skyting som omfattet f\u00f8derale agenter, st\u00e5r det i en uttalelse fra politiet i Portland.<\/p>\n<p>Politiet sier at det ikke var involvert i hendelsen, og at tilstanden til de to som ble skutt, er ukjent.<\/p>\n<p>En ABC News-tilknyttet lokal stasjon melder at de f\u00f8derale agentene tilh\u00f8rer grensevaktstyrken (U.S. Customs and Border Protection), og at FBI skal etterforske saken.<\/p>\n<p>Bilkontroll<\/p>\n<p>Hendelsen skjedde i forbindelse med en bilkontroll, st\u00e5r det i en uttalelse fra sikkerhetsdepartementet i Washington.<\/p>\n<p>\u2013 Klokken 14.19 gjennomf\u00f8rte grensevakter m\u00e5lrettet bilkontroll i Portland. Passasjeren i kj\u00f8ret\u00f8yet som var m\u00e5let for kontrollen, var en venezuelansk ulovlig innvandrer tilknyttet den internasjonale Tren de Aragua-prostitusjonsringen og involvert i en nylig skyteepisode i Portland, <a rel=\"noopener nofollow\" href=\"https:\/\/x.com\/TriciaOhio\/status\/2009429617296461825\">skriver departementet p\u00e5 X<\/a>.<\/p>\n<p>\u2013 Kj\u00f8ret\u00f8yets sj\u00e5f\u00f8r antas \u00e5 v\u00e6re medlem av den ondskapsfulle venezuelanske gjengen Tren de Aragua. Da betjenter identifiserte seg for personene i kj\u00f8ret\u00f8yet, brukte sj\u00e5f\u00f8ren kj\u00f8ret\u00f8yet som v\u00e5pen og pr\u00f8vde \u00e5 kj\u00f8re ned agentene, st\u00e5r det videre i uttalelsen.<\/p>\n<p>\u2013 Av frykt for livet og sikkerheten, skj\u00f8t en agent for \u00e5 forsvare seg. Sj\u00e5f\u00f8ren kj\u00f8rte av g\u00e5rde med passasjeren og flyktet fra stedet, skriver departementet videre.<\/p>\n<p>Tren de Aragua er et venezuelansk narkokartell som i fjor ble satt p\u00e5 USA og Canadas terrorlister.<\/p>\n<p>Politiet kan ikke g\u00e5 god for forklaringen<\/p>\n<p>Politiet i Portland opplyste senere p\u00e5 en pressekonferanse at det ikke kan bekrefte opplysningene i uttalelsen fra sikkerhetsdepartementet.<\/p>\n<p>P\u00e5 en pressekonferanse senere torsdag kveld opplyste Portland-politiet, byens ordf\u00f8rer Keith Wilson og delstatens guvern\u00f8r Tina Kotek at de ikke har detaljer om hva som f\u00f8rte til skytingen.<\/p>\n<p>Tidligere p\u00e5 kvelden uttalte politiet at skytingen skjedde n\u00e6r en helseklinikk \u00f8st i byen. Seks minutter etter ankomst til stedet og etter \u00e5 ha sl\u00e5tt fast at f\u00f8derale betjenter var involvert i skytingen, opplyste politiet at to personer hadde f\u00e5tt skuddskader.<\/p>\n<p>En mann og en kvinne ba om hjelp p\u00e5 et sted som ligger 3 kilometer nord\u00f8st for klinikken, og der p\u00e5f\u00f8rte politiet turnik\u00e9 f\u00f8r de to ble sendt til sykehus, opplyste politiet.<\/p>\n<p>Kvinne drept i Minneapolis<\/p>\n<p>\u2013 Vi har forst\u00e5else for forsterkede f\u00f8lelser og spenningsniv\u00e5 som mange kjenner p\u00e5 etter skytingen i Minneapolis, men jeg ber lokalsamfunnet om \u00e5 forbli rolig mens vi jobber for \u00e5 finne ut mer, sier Portlands politisjef Bob Day.<\/p>\n<p>Onsdag ble 37 \u00e5r gamle Renee Nicole Macklin Good skutt av en betjent fra immigrasjonsmyndigheten Ice i Minneapolis i Minnesota. F\u00f8derale myndigheter sier at hun pr\u00f8vde \u00e5 kj\u00f8re p\u00e5 betjentene, og at det ble skutt mot henne i selvforsvar.<\/p>\n<p>Visepresident J.D. Vance framstilte torsdag kvinnen som \u00abet offer for venstreorientert ideologi\u00bb som ble oppmuntret av det han kaller et nettverk av politisk motiverte grupper som vil forstyrre politiets arbeid. President Donald Trump har ogs\u00e5 forsvart Ice-agenten som skj\u00f8t henne og kaller det selvforsvar.<\/p>\n<p>B\u00e5de Minneapolis-ordf\u00f8rer Jacob Frey og Minnesota-guvern\u00f8r Tim Walz bestrider dette, og en video av hendelsen reiser ogs\u00e5 tvil ved om drapet skjedde i selvforsvar.<\/p>\n","protected":false},"excerpt":{"rendered":"F\u00f8derale agenter fra den amerikanske grensevakttjenesten har skutt to personer i Portland i delstaten Oregon. Tilstanden er ukjent.&hellip;\n","protected":false},"author":2,"featured_media":132755,"comment_status":"","ping_status":"","sticky":false,"template":"","format":"standard","meta":{"footnotes":""},"categories":[12],"tags":[20,21,24,25,15,22,23,13,30,28,29,14,16,26,27,42,43,44,45],"class_list":{"0":"post-132754","1":"post","2":"type-post","3":"status-publish","4":"format-standard","5":"has-post-thumbnail","7":"category-verden","8":"tag-breaking-news","9":"tag-breakingnews","10":"tag-featured-news","11":"tag-featurednews","12":"tag-headlines","13":"tag-latest-news","14":"tag-latestnews","15":"tag-news","16":"tag-no","17":"tag-norge","18":"tag-norway","19":"tag-nyheter","20":"tag-overskrifter","21":"tag-top-stories","22":"tag-topstories","23":"tag-verden","24":"tag-world","25":"tag-world-news","26":"tag-worldnews"},"share_on_mastodon":{"url":"https:\/\/pubeurope.com\/@no\/115864051581315555","error":""},"_links":{"self":[{"href":"https:\/\/www.europesays.com\/no\/wp-json\/wp\/v2\/posts\/132754","targetHints":{"allow":["GET"]}}],"collection":[{"href":"https:\/\/www.europesays.com\/no\/wp-json\/wp\/v2\/posts"}],"about":[{"href":"https:\/\/www.europesays.com\/no\/wp-json\/wp\/v2\/types\/post"}],"author":[{"embeddable":true,"href":"https:\/\/www.europesays.com\/no\/wp-json\/wp\/v2\/users\/2"}],"replies":[{"embeddable":true,"href":"https:\/\/www.europesays.com\/no\/wp-json\/wp\/v2\/comments?post=132754"}],"version-history":[{"count":0,"href":"https:\/\/www.europesays.com\/no\/wp-json\/wp\/v2\/posts\/132754\/revisions"}],"wp:featuredmedia":[{"embeddable":true,"href":"https:\/\/www.europesays.com\/no\/wp-json\/wp\/v2\/media\/132755"}],"wp:attachment":[{"href":"https:\/\/www.europesays.com\/no\/wp-json\/wp\/v2\/media?parent=132754"}],"wp:term":[{"taxonomy":"category","embeddable":true,"href":"https:\/\/www.europesays.com\/no\/wp-json\/wp\/v2\/categories?post=132754"},{"taxonomy":"post_tag","embeddable":true,"href":"https:\/\/www.europesays.com\/no\/wp-json\/wp\/v2\/tags?post=132754"}],"curies":[{"name":"wp","href":"https:\/\/api.w.org\/{rel}","templated":true}]}}