{"id":132756,"date":"2026-01-09T07:52:06","date_gmt":"2026-01-09T07:52:06","guid":{"rendered":"https:\/\/www.europesays.com\/no\/132756\/"},"modified":"2026-01-09T07:52:06","modified_gmt":"2026-01-09T07:52:06","slug":"store-protester-i-iran-myndighetene-kuttet-internett-nrk-urix-utenriksnyheter-og-dokumentarer","status":"publish","type":"post","link":"https:\/\/www.europesays.com\/no\/132756\/","title":{"rendered":"Store protester i Iran \u2013 myndighetene kuttet internett \u2013 NRK Urix \u2013 Utenriksnyheter og -dokumentarer"},"content":{"rendered":"<p>Torsdag kveld gikk det i svart.<\/p>\n<p>N\u00f8yaktig klokken 8 hadde demonstranter tatt til gatene i hovedstaden Teheran for \u00e5 protestere. Dette var den tolvte dagen p\u00e5 rad med protester.<\/p>\n<p>Denne gangen <a href=\"https:\/\/www.nrk.no\/nyheter\/hele-iran-er-uten-internett-1.17720124\" ec-id=\"pp:article:1.17720124\" ec-name=\"kuttet myndighetene internett\" rel=\"nofollow noopener\" target=\"_blank\">kuttet myndighetene internett<\/a>. Fredag morgen hadde nettet v\u00e6rt nede i et halvt d\u00f8gn, if\u00f8lge <a href=\"https:\/\/netblocks.org\/\" ec-id=\"https:\/\/netblocks.org\/\" ec-name=\"NetBlocks\" rel=\"nofollow noopener\" target=\"_blank\">NetBlocks<\/a>, en side som overv\u00e5ker myndigheters begrensning p\u00e5 internettilgang verden rundt.<\/p>\n<p><strong>Det betyr at landets befolkning p\u00e5 85 millioner mennesker n\u00e5 er avsk\u00e5ret fra hverandre og omverdenen.<\/strong><\/p>\n<p><img decoding=\"async\"   src=\"data:image\/gif;base64,R0lGODlhAQABAIAAAAAAAP\/\/\/yH5BAEAAAAALAAAAAABAAEAAAIBRAA7\" loading=\"eager\" alt=\"En graf viser at internett i Iran er nede\" title=\"Illustrasjon: Netblocks\"\/><\/p>\n<p class=\"\">Oversikten til NetBlocks viser at internett i Iran var nede fra og med torsdag ettermiddag.<\/p>\n<p>Illustrasjon: Netblocks<\/p>\n<p>\u2013 D\u00f8d over diktatoren<\/p>\n<p>Flere enn 40 mennesker er s\u00e5 langt blitt drept i demonstrasjonene, if\u00f8lge Iran Human Rights Activists News Agency <a href=\"https:\/\/www.en-hrana.org\/a-report-on-the-twelfth-day-of-nationwide-protests-in-iran-widespread-strikes-internet-shutdown-and-surge-in-arrests\/\" ec-id=\"https:\/\/www.en-hrana.org\/a-report-on-the-twelfth-day-of-nationwide-protests-in-iran-widespread-strikes-internet-shutdown-and-surge-in-arrests\/\" ec-name=\"HRANA\" rel=\"nofollow noopener\" target=\"_blank\">HRANA<\/a>. Rundt 2300 har blitt arrestert.<\/p>\n<p>Protestene i Iran br\u00f8t ut etter et kraftig fall i landets valuta. Det er meldt om demonstrasjoner i rundt 100 byer rundt omkring i landet, if\u00f8lge <a href=\"https:\/\/www.bbc.com\/news\/articles\/cg7y0579lp8o\" ec-id=\"https:\/\/www.bbc.com\/news\/articles\/cg7y0579lp8o\" ec-name=\"BBC\" rel=\"nofollow noopener\" target=\"_blank\">BBC<\/a>.<\/p>\n<p>Det som startet som en demonstrasjon knyttet til \u00f8konomi har utviklet seg til \u00e5 bli en politisk protest mot landets myndigheter og \u00f8verste leder ayatollah Ali Khamenei.<\/p>\n<p><strong>\u2013 D\u00f8d over diktatoren, runget det i Teherans gater torsdag kveld, meldte nyhetsbyr\u00e5et AP.<\/strong><\/p>\n<p>Nyhetsnettstedet <a href=\"https:\/\/www.iranintl.com\/en\/202601086452\" ec-id=\"https:\/\/www.iranintl.com\/en\/202601086452\" ec-name=\"Iran Insight\" rel=\"nofollow noopener\" target=\"_blank\">Iran Insight <\/a>har analysert slagordene som har blitt brukt i l\u00f8pet av de tolv dagene protestene har vart. De viser at det har v\u00e6rt et skifte vekk fra oppmuntring til streik til krav om tilbakevending av Irans monarki, som ble veltet i den islamske revolusjonen i 1979.<\/p>\n<p>\u2013 Dette er siste slag; Pahlavi skal vende tilbake, er blant det demonstrantene har ropt.<\/p>\n<p>Kjemper fra eksil<\/p>\n<p>Pahlavi henviser til Irans kongefamilien og kronprins Reza Pahlavi, s\u00f8nnen til Irans siste konge, eller \u00abshah\u00bb.<\/p>\n<p>Fra eksil har han oppmuntret til demonstrasjonene i hjemlandet.<\/p>\n<p><img decoding=\"async\"   src=\"data:image\/gif;base64,R0lGODlhAQABAIAAAAAAAP\/\/\/yH5BAEAAAAALAAAAAABAAEAAAIBRAA7\" loading=\"eager\" alt=\"Reza Pahlavi\" title=\"Foto: AFP\"\/><\/p>\n<p class=\"\">Irans kronprins, Reza Pahlavi, oppfordrer til \u00e5 velte Irans regime. Her talte Pahlavi i Washington D.C. h\u00f8sten 2022.<\/p>\n<p>Foto: AFP<\/p>\n<p>\u2013 Jeg inviterer dere til \u00e5 rope slagord torsdag og fredag 8. og 9. januar, samlet, klokken 20, enten det er i gatene eller fra deres egne hjem, skrev Pahlavi p\u00e5 <a href=\"https:\/\/x.com\/PahlaviReza\/status\/2008609747931721831?s=20\" ec-id=\"https:\/\/x.com\/PahlaviReza\/status\/2008609747931721831\" ec-name=\"X\" rel=\"nofollow\">X<\/a> tidligere denne uka.<\/p>\n<p>Han har lenge kjempet for regimeendring i Iran. P\u00e5 sine <a href=\"https:\/\/www.rezapahlavi.org\/statements\/the-end-of-the-islamic-republic-is-the-end-of-its-46-year-war-with-the-iranian-nation\" ec-id=\"https:\/\/www.rezapahlavi.org\/statements\/the-end-of-the-islamic-republic-is-the-end-of-its-46-year-war-with-the-iranian-nation\" ec-name=\"nettsider\" rel=\"nofollow noopener\" target=\"_blank\">nettsider <\/a>hevder han at han \u00f8nsker \u00e5 etablere en demokratisk regjering.<\/p>\n<p>\u2013 Frykt ikke dagen etter Den islamske republikkens fall, skrev Pahlavi i en kunngj\u00f8ring i sommer.<\/p>\n<p><strong>\u2013 Iran vil ikke havne i borgerkrig eller ustabilitet. Vi har en plan for Irans fremtid og landets velstand.<\/strong><\/p>\n<p>Interessert i utenriks? H\u00f8r utenriksredaksjonens podkast:<\/p>\n<p>Publisert<\/p>\n<p>09.01.2026, kl. 08.07<\/p>\n<p>Oppdatert<\/p>\n<p>09.01.2026, kl. 08.12<\/p>\n","protected":false},"excerpt":{"rendered":"Torsdag kveld gikk det i svart. N\u00f8yaktig klokken 8 hadde demonstranter tatt til gatene i hovedstaden Teheran for&hellip;\n","protected":false},"author":2,"featured_media":132757,"comment_status":"","ping_status":"","sticky":false,"template":"","format":"standard","meta":{"footnotes":""},"categories":[5],"tags":[20,21,24,25,15,19,22,23,17,18,13,30,28,29,14,16,26,27],"class_list":{"0":"post-132756","1":"post","2":"type-post","3":"status-publish","4":"format-standard","5":"has-post-thumbnail","7":"category-overskrifter","8":"tag-breaking-news","9":"tag-breakingnews","10":"tag-featured-news","11":"tag-featurednews","12":"tag-headlines","13":"tag-hovedoppslag","14":"tag-latest-news","15":"tag-latestnews","16":"tag-main-news","17":"tag-mainnews","18":"tag-news","19":"tag-no","20":"tag-norge","21":"tag-norway","22":"tag-nyheter","23":"tag-overskrifter","24":"tag-top-stories","25":"tag-topstories"},"share_on_mastodon":{"url":"https:\/\/pubeurope.com\/@no\/115864059640154849","error":""},"_links":{"self":[{"href":"https:\/\/www.europesays.com\/no\/wp-json\/wp\/v2\/posts\/132756","targetHints":{"allow":["GET"]}}],"collection":[{"href":"https:\/\/www.europesays.com\/no\/wp-json\/wp\/v2\/posts"}],"about":[{"href":"https:\/\/www.europesays.com\/no\/wp-json\/wp\/v2\/types\/post"}],"author":[{"embeddable":true,"href":"https:\/\/www.europesays.com\/no\/wp-json\/wp\/v2\/users\/2"}],"replies":[{"embeddable":true,"href":"https:\/\/www.europesays.com\/no\/wp-json\/wp\/v2\/comments?post=132756"}],"version-history":[{"count":0,"href":"https:\/\/www.europesays.com\/no\/wp-json\/wp\/v2\/posts\/132756\/revisions"}],"wp:featuredmedia":[{"embeddable":true,"href":"https:\/\/www.europesays.com\/no\/wp-json\/wp\/v2\/media\/132757"}],"wp:attachment":[{"href":"https:\/\/www.europesays.com\/no\/wp-json\/wp\/v2\/media?parent=132756"}],"wp:term":[{"taxonomy":"category","embeddable":true,"href":"https:\/\/www.europesays.com\/no\/wp-json\/wp\/v2\/categories?post=132756"},{"taxonomy":"post_tag","embeddable":true,"href":"https:\/\/www.europesays.com\/no\/wp-json\/wp\/v2\/tags?post=132756"}],"curies":[{"name":"wp","href":"https:\/\/api.w.org\/{rel}","templated":true}]}}