{"id":132762,"date":"2026-01-09T07:56:20","date_gmt":"2026-01-09T07:56:20","guid":{"rendered":"https:\/\/www.europesays.com\/no\/132762\/"},"modified":"2026-01-09T07:56:20","modified_gmt":"2026-01-09T07:56:20","slug":"varsler-kraftig-kontantstromvekst-frem-mot-2030","status":"publish","type":"post","link":"https:\/\/www.europesays.com\/no\/132762\/","title":{"rendered":"Varsler kraftig kontantstr\u00f8mvekst frem mot 2030"},"content":{"rendered":"<p>Yara legger opp til betydelig \u00f8kning i fri kontantstr\u00f8m og videref\u00f8rer en streng kapitaldisiplin n\u00e5r selskapet presenterer sine planer under fredagens kapitalmarkedsdag.\u00a0<\/p>\n<p>Selskapet guider p\u00e5 over 600 millioner dollar i \u00f8kt fri kontantstr\u00f8m fra 2024 til 2030. Over 250 millioner dollar er allerede realisert, mens ytterligere rundt 350 millioner dollar skal hentes ut i \u00e5rene fremover.<\/p>\n<p>Yara vil samtidig optimalisere den globale industristrukturen for \u00e5 \u00f8ke kapitalproduktiviteten. Dette skal skje gjennom portef\u00f8ljejusteringer og strengere prioritering av investeringer, skriver selskapet.<\/p>\n<p>\u2013 Yara opererer i skj\u00e6ringspunktet mellom noen av verdens st\u00f8rste utfordringer og de st\u00f8rste mulighetene. Behovet for \u00e5 br\u00f8df\u00f8 en voksende befolkning, \u00f8ke effektiviteten i arealbruken og kutte utslipp p\u00e5virker b\u00e5de reguleringer, kapitalstr\u00f8mmer og ettersp\u00f8rselen fra kundene. Som en tidlig akt\u00f8r innen prioriterte omr\u00e5der er Yara godt posisjonert for \u00e5 utnytte disse mulighetene og skape langsiktig verdi for aksjon\u00e6rer, kunder, ansatte og samfunnet, kommenterer konsernsjef Svein Tore Holsether.<\/p>\n<p class=\"subhead\" data-element-type=\"subhead\" data-element-label=\"Mellomtittel\">Utbytter, ammoniakk og investeringsdisiplin<\/p>\n<p>Selskapet gjentar ogs\u00e5 sitt kapitalallokeringspolitikk og understreker ambisjonen om stabile og \u00f8kende utbytter til aksjon\u00e6rene, med oppside i gode sykliske perioder.<\/p>\n<p>P\u00e5 vekstsiden vil Yara satse videre p\u00e5 lavkost- og lavutslippsammoniakk. Blant annet vurderes et st\u00f8rre ammoniakkprosjekt i USA i samarbeid med Air Products. En slik investering vil gi betydelige skalafordeler og en attraktiv driftsresultatsprofil, skriver selskapet.<\/p>\n<p>Yara bekrefter samtidig m\u00e5lene om en kredittrating p\u00e5 BBB\/Baa2, en netto renteb\u00e6rende gjeld p\u00e5 1,5\u20132,0 ganger ebitda og en egenkapitalandel som holder gjeldsgraden under 0,60.\u00a0<\/p>\n<p>Den planlagte investeringen p\u00e5 rundt 2 milliarder dollar i USA ligger innenfor selskapets normale investeringsniv\u00e5 gjennom syklusen og skal ikke g\u00e5 p\u00e5 bekostning av kontantstr\u00f8m, balanse eller utbyttepolitikk, skriver Yara.<\/p>\n","protected":false},"excerpt":{"rendered":"Yara legger opp til betydelig \u00f8kning i fri kontantstr\u00f8m og videref\u00f8rer en streng kapitaldisiplin n\u00e5r selskapet presenterer sine&hellip;\n","protected":false},"author":2,"featured_media":63526,"comment_status":"","ping_status":"","sticky":false,"template":"","format":"standard","meta":{"footnotes":""},"categories":[56],"tags":[60,61,62,30,28,29],"class_list":{"0":"post-132762","1":"post","2":"type-post","3":"status-publish","4":"format-standard","5":"has-post-thumbnail","7":"category-naeringsliv","8":"tag-business","9":"tag-economy","10":"tag-naeringsliv","11":"tag-no","12":"tag-norge","13":"tag-norway"},"share_on_mastodon":{"url":"https:\/\/pubeurope.com\/@no\/115864075280602950","error":""},"_links":{"self":[{"href":"https:\/\/www.europesays.com\/no\/wp-json\/wp\/v2\/posts\/132762","targetHints":{"allow":["GET"]}}],"collection":[{"href":"https:\/\/www.europesays.com\/no\/wp-json\/wp\/v2\/posts"}],"about":[{"href":"https:\/\/www.europesays.com\/no\/wp-json\/wp\/v2\/types\/post"}],"author":[{"embeddable":true,"href":"https:\/\/www.europesays.com\/no\/wp-json\/wp\/v2\/users\/2"}],"replies":[{"embeddable":true,"href":"https:\/\/www.europesays.com\/no\/wp-json\/wp\/v2\/comments?post=132762"}],"version-history":[{"count":0,"href":"https:\/\/www.europesays.com\/no\/wp-json\/wp\/v2\/posts\/132762\/revisions"}],"wp:featuredmedia":[{"embeddable":true,"href":"https:\/\/www.europesays.com\/no\/wp-json\/wp\/v2\/media\/63526"}],"wp:attachment":[{"href":"https:\/\/www.europesays.com\/no\/wp-json\/wp\/v2\/media?parent=132762"}],"wp:term":[{"taxonomy":"category","embeddable":true,"href":"https:\/\/www.europesays.com\/no\/wp-json\/wp\/v2\/categories?post=132762"},{"taxonomy":"post_tag","embeddable":true,"href":"https:\/\/www.europesays.com\/no\/wp-json\/wp\/v2\/tags?post=132762"}],"curies":[{"name":"wp","href":"https:\/\/api.w.org\/{rel}","templated":true}]}}