{"id":132763,"date":"2026-01-09T07:57:12","date_gmt":"2026-01-09T07:57:12","guid":{"rendered":"https:\/\/www.europesays.com\/no\/132763\/"},"modified":"2026-01-09T07:57:12","modified_gmt":"2026-01-09T07:57:12","slug":"fikk-sparken-for-innlegg-som-gikk-viralt-far-fem-millioner-og-jobben-tilbake","status":"publish","type":"post","link":"https:\/\/www.europesays.com\/no\/132763\/","title":{"rendered":"Fikk sparken for innlegg som gikk viralt. F\u00e5r fem millioner og jobben tilbake"},"content":{"rendered":"<p class=\"kicker t14 tm15 align-left mobile_text_align_align-left\" style=\"\">USA<\/p>\n<p>    Amerikansk professor fikk br\u00e5tt sparken etter at han postet p\u00e5 sosiale medier i etterkant av drapet p\u00e5 Charlie Kirk. N\u00e5 har han f\u00e5tt jobben tilbake, og vel s\u00e5 det.\u00a0<\/p>\n<p>Darren Michael, professor ved det statlige universitetet i Austin Peay, f\u00e5r tilbake jobben og en erstatning p\u00e5 500.000 amerikanske dollar, skriver\u00a0<a href=\"https:\/\/www.nytimes.com\/2026\/01\/07\/us\/austin-peay-professor-charlie-kirk-settlement-reinstated.html\" data-lab-font_weight=\"font-weight-bold\" class=\"font-weight-bold m-font-weight-bold\" rel=\"nofollow noopener\" target=\"_blank\">New York Times<\/a>. Det tilsvarer over fem millioner kroner. Michael fikk sparken etter at han postet p\u00e5 sosiale medier om Charlie Kirk.<\/p>\n<p>\u2014 Dette var veldig, veldig traumatiske omstendigheter for ham og hans familie, sier professorens advokat David L. King til avisa.\u00a0<\/p>\n<p>Professoren har inng\u00e5tt en avtale med universitetet, som dermed slipper at saken havner i retten. Underveis i prosessen hadde professoren l\u00f8nnet permisjon uten arbeidsplikt i tre m\u00e5neder, og fra 30. desember fikk han komme tilbake p\u00e5 jobb.<\/p>\n<p>                <img decoding=\"async\" src=\"https:\/\/www.europesays.com\/no\/wp-content\/uploads\/2026\/01\/998218.webp.jpeg\" width=\"480\" height=\"548\" title=\"Charlie Kirk var den unge amerikanske h\u00f8yresidens fremste talsperson for konservativ universitetspolitikk.\" alt=\"Portrett av Kirk i dress foran r\u00f8d bakgrunn\" loading=\"lazy\" style=\"\"\/><\/p>\n<p>\n            Charlie Kirk var den unge amerikanske h\u00f8yresidens fremste talsperson for konservativ universitetspolitikk.<br \/>\n            Gage Skidmore \/ flickr.com \/ Wikimedia Commons\n        <\/p>\n<p>I tillegg til de fem millionene skal universitetet dekke terapi og sende ut en uttalelse til universitets ansatte og studenter om at de er lei seg for ikke \u00e5 ha fulgt gjeldende retningslinjer for oppsigelser i prosessen, <a href=\"https:\/\/www.wkrn.com\/news\/local-news\/clarksville\/apsu-settles-with-professor-fired-over-charlie-kirk-post\/\" data-lab-font_weight=\"font-weight-bold\" class=\"font-weight-bold m-font-weight-bold\" rel=\"nofollow noopener\" target=\"_blank\">skriver avisa Nashville News, Weather and Sports<\/a>.\u00a0<\/p>\n<p>Sparket p\u00e5 dagen<\/p>\n<p>Rektor ved universitetet, Michael Licari, mente professoren hadde skrevet uf\u00f8lsomme ting p\u00e5 sosiale medier om Charlie Kirk, som\u00a0<a href=\"https:\/\/www.khrono.no\/skutt-pa-campus-mente-universitetene-indoktrinerte-unge\/997755\" data-lab-font_weight=\"font-weight-bold\" class=\"font-weight-bold m-font-weight-bold\" rel=\"nofollow noopener\" target=\"_blank\">ble skutt og drept <\/a>under en debatt p\u00e5 et universitet i september.\u00a0Kirk var politisk aktivist p\u00e5 den amerikanske h\u00f8yresiden, og ledet den h\u00f8yreradikale ungdoms\u00adorganisasjonen Turning Point.\u00a0<\/p>\n<p>Professoren delte et skjermbilde p\u00e5 sosiale medier som gikk viralt f\u00e5 dager etter drapet. Bildet viste et sitat fra Kirk, der han kort tid etter en skoleskyting i USA uttalte at d\u00f8dsfall som f\u00f8lge av skytev\u00e5pen dessverre er prisen man betaler for \u00e5 bevare\u00a0det andre grunnlovstillegget.<\/p>\n<p>Tennessee sin senator, den konservative politikeren Marsha Blackburn, tagget universitetet i innlegget og spurte hva de syntes. Samme dag fikk professoren en e-post som informerte om at han fikk sparken.\u00a0<\/p>\n<p>\u2014 Dette valget blir gjort med bakgrunn i nylige innlegg p\u00e5 sosiale medier som har gitt sv\u00e6rt stor omd\u00f8mmeskade for universitetet, skrev universitetets rektor i en e-post til professoren.\u00a0<\/p>\n<p>        <a itemprop=\"url\" class=\"\" href=\"https:\/\/www.khrono.no\/da-turning-point-kom-til-berkeley\/1015183\" data-k5a-url=\"https:\/\/www.khrono.no\/a\/1015183\" rel=\"nofollow noopener\" target=\"_blank\"><\/p>\n<p>\nUSA\n<\/p>\n<p>            Da Turning Point kom til Berkeley<\/p>\n<p>        <\/a><\/p>\n<p>Gleder seg til \u00e5 undervise igjen<\/p>\n<p>Etter to ukers tid fikk professoren jobben tilbake, men han ble satt p\u00e5 betalt permisjon og fritatt alle arbeidsoppgaver. Universitetet erkjente at professorens rettigheter ikke var overholdt, men la til at at de fortsatt vurderte en mulig oppsigelse.\u00a0<\/p>\n<p>I en uttalelse til pressen sa rektor at handlingene til professoren, alts\u00e5 \u00e5 poste dette innlegget p\u00e5 sosiale medier, ikke samsvarer med universitetets verdigrunnlag om \u00e5 utvise gjensidig respekt og verdighet.\u00a0<\/p>\n<p>Advokaten til professoren sa seg uenig med dette, og mente professoren kun gjenga et sitat med Kirks faktiske ord.\u00a0<\/p>\n<p>N\u00e5 gleder professoren seg til \u00e5 gjenoppta undervisning.<\/p>\n<p>\u2014\u00a0Han har v\u00e6rt dypt fortvilet over hvordan han skulle kunne ivareta studentene sine i denne perioden, sier advokaten.\u00a0<\/p>\n","protected":false},"excerpt":{"rendered":"USA Amerikansk professor fikk br\u00e5tt sparken etter at han postet p\u00e5 sosiale medier i etterkant av drapet p\u00e5&hellip;\n","protected":false},"author":2,"featured_media":132764,"comment_status":"","ping_status":"","sticky":false,"template":"","format":"standard","meta":{"footnotes":""},"categories":[12],"tags":[20,21,24,25,15,22,23,13,30,28,29,14,16,26,27,42,43,44,45],"class_list":{"0":"post-132763","1":"post","2":"type-post","3":"status-publish","4":"format-standard","5":"has-post-thumbnail","7":"category-verden","8":"tag-breaking-news","9":"tag-breakingnews","10":"tag-featured-news","11":"tag-featurednews","12":"tag-headlines","13":"tag-latest-news","14":"tag-latestnews","15":"tag-news","16":"tag-no","17":"tag-norge","18":"tag-norway","19":"tag-nyheter","20":"tag-overskrifter","21":"tag-top-stories","22":"tag-topstories","23":"tag-verden","24":"tag-world","25":"tag-world-news","26":"tag-worldnews"},"share_on_mastodon":{"url":"https:\/\/pubeurope.com\/@no\/115864079123090144","error":""},"_links":{"self":[{"href":"https:\/\/www.europesays.com\/no\/wp-json\/wp\/v2\/posts\/132763","targetHints":{"allow":["GET"]}}],"collection":[{"href":"https:\/\/www.europesays.com\/no\/wp-json\/wp\/v2\/posts"}],"about":[{"href":"https:\/\/www.europesays.com\/no\/wp-json\/wp\/v2\/types\/post"}],"author":[{"embeddable":true,"href":"https:\/\/www.europesays.com\/no\/wp-json\/wp\/v2\/users\/2"}],"replies":[{"embeddable":true,"href":"https:\/\/www.europesays.com\/no\/wp-json\/wp\/v2\/comments?post=132763"}],"version-history":[{"count":0,"href":"https:\/\/www.europesays.com\/no\/wp-json\/wp\/v2\/posts\/132763\/revisions"}],"wp:featuredmedia":[{"embeddable":true,"href":"https:\/\/www.europesays.com\/no\/wp-json\/wp\/v2\/media\/132764"}],"wp:attachment":[{"href":"https:\/\/www.europesays.com\/no\/wp-json\/wp\/v2\/media?parent=132763"}],"wp:term":[{"taxonomy":"category","embeddable":true,"href":"https:\/\/www.europesays.com\/no\/wp-json\/wp\/v2\/categories?post=132763"},{"taxonomy":"post_tag","embeddable":true,"href":"https:\/\/www.europesays.com\/no\/wp-json\/wp\/v2\/tags?post=132763"}],"curies":[{"name":"wp","href":"https:\/\/api.w.org\/{rel}","templated":true}]}}