{"id":132767,"date":"2026-01-09T07:59:08","date_gmt":"2026-01-09T07:59:08","guid":{"rendered":"https:\/\/www.europesays.com\/no\/132767\/"},"modified":"2026-01-09T07:59:08","modified_gmt":"2026-01-09T07:59:08","slug":"ellevill-prisvekst-i-2025-e24","status":"publish","type":"post","link":"https:\/\/www.europesays.com\/no\/132767\/","title":{"rendered":"Ellevill prisvekst i 2025 \u2013 E24"},"content":{"rendered":"<p class=\"fullWidthDesktop hyperion-css-71ztg2\" data-test-tag=\"lead-text\">Matvareprisene bidro til \u00e5 holde prisveksten oppe gjennom fjor\u00e5ret. Prisen p\u00e5 sjokolade \u00f8kte med 37 prosent . <\/p>\n<p><img decoding=\"async\" class=\"image-asset hyperion-css-u06ts1\" data-test-tag=\"image-asset\" src=\"https:\/\/www.europesays.com\/no\/wp-content\/uploads\/2026\/01\/7cd517ed-330d-4684-8869-d468cd4efbd5.jpeg\"  alt=\"Det var priseksplosjon p\u00e5 sjokolade i 2025. \"  loading=\"eager\" fetchpriority=\"high\" style=\"aspect-ratio:1900 \/ 1267\"\/>Det var priseksplosjon p\u00e5 sjokolade i 2025. Foto: Terje Pedersen \/ NTBPublisert: <\/p>\n<p>For mindre enn 30 minutter siden<\/p>\n<p>Oppdatert n\u00e5 nettopp<\/p>\n<ul class=\"hyperion-css-pte5x0\">\n<li aria-label=\"link\" class=\"narrow-button hyperion-css-1sz7d3n\">Kopier lenke<\/li>\n<li aria-label=\"link\" class=\"wide-button hyperion-css-1sz7d3n\">Kopier lenke<\/li>\n<li aria-label=\"facebook\" class=\"narrow-button hyperion-css-1sz7d3n\">Del p\u00e5 Facebook<\/li>\n<li aria-label=\"facebook\" class=\"wide-button hyperion-css-1sz7d3n\">Del p\u00e5 Facebook<\/li>\n<li aria-label=\"email\" class=\"narrow-button hyperion-css-1sz7d3n\">Del med e-post<\/li>\n<li aria-label=\"email\" class=\"wide-button hyperion-css-1sz7d3n\">Del med e-post<\/li>\n<\/ul>\n<p class=\"hyperion-css-1lemvax\">Saken oppdateres&#8230;<\/p>\n<p class=\"hyperion-css-1lemvax\">Matvareprisene var 5,2 prosent h\u00f8yere i desember 2025 enn samme m\u00e5ned \u00e5ret f\u00f8r, viser ferske tall fra Statistisk sentralbyr\u00e5 (SSB).<\/p>\n<p class=\"hyperion-css-1lemvax\">Fra november til desember falt prisene p\u00e5 mat og alkoholfri drikke med 1,7 prosent. <\/p>\n<p class=\"hyperion-css-1lemvax\">\u2013 Vi er vant til \u00e5 se at matvareprisene faller fra november til desember som f\u00f8lge av diverse tilbud og kampanjer p\u00e5 julevarer. Dette s\u00e5 vi i \u00e5r ogs\u00e5. Vi s\u00e5 imidlertid at prisene falt mindre i 2025 enn \u00e5ret f\u00f8r, sier  Espen Kristiansen, seksjonssjef i Statistisk sentralbyr\u00e5.<\/p>\n<p><a data-test-tag=\"teaser-small:link-internal\" href=\"https:\/\/e24.no\/boers-og-finans\/i\/0pnP0B\/robert-naess-ville-styrt-unna-globale-indeksfond\" class=\"imagePosition-top inline hyperion-css-6238vu\" rel=\"nofollow noopener\" target=\"\" aria-label=\"Robert N\u00e6ss: Disse fondene ville jeg styrt unna\"><\/p>\n<p>Les p\u00e5 E24+<\/p>\n<p>Robert N\u00e6ss: Disse fondene ville jeg styrt unna<\/p>\n<p><\/a>Tosifret prisvekst p\u00e5 flere matvarer<\/p>\n<p class=\"hyperion-css-1lemvax\">S\u00e6rlig prisen p\u00e5 kokesjokolade fikk det til \u00e5 svi i norske lommeb\u00f8ker i 2025. <\/p>\n<p class=\"hyperion-css-1lemvax\">Den steg hele 37,2 prosent, etterfulgt av kakao og sjokoladepulver (26,7 prosent opp) og kaffe (steg 23,1 prosent): <\/p>\n<p class=\"hyperion-css-1lemvax\">Andre varer som fisk, friske b\u00e6r og gr\u00f8nnsaker, samt n\u00f8tter har ogs\u00e5 hatt en tydelig prisoppgang i 2025. <\/p>\n<p class=\"hyperion-css-1lemvax\">For 2026 er det forventninger om at inflasjonen p\u00e5 matvarer skal falle. Det er imidlertid b\u00e5de v\u00e6r- og kronekurs-avhengig, forklarte eksperter <a data-test-tag=\"internal-link\" href=\"https:\/\/e24.no\/norsk-oekonomi\/i\/RjRAoA\/matprisene-ser-prisfall-paa-flere-store-varegrupper\" class=\"hyperion-css-1rezu2g\" rel=\"nofollow noopener\" target=\"\" aria-label=\"til E24 i g\u00e5r\">til E24 i g\u00e5r<\/a>. <\/p>\n<p class=\"hyperion-css-1lemvax\">Prisveksten p\u00e5 mat og alkoholfrie drikkevarer har gjennom 2025 gjennomg\u00e5ende v\u00e6rt h\u00f8yere enn b\u00e5de den generelle prisveksten og kjerneinflasjonen. <\/p>\n<p class=\"hyperion-css-1lemvax\">Den bidrar, sammen med prisveksten p\u00e5 tjenester og husleie, til \u00e5 holde inflasjonen oppe, skrev Norges Bank i fjor\u00e5rets siste pengepolitiske rapport.<\/p>\n<p>H\u00f8yere prisvekst enn forventet<\/p>\n<p class=\"hyperion-css-1lemvax\">Samlet var inflasjonen i desember  p\u00e5 3,2 prosent. Dette er h\u00f8yere enn forventet. Det er prisene p\u00e5 mat, transport og energi som trakk prisveksten opp.<\/p>\n<p class=\"hyperion-css-1lemvax\">P\u00e5 forh\u00e5nd var det ventet at den totale prisveksten skulle dempe seg til 2,9 prosent, fra 3 prosent i november.<\/p>\n","protected":false},"excerpt":{"rendered":"Matvareprisene bidro til \u00e5 holde prisveksten oppe gjennom fjor\u00e5ret. Prisen p\u00e5 sjokolade \u00f8kte med 37 prosent . Det&hellip;\n","protected":false},"author":2,"featured_media":132768,"comment_status":"","ping_status":"","sticky":false,"template":"","format":"standard","meta":{"footnotes":""},"categories":[5],"tags":[20,21,24,25,15,19,22,23,17,18,13,30,28,29,14,16,26,27],"class_list":{"0":"post-132767","1":"post","2":"type-post","3":"status-publish","4":"format-standard","5":"has-post-thumbnail","7":"category-overskrifter","8":"tag-breaking-news","9":"tag-breakingnews","10":"tag-featured-news","11":"tag-featurednews","12":"tag-headlines","13":"tag-hovedoppslag","14":"tag-latest-news","15":"tag-latestnews","16":"tag-main-news","17":"tag-mainnews","18":"tag-news","19":"tag-no","20":"tag-norge","21":"tag-norway","22":"tag-nyheter","23":"tag-overskrifter","24":"tag-top-stories","25":"tag-topstories"},"share_on_mastodon":{"url":"https:\/\/pubeurope.com\/@no\/115864087039157320","error":""},"_links":{"self":[{"href":"https:\/\/www.europesays.com\/no\/wp-json\/wp\/v2\/posts\/132767","targetHints":{"allow":["GET"]}}],"collection":[{"href":"https:\/\/www.europesays.com\/no\/wp-json\/wp\/v2\/posts"}],"about":[{"href":"https:\/\/www.europesays.com\/no\/wp-json\/wp\/v2\/types\/post"}],"author":[{"embeddable":true,"href":"https:\/\/www.europesays.com\/no\/wp-json\/wp\/v2\/users\/2"}],"replies":[{"embeddable":true,"href":"https:\/\/www.europesays.com\/no\/wp-json\/wp\/v2\/comments?post=132767"}],"version-history":[{"count":0,"href":"https:\/\/www.europesays.com\/no\/wp-json\/wp\/v2\/posts\/132767\/revisions"}],"wp:featuredmedia":[{"embeddable":true,"href":"https:\/\/www.europesays.com\/no\/wp-json\/wp\/v2\/media\/132768"}],"wp:attachment":[{"href":"https:\/\/www.europesays.com\/no\/wp-json\/wp\/v2\/media?parent=132767"}],"wp:term":[{"taxonomy":"category","embeddable":true,"href":"https:\/\/www.europesays.com\/no\/wp-json\/wp\/v2\/categories?post=132767"},{"taxonomy":"post_tag","embeddable":true,"href":"https:\/\/www.europesays.com\/no\/wp-json\/wp\/v2\/tags?post=132767"}],"curies":[{"name":"wp","href":"https:\/\/api.w.org\/{rel}","templated":true}]}}