{"id":132770,"date":"2026-01-09T08:06:07","date_gmt":"2026-01-09T08:06:07","guid":{"rendered":"https:\/\/www.europesays.com\/no\/132770\/"},"modified":"2026-01-09T08:06:07","modified_gmt":"2026-01-09T08:06:07","slug":"ks-frykter-for-darligere-beredskap-nrk-norge-oversikt-over-nyheter-fra-ulike-deler-av-landet","status":"publish","type":"post","link":"https:\/\/www.europesays.com\/no\/132770\/","title":{"rendered":"KS frykter for d\u00e5rligere beredskap \u2013 NRK Norge \u2013 Oversikt over nyheter fra ulike deler av landet"},"content":{"rendered":"<p>Iver Stab\u00e6k kj\u00f8rer post i R\u00f8yken og Hurum i Akershus, og han kan ganske mange adresser utenat.<\/p>\n<p>\u2013 Jeg har vel rundt 5000 husstander p\u00e5 ruta, ganget opp i folk blir det godt og vel 15.000 mennesker, sier han mens han svinger postbilen ut p\u00e5 veien.<\/p>\n<p><img decoding=\"async\"   src=\"data:image\/gif;base64,R0lGODlhAQABAIAAAAAAAP\/\/\/yH5BAEAAAAALAAAAAABAAEAAAIBRAA7\" loading=\"eager\" alt=\"En postbud st\u00e5r ved siden av en r\u00f8d varebil i sn\u00f8en, med en pakke i h\u00e5nden. Varebilen er merket med &quot;Posten&quot; og har sn\u00f8 p\u00e5 taket. I bakgrunnen ses en sn\u00f8dekt vei og en parkert kj\u00f8ret\u00f8y. Dagen er lys med noe overskyet v\u00e6r. (Bildebeskrivelsen er laget av en KI-tjeneste)\" title=\"Foto: Terje Haugnes \/ NRK\"\/><\/p>\n<p class=\"\">MYE KUNNSKAP: Som postbud vet Iver Stab\u00e6k hvor ganske mange bor. <\/p>\n<p>Foto: Terje Haugnes \/ NRK<\/p>\n<p>I dag f\u00e5r vi brev og pakker levert i postkassa annenhver dag.<\/p>\n<p><strong>N\u00e5 foresl\u00e5r regjeringa i forslag til <a href=\"https:\/\/www.regjeringen.no\/contentassets\/ccdb7f1569a94c3b82167e7c44e58a1c\/horingsnotat-.pdf\" ec-id=\"https:\/\/www.regjeringen.no\/contentassets\/ccdb7f1569a94c3b82167e7c44e58a1c\/horingsnotat-.pdf\" ec-name=\"ny postlov\" rel=\"nofollow noopener\" target=\"_blank\">ny postlov<\/a> \u00e5 kutte til levering \u00e9n dag i uka. Enkel hoderegning sier at det kommer til \u00e5 bli behov for f\u00e6rre postbud.<\/strong><\/p>\n<p>Frykter for beredskapen<\/p>\n<p><strong>Omlegging av posten er uunng\u00e5elig. Vi sender f\u00e6rre brev og har blitt mer digitale.<\/strong><\/p>\n<p>Styreleder i kommunesektorens organisasjon KS, Gunn Marit Helgesen, ser at det er fornuftig \u00e5 ha postlevering \u00e9n dag i uka, men hun mener postbudene m\u00e5 f\u00e5 andre oppgaver.<\/p>\n<p><img decoding=\"async\"   src=\"data:image\/gif;base64,R0lGODlhAQABAIAAAAAAAP\/\/\/yH5BAEAAAAALAAAAAABAAEAAAIBRAA7\" loading=\"eager\" alt=\"en kvinne som st\u00e5r i et rom\" title=\"Foto: William Jobling \/ NRK\"\/><\/p>\n<p class=\"\">POSTEN SOM BEREDSKAP: Styreleder i KS Gunn Marit Helgesen mener vi m\u00e5 tenke p\u00e5 Posten som en viktig del av sivil beredskap. <\/p>\n<p>Foto: William Jobling \/ NRK<\/p>\n<p>\u2013 Posten har en landsdekkende infrastruktur. De har en enorm kompetanse om hvor alle innbyggere i dette landet bor. S\u00e5 i en krig eller krise vil Posten og den kompetansen v\u00e6re helt avgj\u00f8rende for \u00e5 kunne gi viktig informasjon til innbyggerne, men ogs\u00e5 eventuelt levere ut medisiner og varer.<\/p>\n<p><strong>Hvis regjeringa kutter i leveringstilbudet uten \u00e5 gi postbudene nye oppgaver tror hun vi vil miste mange postbud \u2013 og dermed kunnskap som er viktig i krisetid.<\/strong><\/p>\n<p>\u2013 Det vi reagerer p\u00e5 er at man n\u00e5 skal skalere ned. Man skal ha levering \u00e9n dag i uka. Det er greit, med da m\u00e5 man innf\u00f8re P\u00e5 d\u00f8rterskelen (se faktaboks) som et nasjonalt prosjekt, sier hun til NRK.<\/p>\n<p>P\u00e5 d\u00f8rterskelen<\/p>\n<ul>\n<li>KS og Posten samarbeider om pilotprosjektet<\/li>\n<li>Ni kommuner har deltatt: Balsfjord, Hitra, Tinn, \u00d8rsta, B\u00f8mlo, Evje og Hornes, Ringsaker, Asker og bydel Stovner i Oslo kommune.<\/li>\n<li>Essensen i tjenesten er at postbudene ukentlig ringer p\u00e5 d\u00f8ren til alle over 75 \u00e5r og leverer post samt et ukentlig informasjonsskriv fra kommunen.<\/li>\n<li>M\u00e5let med tjenesten er at flere eldre kan bo lengre hjemme, redusere ensomhet og digitalt utenforskap og \u00f8ke lokalt engasjement.<\/li>\n<li>Bakgrunnen for prosjektet har v\u00e6rt \u00e5 bruke Postens allerede godt etablerte distribusjonsnett og tillit til \u00e5 styrke informasjon til og dialogen med innbyggerne.<\/li>\n<\/ul>\n<p>Kilde: Evaluering av P\u00e5 d\u00f8rterskelen, Ramb\u00f8ll<\/p>\n<p>Positive erfaringer<\/p>\n<p>Iver Stab\u00e6k i R\u00f8yken er med i prosjektet P\u00e5 d\u00f8rterskelen i Asker kommune. Han bes\u00f8ker folk over 75 \u00e5r, leverer ut post og et skriv om hva som skjer i kommunen den neste uka.<\/p>\n<p><strong>\u2013 For mange av dem jeg er hos, er jeg kanskje den eneste de har bes\u00f8k av den uka. De gleder seg til at jeg kommer og jeg tror det er viktig for dem at jeg ikke st\u00e5r med stoppeklokka, at jeg har d\u00e5rlig tid, sier Stab\u00e6k.<\/strong><\/p>\n<p><img decoding=\"async\"   src=\"data:image\/gif;base64,R0lGODlhAQABAIAAAAAAAP\/\/\/yH5BAEAAAAALAAAAAABAAEAAAIBRAA7\" loading=\"eager\" alt=\"En person st\u00e5r i bakd\u00f8ren til en varebil og l\u00f8fter en lang pappeske. I bilen er det flere kartonger stablet opp\u00e5 hverandre. Omgivelsene inkluderer sn\u00f8dekte omr\u00e5der og en bygning i bakgrunnen med vinduer. Det er kaldt, og sn\u00f8en legger seg p\u00e5 bakken. (Bildebeskrivelsen er laget av en KI-tjeneste)\" title=\"Foto: Terje Haugnes \/ NRK\"\/><\/p>\n<p class=\"\">Iver Stab\u00e6k leverer ikke bare post, han gir ogs\u00e5 ut informasjon til eldre over 75 \u00e5r gjennom P\u00e5 d\u00f8rterskelen.<\/p>\n<p>Foto: Terje Haugnes \/ NRK<\/p>\n<p>KS skriver i sitt <a href=\"https:\/\/www.ks.no\/horingssvar\/horingssvar-om-forslag-til-ny-postlov\/\" ec-id=\"https:\/\/www.ks.no\/horingssvar\/horingssvar-om-forslag-til-ny-postlov\/\" ec-name=\"h\u00f8ringssvar til Postloven\" rel=\"nofollow noopener\" target=\"_blank\">h\u00f8ringssvar til Postloven<\/a> at P\u00e5 d\u00f8rterskelen b\u00f8r rulles ut i alle kommuner i Norge, finansiert av Samferdselsdepartementet.<\/p>\n<p>\u2013 Men er det l\u00f8nnsomt \u00e5 opprettholde et s\u00e5 stort distribusjonsnett?<\/p>\n<p>\u2013 Man oppn\u00e5r tilleggsverdier som er samfunns\u00f8konomiske. Det kan v\u00e6re eldre kan bo lengre hjemme og vite at det kommer noen p\u00e5 d\u00f8ren. Noen blir mer aktiv i n\u00e6rmilj\u00f8et. I tillegg motvirker man mange overfl\u00f8dige ansatte i Posten som alternativt m\u00e5tte over p\u00e5 Nav. S\u00e5 dette er samfunns\u00f8konomisk fornuftig, sier Helgesen.<\/p>\n<p>        B\u00f8r postbud drive med P\u00e5 d\u00f8rterskelen?<\/p>\n<p>        ja, da vil man ogs\u00e5 beholde kompetansen deres i krisetider<\/p>\n<p>        Nei, det er en oppgave for helsevesenet<\/p>\n<p>      Vis resultat<\/p>\n<p class=\"pin-nrkno-poll__disclaimer\">\n    Denne avstemningen viser ikke hva befolkningen mener om sp\u00f8rsm\u00e5let.<br \/>\n    Resultatet viser hva de som selv har valgt \u00e5 stemme mener,<br \/>\n    og avstemningen har ikke et utvalg som gj\u00f8r den representativ for alle som bor i landet.\n  <\/p>\n<p><strong>Det \u00e5 gj\u00f8re P\u00e5 d\u00f8rterskelen til en nasjonal ordning er estimert av Posten til \u00e5 koste rundt 500 millioner kroner i \u00e5ret. <\/strong><\/p>\n<p>P\u00e5 oppdrag fra KS har Ramb\u00f8ll gjort <a href=\"https:\/\/www.ks.no\/contentassets\/9c14b800e6844bebbd900b51b7d1e153\/Folgeevaluering-av-tjenesten-Pa-dorterskelen-om-a-skape-velferd-pa-nye-mater.pdf\" ec-id=\"https:\/\/www.ks.no\/contentassets\/9c14b800e6844bebbd900b51b7d1e153\/Folgeevaluering-av-tjenesten-Pa-dorterskelen-om-a-skape-velferd-pa-nye-mater.pdf\" ec-name=\"en evaluering av pilotprosjektet\" rel=\"nofollow noopener\" target=\"_blank\">en evaluering av pilotprosjektet<\/a>, som viser positive erfaringer fra de ni pilotkommunene.<\/p>\n<p>\u2013 Se til Ukraina<\/p>\n<p>I starten av desember skrev samfunns\u00f8konom i Civita Steinar Juel et innlegg i <a href=\"https:\/\/www.dn.no\/samfunn\/posten\/beredskap\/eldreomsorg\/ma-tenke-nytt-om-postbudene\/2-1-1912135\" ec-id=\"https:\/\/www.dn.no\/samfunn\/posten\/beredskap\/eldreomsorg\/ma-tenke-nytt-om-postbudene\/2-1-1912135\" ec-name=\"Dagens N\u00e6ringsliv\" rel=\"nofollow noopener\" target=\"_blank\">Dagens N\u00e6ringsliv<\/a> der han oppfordrer regjeringa til \u00e5 tenke nytt om postbudene. I likhet med KS er han opptatt av beredskapsperspektivet.<\/p>\n<p><img decoding=\"async\"   src=\"data:image\/gif;base64,R0lGODlhAQABAIAAAAAAAP\/\/\/yH5BAEAAAAALAAAAAABAAEAAAIBRAA7\" loading=\"eager\" alt=\"Steinar Juel, samfunns\u00f8konom i Civita. \" title=\"Foto: CF-WESENBERG\/kolonihaven.no \/ CF-WESENBERG\"\/><\/p>\n<p class=\"\">SE TIL UKRAINA: Samfunns\u00f8konom i Civita Steinar Juel mener Norge m\u00e5 l\u00e6re av hvilken rolle posten i Ukraina har hatt i sivil beredskap.<\/p>\n<p>Foto: CF-WESENBERG\/kolonihaven.no \/ CF-WESENBERG<\/p>\n<p>\u2013 Vi har dette nettverket med postbud, som kan v\u00e6re noe vi kan bruke i krisesituasjoner, som f.eks. hvis det er anslag, sabotasje, mot elektriske systemet, mot basestasjoner for mobiltelefoner og andre ting som gj\u00f8r at de digitale l\u00f8sningene v\u00e5re ikke lenger fungerer. Det kan v\u00e6re kriser som gj\u00f8r at det er behov for \u00e5 distribuere ting til folk. Det kan v\u00e6re penger, det kan v\u00e6re sedler og mynt, det kan v\u00e6re vann.<\/p>\n<p><strong>Han mener vi m\u00e5 se til Ukraina og l\u00e6re av hvor viktig posten er der.<\/strong><\/p>\n<p>\u2013 Jeg tror postnettet kan bety veldig mye i en krisesituasjon. Der kan vi l\u00e6re av hvordan dette er i Ukraina. Der omtaler myndighetene posten og jernbanen som blod\u00e5rene i sivilsamfunnet, sier han til NRK.<\/p>\n<p>\u2013 Ikke en oppgave for Posten<\/p>\n<p>I regjeringa sitt forslag til ny postlov har de landet p\u00e5 \u00e5 ikke gj\u00f8re ordninga P\u00e5 d\u00f8rterskelen nasjonal. Statssekret\u00e6r i Samferdselsdepartementet sier Cecilie Knibe Kroglund (Ap) forklarer hvorfor.<\/p>\n<p><img decoding=\"async\"   src=\"data:image\/gif;base64,R0lGODlhAQABAIAAAAAAAP\/\/\/yH5BAEAAAAALAAAAAABAAEAAAIBRAA7\" loading=\"eager\" alt=\"Cecilie Knibe Kroglund\" title=\"Foto: Sunniva Linjord \/ NRK\"\/><\/p>\n<p class=\"\">IKKE DEL AV POSTEN: Statssekret\u00e6r i samferdselsdepartementet Cecilie Knibe Kroglund mener P\u00e5 d\u00f8rterskelen ikke h\u00f8rer hjemme som en del av Posten.<\/p>\n<p>Foto: Sunniva Linjord \/ NRK<\/p>\n<p>\u2013 M\u00e5let med d\u00f8rterskeltjenesten er \u00e5 bidra til at flere eldre bor lenger hjemme, og til \u00e5 redusere ensomhet. Vi syns jo at dette er et spennende prosjekt, og det er fullt mulig for kommuner \u00e5 kj\u00f8pe en s\u00e5nn type tjeneste av eventuelt posten, men det er alts\u00e5 ikke en posttjeneste.<\/p>\n<p>Hun er ikke enig i at beredskapen blir d\u00e5rligere n\u00e5r regjeringa n\u00e5 foresl\u00e5r \u00e5 kutte levering fra annenhver dag til \u00e9n dag i uka.<\/p>\n<p><strong>\u2013 Selve postnettet som vi har i dag, det blir beholdt. Og det er selve muligheten til \u00e5 ha postnettet tilgjengelig som er viktig, og det blir jo da opprettholdt. S\u00e5 selve niv\u00e5et har ikke s\u00e5 stor betydning for beredskapsfunksjonen n\u00e5r vi f\u00f8rst eventuelt kommer i en krise.<\/strong><\/p>\n<p>Silotankegang<\/p>\n<p>Steinar Juel synes regjeringa tenker for snevert og driver med det han kaller silotankegang.<\/p>\n<p>\u2013 Norsk forvaltning er veldig preget av at hvert departement har sitt ansvarsomr\u00e5de. Og s\u00e5 tenker man lite p\u00e5 tvers. Det kalles silotankegang.<\/p>\n<p>Han skulle \u00f8nske forvaltninga tenkte p\u00e5 en annen m\u00e5te:<\/p>\n<p>\u2013 Man kan heller ta ansvar og si at her har vi en god id\u00e9, invit\u00e9r andre til \u00e5 vurdere dette i andre departementer og etater. Og s\u00e5 kan vi se om vi kan gj\u00f8re noe som er nyttig for samfunnet b\u00e5de i krisesituasjoner og i normalsituasjoner. Den type tanker er det dessverre lite av i Norge, sier Juel.<\/p>\n<p><img decoding=\"async\"   src=\"data:image\/gif;base64,R0lGODlhAQABAIAAAAAAAP\/\/\/yH5BAEAAAAALAAAAAABAAEAAAIBRAA7\" loading=\"eager\" alt=\"To personer st\u00e5r i et rom med gr\u00e5 vegger og hyller. Den f\u00f8rste personen, if\u00f8rt en gul vest med reflekser, overrekker en pakke til den andre, som er kledd i en r\u00f8d og gr\u00e5 jakke. Omgivelsene inkluderer tomme hyller og et skilt med teksten &quot;Parker MRK Rute 4&quot;. Handlingen viser en pakkelevering mellom to personer. (Bildebeskrivelsen er laget av en KI-tjeneste)\" title=\"Foto: Terje Haugnes \/ NRK\"\/><\/p>\n<p class=\"\">KAN ADRESSENE: Iver Stab\u00e6k har full oversikt over hvor folk p\u00e5 ruta bor. Her i samtale med leder Rune Lislelid. <\/p>\n<p>Foto: Terje Haugnes \/ NRK<\/p>\n<p>I R\u00f8yken leverer Iver Stab\u00e6k en av dagens siste pakker. Han kj\u00f8rer til en g\u00e5rd langt utp\u00e5 et jorde. Ingen er i hovedhuset, men han kjenner de som bor der og vet hvordan han skal f\u00e5 tak i dem.<\/p>\n<p>\u2013 Hvem andre sitter p\u00e5 den kunnskapen om hvor folk bor som du gj\u00f8r?<\/p>\n<p><strong>\u2013 Nei, det er vel ingen, det. Utenom postbudene, avslutter Iver Stab\u00f8k.<\/strong><\/p>\n<p>Publisert<\/p>\n<p>09.01.2026, kl. 08.15<\/p>\n","protected":false},"excerpt":{"rendered":"Iver Stab\u00e6k kj\u00f8rer post i R\u00f8yken og Hurum i Akershus, og han kan ganske mange adresser utenat. \u2013&hellip;\n","protected":false},"author":2,"featured_media":132771,"comment_status":"","ping_status":"","sticky":false,"template":"","format":"standard","meta":{"footnotes":""},"categories":[10],"tags":[20,21,24,25,15,22,23,13,30,28,29,14,16,26,27],"class_list":{"0":"post-132770","1":"post","2":"type-post","3":"status-publish","4":"format-standard","5":"has-post-thumbnail","7":"category-norge","8":"tag-breaking-news","9":"tag-breakingnews","10":"tag-featured-news","11":"tag-featurednews","12":"tag-headlines","13":"tag-latest-news","14":"tag-latestnews","15":"tag-news","16":"tag-no","17":"tag-norge","18":"tag-norway","19":"tag-nyheter","20":"tag-overskrifter","21":"tag-top-stories","22":"tag-topstories"},"share_on_mastodon":{"url":"https:\/\/pubeurope.com\/@no\/115864114474103649","error":""},"_links":{"self":[{"href":"https:\/\/www.europesays.com\/no\/wp-json\/wp\/v2\/posts\/132770","targetHints":{"allow":["GET"]}}],"collection":[{"href":"https:\/\/www.europesays.com\/no\/wp-json\/wp\/v2\/posts"}],"about":[{"href":"https:\/\/www.europesays.com\/no\/wp-json\/wp\/v2\/types\/post"}],"author":[{"embeddable":true,"href":"https:\/\/www.europesays.com\/no\/wp-json\/wp\/v2\/users\/2"}],"replies":[{"embeddable":true,"href":"https:\/\/www.europesays.com\/no\/wp-json\/wp\/v2\/comments?post=132770"}],"version-history":[{"count":0,"href":"https:\/\/www.europesays.com\/no\/wp-json\/wp\/v2\/posts\/132770\/revisions"}],"wp:featuredmedia":[{"embeddable":true,"href":"https:\/\/www.europesays.com\/no\/wp-json\/wp\/v2\/media\/132771"}],"wp:attachment":[{"href":"https:\/\/www.europesays.com\/no\/wp-json\/wp\/v2\/media?parent=132770"}],"wp:term":[{"taxonomy":"category","embeddable":true,"href":"https:\/\/www.europesays.com\/no\/wp-json\/wp\/v2\/categories?post=132770"},{"taxonomy":"post_tag","embeddable":true,"href":"https:\/\/www.europesays.com\/no\/wp-json\/wp\/v2\/tags?post=132770"}],"curies":[{"name":"wp","href":"https:\/\/api.w.org\/{rel}","templated":true}]}}