{"id":132774,"date":"2026-01-09T08:14:07","date_gmt":"2026-01-09T08:14:07","guid":{"rendered":"https:\/\/www.europesays.com\/no\/132774\/"},"modified":"2026-01-09T08:14:07","modified_gmt":"2026-01-09T08:14:07","slug":"iselin-guttormsen-catalin-mihu-beklager-etter-bryllupsbildene","status":"publish","type":"post","link":"https:\/\/www.europesays.com\/no\/132774\/","title":{"rendered":"Iselin Guttormsen, Catalin Mihu | Beklager etter \u00abbryllupsbildene\u00bb"},"content":{"rendered":"\n<p>Torsdag delte Iselin Guttormsen (39) det som s\u00e5 ut til \u00e5 v\u00e6re <a href=\"https:\/\/www.nettavisen.no\/kjendis\/gratulasjonene-renner-inn-til-iselin-guttormsen-og-catalin-mihu\/s\/5-95-2813904\" rel=\"Follow nofollow noopener\" target=\"_blank\">bryllupsbilder med kj\u00e6resten Catalin Mihu (31).<\/a><\/p>\n<p>P\u00e5 bildet kysser hun og Mihu bak et sl\u00f8r. Fotografen som er kreditert er en bryllupsfotograf.<\/p>\n<p>Innlegget vakte oppsikt, ettersom det ikke har v\u00e6rt kjent at paret var forlovet.<\/p>\n<p><b>Les ogs\u00e5: <a href=\"https:\/\/www.nettavisen.no\/kjendisenes-nyttarsforsetter-lover-a-ikke-vare-utro-i-2026\/s\/5-95-2801615\" rel=\"nofollow noopener\" target=\"_blank\">\u2013 Lover \u00e5 ikke v\u00e6re utro i 2026<\/a><\/b><\/p>\n<p>N\u00e5 g\u00e5r Guttormsen ut og beklager bildet.<\/p>\n<p>\u2013 Unnskyld alts\u00e5<\/p>\n<p>Guttormsen forklarer at bildene var tatt i forbindelse med et reklameoppdrag for en venninne.<\/p>\n<p>\u00abReklame reklame reklame. Herregud folkens, unnskyld alts\u00e5. Tro meg, dere hadde f\u00e5tt vite det dersom Catalin hadde satt seg ned p\u00e5 kne og fridd\u00bb, skriver hun og fortsetter:<\/p>\n<p>\u00abBildet fra i g\u00e5r er fra en fotoshoot jeg har hatt sammen med min venninne og makeupartist\u00bb<\/p>\n<p>Innlegget fra i g\u00e5r er imidlertid ikke merket som reklame.<\/p>\n<p>Iselin Guttormsen har forel\u00f8pig ikke besvart Nettavisens henvendelse i forbindelse med denne saken. <\/p>\n<p>Gratulasjonene rant inn<\/p>\n<p>Under innlegget rant det inn med gratulasjoner.<\/p>\n<p>\u00abWow! For et bilde! Gratulerer\u00bb, skriver en.<\/p>\n<p>\u00abVa det brudekjolen din!? He dokke gifta dokke? gratulere i allefall om s\u00e5!!\u00bb skriver en annen.<\/p>\n<p><b>Les ogs\u00e5: <a href=\"https:\/\/www.nettavisen.no\/kjendis\/david-eriksen-brudd-med-iselin-guttormsen-skjedd-veldig-mye\/s\/5-95-2787784\" rel=\"Follow nofollow noopener\" target=\"_blank\">Bryter med hverandre: \u2013 Skjedd veldig mye<\/a><\/b><\/p>\n<p>Ogs\u00e5 kjendisfris\u00f8r Harlem Alexander (39) gratulerte paret:<\/p>\n<p>\u00abN\u00e6mmen. Gratulerer s\u00e5 mye\u00bb. <\/p>\n<p>Iselin Guttormsen og Catalin Mihu fant kj\u00e6rligheten etter at de var hverandres partnere i \u00abSkal vi danse\u00bb i 2022.<\/p>\n","protected":false},"excerpt":{"rendered":"Torsdag delte Iselin Guttormsen (39) det som s\u00e5 ut til \u00e5 v\u00e6re bryllupsbilder med kj\u00e6resten Catalin Mihu (31).&hellip;\n","protected":false},"author":2,"featured_media":132775,"comment_status":"","ping_status":"","sticky":false,"template":"","format":"standard","meta":{"footnotes":""},"categories":[10],"tags":[20,21,24,25,15,22,23,13,30,28,29,14,16,26,27],"class_list":{"0":"post-132774","1":"post","2":"type-post","3":"status-publish","4":"format-standard","5":"has-post-thumbnail","7":"category-norge","8":"tag-breaking-news","9":"tag-breakingnews","10":"tag-featured-news","11":"tag-featurednews","12":"tag-headlines","13":"tag-latest-news","14":"tag-latestnews","15":"tag-news","16":"tag-no","17":"tag-norge","18":"tag-norway","19":"tag-nyheter","20":"tag-overskrifter","21":"tag-top-stories","22":"tag-topstories"},"share_on_mastodon":{"url":"https:\/\/pubeurope.com\/@no\/115864145934249050","error":""},"_links":{"self":[{"href":"https:\/\/www.europesays.com\/no\/wp-json\/wp\/v2\/posts\/132774","targetHints":{"allow":["GET"]}}],"collection":[{"href":"https:\/\/www.europesays.com\/no\/wp-json\/wp\/v2\/posts"}],"about":[{"href":"https:\/\/www.europesays.com\/no\/wp-json\/wp\/v2\/types\/post"}],"author":[{"embeddable":true,"href":"https:\/\/www.europesays.com\/no\/wp-json\/wp\/v2\/users\/2"}],"replies":[{"embeddable":true,"href":"https:\/\/www.europesays.com\/no\/wp-json\/wp\/v2\/comments?post=132774"}],"version-history":[{"count":0,"href":"https:\/\/www.europesays.com\/no\/wp-json\/wp\/v2\/posts\/132774\/revisions"}],"wp:featuredmedia":[{"embeddable":true,"href":"https:\/\/www.europesays.com\/no\/wp-json\/wp\/v2\/media\/132775"}],"wp:attachment":[{"href":"https:\/\/www.europesays.com\/no\/wp-json\/wp\/v2\/media?parent=132774"}],"wp:term":[{"taxonomy":"category","embeddable":true,"href":"https:\/\/www.europesays.com\/no\/wp-json\/wp\/v2\/categories?post=132774"},{"taxonomy":"post_tag","embeddable":true,"href":"https:\/\/www.europesays.com\/no\/wp-json\/wp\/v2\/tags?post=132774"}],"curies":[{"name":"wp","href":"https:\/\/api.w.org\/{rel}","templated":true}]}}