{"id":132776,"date":"2026-01-09T08:23:21","date_gmt":"2026-01-09T08:23:21","guid":{"rendered":"https:\/\/www.europesays.com\/no\/132776\/"},"modified":"2026-01-09T08:23:21","modified_gmt":"2026-01-09T08:23:21","slug":"brann-pa-vaksdal-fem-personer-reddet-seg-ut","status":"publish","type":"post","link":"https:\/\/www.europesays.com\/no\/132776\/","title":{"rendered":"Brann p\u00e5 Vaksdal. Fem personer reddet seg ut."},"content":{"rendered":"<p class=\"extendedContent hyperion-css-p6op2h\" data-test-tag=\"lead-text\">Politiet meldte om mye r\u00f8yk og ba folk i n\u00e6rheten holde vinduer lukket.<\/p>\n<p><a title=\"Hanna Torsdotter Husab\u00f8\" aria-label=\"Hanna Torsdotter Husab\u00f8\" href=\"http:\/\/www.bt.no\/av\/hanna-torsdotter-husaboe-2\" rel=\"nofollow noopener\" target=\"_blank\"><img decoding=\"async\" class=\"image-asset hyperion-css-u06ts1\" data-test-tag=\"image-asset\" src=\"https:\/\/www.europesays.com\/no\/wp-content\/uploads\/2026\/01\/de6188d5-18a0-4190-85a1-f48657600e46.png\"  alt=\"Hanna Torsdotter Husab\u00f8\"  fetchpriority=\"auto\" style=\"aspect-ratio:1900 \/ 1900\"\/><\/a><a title=\"Martin Larsen Hirth\" aria-label=\"Martin Larsen Hirth\" href=\"http:\/\/www.bt.no\/av\/martin-larsen-hirth-2\" rel=\"nofollow noopener\" target=\"_blank\"><img decoding=\"async\" class=\"image-asset hyperion-css-u06ts1\" data-test-tag=\"image-asset\" src=\"https:\/\/www.europesays.com\/no\/wp-content\/uploads\/2026\/01\/1767947001_31_09902ef7-0225-4e56-83b3-f45000d85dcb.png\"  alt=\"Martin Larsen Hirth\"  fetchpriority=\"auto\" style=\"aspect-ratio:1900 \/ 1900\"\/><\/a><\/p>\n<ul class=\"hyperion-css-w8vnca\">\n<li aria-label=\"link\" class=\"narrow-button hyperion-css-1sz7d3n\">bt-linkKopier lenke<\/li>\n<li aria-label=\"link\" class=\"wide-button hyperion-css-1sz7d3n\">bt-linkKopier lenke<\/li>\n<\/ul>\n<p>Publisert: Publisert: <\/p>\n<p>I dag 01:26<\/p>\n<p class=\"hyperion-css-zwo8lj\">Klokken 01.16 natt til fredag meldte politiet om brann i et hus p\u00e5 Vaksdal.<\/p>\n<p class=\"hyperion-css-zwo8lj\">If\u00f8lge operasjonsleder Dan Erik Johannessen skulle det v\u00e6re fem personer i huset, som hadde kommet seg ut. <\/p>\n<p>Full fyr<\/p>\n<p class=\"hyperion-css-zwo8lj\">Brannvesenet sendte ressurser fra Vaksdal, Dale, Oster\u00f8y og Bergen, opplyste vaktleder Jostein Steinsland-Hauge i 110-sentralen.<\/p>\n<p class=\"hyperion-css-zwo8lj\">Klokken 01.42 meldte brannvesenet at de var fremme p\u00e5 stedet og hadde startet slukking.<\/p>\n<p class=\"hyperion-css-zwo8lj\">\u2013 Det er flammer over taket og god fyr. Vi jobber b\u00e5de innvendig og utvendig n\u00e5, sa Steinsland-Hauge til BT.<\/p>\n<p class=\"hyperion-css-zwo8lj\">Det var beboerne selv som kontaktet brannvesenet, sa vaktlederen.<\/p>\n<p class=\"hyperion-css-zwo8lj\">\u2013 Vi var i kontakt med de p\u00e5 telefon til de var kommet seg i trygghet i bilen, sier han.<\/p>\n<p class=\"hyperion-css-zwo8lj\">If\u00f8lge ham fremsto ingen av de fem som skadet.<\/p>\n<p class=\"hyperion-css-zwo8lj\">Like f\u00f8r klokken 02 skrev operasjonsleder Dan Erik Johannessen i politiet at det forel\u00f8pig ikke var fare for spredning til annen bebyggelse.<\/p>\n<p class=\"hyperion-css-zwo8lj\">\u2013 Mye r\u00f8yk. Beboere i omr\u00e5det bes lukke vinduer og d\u00f8rer, skrev han videre.<\/p>\n<p>Kulden skaper utfordringer<\/p>\n<p class=\"hyperion-css-zwo8lj\">If\u00f8lge vaktleder Steinsland-Hauge i brannvesenet gjorde kulden slukkearbeidet ekstra utfordrende. De sendte tre tankbiler med vann til stedet.<\/p>\n<p class=\"hyperion-css-zwo8lj\">\u2013 N\u00e5r det er kaldt, er det d\u00e5rlig med vannuttak, sa han.<\/p>\n<p class=\"hyperion-css-zwo8lj\">\u2013 Enn s\u00e5 lenge har vi greit med vann.<\/p>\n<p class=\"hyperion-css-zwo8lj\">Like etter klokken 02 meldte brannvesenet at det ikke lenger var synlige flammer.<\/p>\n<p>Startet p\u00e5 loft<\/p>\n<p class=\"hyperion-css-zwo8lj\">Politiet meldte avslutningsvis kl. 03.27 at brannen hadde startet i et kryploft i huset. <\/p>\n<p class=\"hyperion-css-zwo8lj\">\u2013 Brannen var begrenset til loft og tak, opplyste operasjonsleder Dan Erik Johannessen. <\/p>\n<p class=\"hyperion-css-zwo8lj\">Politiet opprettet sak. <\/p>\n<p>Publisert: <\/p>\n<p>Publisert: 9. januar 2026 01:26<\/p>\n<p>Oppdatert: 9. januar 2026 07:38<\/p>\n","protected":false},"excerpt":{"rendered":"Politiet meldte om mye r\u00f8yk og ba folk i n\u00e6rheten holde vinduer lukket. bt-linkKopier lenke bt-linkKopier lenke Publisert:&hellip;\n","protected":false},"author":2,"featured_media":132777,"comment_status":"","ping_status":"","sticky":false,"template":"","format":"standard","meta":{"footnotes":""},"categories":[10],"tags":[20,21,24,25,15,22,23,13,30,28,29,14,16,26,27],"class_list":{"0":"post-132776","1":"post","2":"type-post","3":"status-publish","4":"format-standard","5":"has-post-thumbnail","7":"category-norge","8":"tag-breaking-news","9":"tag-breakingnews","10":"tag-featured-news","11":"tag-featurednews","12":"tag-headlines","13":"tag-latest-news","14":"tag-latestnews","15":"tag-news","16":"tag-no","17":"tag-norge","18":"tag-norway","19":"tag-nyheter","20":"tag-overskrifter","21":"tag-top-stories","22":"tag-topstories"},"share_on_mastodon":{"url":"https:\/\/pubeurope.com\/@no\/115864181356697529","error":""},"_links":{"self":[{"href":"https:\/\/www.europesays.com\/no\/wp-json\/wp\/v2\/posts\/132776","targetHints":{"allow":["GET"]}}],"collection":[{"href":"https:\/\/www.europesays.com\/no\/wp-json\/wp\/v2\/posts"}],"about":[{"href":"https:\/\/www.europesays.com\/no\/wp-json\/wp\/v2\/types\/post"}],"author":[{"embeddable":true,"href":"https:\/\/www.europesays.com\/no\/wp-json\/wp\/v2\/users\/2"}],"replies":[{"embeddable":true,"href":"https:\/\/www.europesays.com\/no\/wp-json\/wp\/v2\/comments?post=132776"}],"version-history":[{"count":0,"href":"https:\/\/www.europesays.com\/no\/wp-json\/wp\/v2\/posts\/132776\/revisions"}],"wp:featuredmedia":[{"embeddable":true,"href":"https:\/\/www.europesays.com\/no\/wp-json\/wp\/v2\/media\/132777"}],"wp:attachment":[{"href":"https:\/\/www.europesays.com\/no\/wp-json\/wp\/v2\/media?parent=132776"}],"wp:term":[{"taxonomy":"category","embeddable":true,"href":"https:\/\/www.europesays.com\/no\/wp-json\/wp\/v2\/categories?post=132776"},{"taxonomy":"post_tag","embeddable":true,"href":"https:\/\/www.europesays.com\/no\/wp-json\/wp\/v2\/tags?post=132776"}],"curies":[{"name":"wp","href":"https:\/\/api.w.org\/{rel}","templated":true}]}}