{"id":132780,"date":"2026-01-09T08:30:46","date_gmt":"2026-01-09T08:30:46","guid":{"rendered":"https:\/\/www.europesays.com\/no\/132780\/"},"modified":"2026-01-09T08:30:46","modified_gmt":"2026-01-09T08:30:46","slug":"dette-er-de-nye-deltakerne-i-team-polsa","status":"publish","type":"post","link":"https:\/\/www.europesays.com\/no\/132780\/","title":{"rendered":"Dette er de nye deltakerne i \u00abTeam P\u00f8lsa\u00bb"},"content":{"rendered":"<p>Den andre sesongen av \u00abTeam P\u00f8lsa\u00bb p\u00e5 NRK har premiere 27. februar, og \u00e5rets deltakere er klare for \u00e5 takle enda t\u00f8ffere utfordringer enn i f\u00f8rste sesong.\u00a0<\/p>\n<p> Teamleder \u00d8ystein Pettersen tar med seg en ny gruppe ungdommer, som blant annet skal l\u00e6re seg skiskyting i Holmenkollen, i tillegg til \u00e5 gjennomf\u00f8re et krevende skirenn.<\/p>\n<p> \u2013 I skiskyting skal man ikke bare mestre det \u00e5 g\u00e5 p\u00e5 ski, men ogs\u00e5 takle nerver og pust for \u00e5 treffe den pittelille blinken langt der borte. Det er en stor og ny utfordring som blir ekstra spennende b\u00e5de for deltakerne og for publikum, sier Randi Helland, redaksjonssjef for Fakta i NRK i en pressemelding.\u00a0<\/p>\n<p>        <img class=\"image__img lazyload\" itemprop=\"image\" title=\"Foto: Erlend L\u00e5nke Solbu \/ NRK\" alt=\"SKISKYTING: \u00c5rets deltakere skal ikke bare g\u00e5 p\u00e5 ski, men ogs\u00e5 l\u00e6re seg skiskyting. Foto: Erlend L\u00e5nke Solbu \/ NRK\" width=\"978\" height=\"551\" bad-src=\"https:\/\/www.europesays.com\/no\/wp-content\/uploads\/2026\/01\/18446827.webp.jpeg\" fetchpriority=\"auto\" \/><\/p>\n<p>      SKISKYTING: \u00c5rets deltakere skal ikke bare g\u00e5 p\u00e5 ski, men ogs\u00e5 l\u00e6re seg skiskyting.<br \/>\n         Foto: Erlend L\u00e5nke Solbu \/ NRK<\/p>\n<p>Endrer fokus<\/p>\n<p>Videre skriver NRK i pressemeldingen at det vil bli mer fokus p\u00e5 det mentale i denne sesongen.\u00a0<\/p>\n<p> \u2013 Seerne kan forvente massevis av heltemot, motstand, jobbing, vonde erfaringer, sterke f\u00f8lelser, gode opplevelser og seks herlige ungdommer som er modigere enn de aller fleste, sier Pettersen selv.<\/p>\n<p>\u2013 Forh\u00e5pentligvis vil de se en serie som treffer p\u00e5 et menneskelig plan \u2013 og som vil gj\u00f8re b\u00e5de litt vondt og masse godt, legger han til.\u00a0<\/p>\n<p>Dette er \u00e5rets deltakere<\/p>\n<p> Benjamin Midtb\u00f8 H\u00f8ydal (11)<\/p>\n<p> Funksjonsnedsettelse:\u00a0Dysmeli <\/p>\n<p> Bosted:\u00a0Rutledal <\/p>\n<p>        <img class=\"image__img lazyload\" itemprop=\"image\" title=\"Foto: Erlend L\u00e5nke Solbu \/ NRK\" alt=\" Foto: Erlend L\u00e5nke Solbu \/ NRK\" width=\"978\" height=\"551\" bad-src=\"https:\/\/www.europesays.com\/no\/wp-content\/uploads\/2026\/01\/18446800.webp.jpeg\" fetchpriority=\"auto\" \/><\/p>\n<p>         Foto: Erlend L\u00e5nke Solbu \/ NRK<\/p>\n<p class=\"bold m-bold\" data-lab-font_weight=\"bold\"> Eleah Tysdal (13)<\/p>\n<p data-lab-font_weight=\"\"> Funksjonsnedsettelse:\u00a0ADHD og utviklingshemming <\/p>\n<p data-lab-font_weight=\"\"> Bosted:\u00a0Stj\u00f8rdal <\/p>\n<p>        <img class=\"image__img lazyload\" itemprop=\"image\" title=\"Foto: Erlend L\u00e5nke Solbu \/ NRK\" alt=\" Foto: Erlend L\u00e5nke Solbu \/ NRK\" width=\"978\" height=\"551\" bad-src=\"https:\/\/www.europesays.com\/no\/wp-content\/uploads\/2026\/01\/18446798.webp.jpeg\" fetchpriority=\"auto\" \/><\/p>\n<p>         Foto: Erlend L\u00e5nke Solbu \/ NRK<\/p>\n<p class=\"bold m-bold\" data-lab-font_weight=\"bold\"> Erik Damsg\u00e5rd Tomter (14)<\/p>\n<p data-lab-font_weight=\"\"> Funksjonsnedsettelse:\u00a0Williams syndrom og utviklingshemming <\/p>\n<p data-lab-font_weight=\"\"> Bosted:\u00a0Tvedestrand <\/p>\n<p>        <img class=\"image__img lazyload\" itemprop=\"image\" title=\"Foto: Erlend L\u00e5nke Solbu \/ NRK\" alt=\" Foto: Erlend L\u00e5nke Solbu \/ NRK\" width=\"675\" height=\"379\" bad-src=\"https:\/\/www.europesays.com\/no\/wp-content\/uploads\/2026\/01\/18446796.webp.jpeg\" fetchpriority=\"auto\" \/><\/p>\n<p>         Foto: Erlend L\u00e5nke Solbu \/ NRK<\/p>\n<p> Alva Bjerrehorn (13)<\/p>\n<p> Funksjonsnedsettelse: Sterkt svaksynt <\/p>\n<p> Bosted:\u00a0Trondheim <\/p>\n<p>        <img class=\"image__img lazyload\" itemprop=\"image\" title=\"Foto: Erlend L\u00e5nke Solbu \/ NRK\" alt=\" Foto: Erlend L\u00e5nke Solbu \/ NRK\" width=\"978\" height=\"551\" bad-src=\"https:\/\/www.europesays.com\/no\/wp-content\/uploads\/2026\/01\/18446794.webp.jpeg\" fetchpriority=\"auto\" \/><\/p>\n<p>         Foto: Erlend L\u00e5nke Solbu \/ NRK<\/p>\n<p> Synne Lykkeslet (14)<\/p>\n<p data-lab-font_weight=\"\"> Funksjonsnedsettelse:\u00a0OCD, autisme og Tourettes syndrom <\/p>\n<p data-lab-font_weight=\"\"> Bosted:\u00a0Oppeg\u00e5rd <\/p>\n<p>        <img class=\"image__img lazyload\" itemprop=\"image\" title=\"Foto: Erlend L\u00e5nke Solbu \/ NRK\" alt=\" Foto: Erlend L\u00e5nke Solbu \/ NRK\" width=\"978\" height=\"551\" bad-src=\"https:\/\/www.europesays.com\/no\/wp-content\/uploads\/2026\/01\/18446792.webp.jpeg\" fetchpriority=\"auto\" \/><\/p>\n<p>         Foto: Erlend L\u00e5nke Solbu \/ NRK<\/p>\n<p data-lab-font_weight=\"\"> Kornelius Smeby-Ryen (13)<\/p>\n<p> Funksjonsnedsettelse:\u00a0Ryggmargsbrokk og hydrocephalus <\/p>\n<p> Bosted:\u00a0Kongsvinger <\/p>\n<p>        <img class=\"image__img lazyload\" itemprop=\"image\" title=\"Foto: Erlend L\u00e5nke Solbu \/ NRK\" alt=\" Foto: Erlend L\u00e5nke Solbu \/ NRK\" width=\"978\" height=\"551\" bad-src=\"https:\/\/www.europesays.com\/no\/wp-content\/uploads\/2026\/01\/18446790.webp.jpeg\" fetchpriority=\"auto\" \/><\/p>\n<p>         Foto: Erlend L\u00e5nke Solbu \/ NRK<\/p>\n","protected":false},"excerpt":{"rendered":"Den andre sesongen av \u00abTeam P\u00f8lsa\u00bb p\u00e5 NRK har premiere 27. februar, og \u00e5rets deltakere er klare for&hellip;\n","protected":false},"author":2,"featured_media":132781,"comment_status":"","ping_status":"","sticky":false,"template":"","format":"standard","meta":{"footnotes":""},"categories":[10],"tags":[20,21,24,25,15,22,23,13,30,28,29,14,16,26,27],"class_list":{"0":"post-132780","1":"post","2":"type-post","3":"status-publish","4":"format-standard","5":"has-post-thumbnail","7":"category-norge","8":"tag-breaking-news","9":"tag-breakingnews","10":"tag-featured-news","11":"tag-featurednews","12":"tag-headlines","13":"tag-latest-news","14":"tag-latestnews","15":"tag-news","16":"tag-no","17":"tag-norge","18":"tag-norway","19":"tag-nyheter","20":"tag-overskrifter","21":"tag-top-stories","22":"tag-topstories"},"share_on_mastodon":{"url":"https:\/\/pubeurope.com\/@no\/115864212769676954","error":""},"_links":{"self":[{"href":"https:\/\/www.europesays.com\/no\/wp-json\/wp\/v2\/posts\/132780","targetHints":{"allow":["GET"]}}],"collection":[{"href":"https:\/\/www.europesays.com\/no\/wp-json\/wp\/v2\/posts"}],"about":[{"href":"https:\/\/www.europesays.com\/no\/wp-json\/wp\/v2\/types\/post"}],"author":[{"embeddable":true,"href":"https:\/\/www.europesays.com\/no\/wp-json\/wp\/v2\/users\/2"}],"replies":[{"embeddable":true,"href":"https:\/\/www.europesays.com\/no\/wp-json\/wp\/v2\/comments?post=132780"}],"version-history":[{"count":0,"href":"https:\/\/www.europesays.com\/no\/wp-json\/wp\/v2\/posts\/132780\/revisions"}],"wp:featuredmedia":[{"embeddable":true,"href":"https:\/\/www.europesays.com\/no\/wp-json\/wp\/v2\/media\/132781"}],"wp:attachment":[{"href":"https:\/\/www.europesays.com\/no\/wp-json\/wp\/v2\/media?parent=132780"}],"wp:term":[{"taxonomy":"category","embeddable":true,"href":"https:\/\/www.europesays.com\/no\/wp-json\/wp\/v2\/categories?post=132780"},{"taxonomy":"post_tag","embeddable":true,"href":"https:\/\/www.europesays.com\/no\/wp-json\/wp\/v2\/tags?post=132780"}],"curies":[{"name":"wp","href":"https:\/\/api.w.org\/{rel}","templated":true}]}}