{"id":132782,"date":"2026-01-09T08:36:13","date_gmt":"2026-01-09T08:36:13","guid":{"rendered":"https:\/\/www.europesays.com\/no\/132782\/"},"modified":"2026-01-09T08:36:13","modified_gmt":"2026-01-09T08:36:13","slug":"vil-koste-usa-altfor-mye","status":"publish","type":"post","link":"https:\/\/www.europesays.com\/no\/132782\/","title":{"rendered":"\u2013 Vil koste USA altfor mye"},"content":{"rendered":"<p>    Milit\u00e6r intervensjon fra USA p\u00e5 Gr\u00f8nland? Neppe, mener Nato-ekspert.<\/p>\n<p>\n        USAs president Donald Trump har flere ganger uttalt at han \u00f8nsker \u00e5 ta Gr\u00f8nland. Trump har ikke utelukket bruk av milit\u00e6r makt.<br \/>\n        Foto: Alex Wong \/ AFP \/ NTB\n    <\/p>\n<p class=\"kicker tertiary color_mobile_tertiary\" style=\"\">Verden<\/p>\n<p>\u2013 Jeg har fortsatt liten tro p\u00e5 milit\u00e6r intervensjon p\u00e5 Gr\u00f8nland,<br \/>\nsier Nato-ekspert og Nupi-forsker Karsten Friis til Dagsavisen.<\/p>\n<p>                <img decoding=\"async\" src=\"https:\/\/www.europesays.com\/no\/wp-content\/uploads\/2026\/01\/10140659.webp.jpeg\" width=\"480\" height=\"274\" title=\"Karsten Friis.\" alt=\"\" loading=\"lazy\" style=\"\"\/><\/p>\n<p>\n            Karsten Friis.<br \/>\n            Foto: J\u00f8rn H. Skj\u00e6rpe\n        <\/p>\n<p>\u2013 Det (milit\u00e6r intervensjon) er ett av flere alternativer,<br \/>\nmen ikke det mest sannsynlige. Det vil koste USA altfor mye. Det vil jo ofre<br \/>\nNato for Gr\u00f8nland, fortsetter han.<\/p>\n<p>Gr\u00f8nland-bilde har skapt reaksjoner<\/p>\n<p>Det var Katie Miller, gift med Trumps n\u00e6re r\u00e5dgiver Stephen<br \/>\nMiller, som etter USAs angrep p\u00e5 Venezuela nylig postet et omstridt\u00a0<a href=\"https:\/\/x.com\/KatieMiller\/status\/2007541679293944266\" target=\"_blank\" rel=\"nofollow\">innlegg\u00a0<\/a>p\u00e5<br \/>\nX.\u00a0<\/p>\n<p>Bildet i posten hennes viste et kart over\u00a0Gr\u00f8nland\u00a0dekorert med<br \/>\nUSAs flagg, med f\u00f8lgeteksten \u00absnart\u00bb, skriver NTB.\u00a0Posten er blitt mye delt og har skapt sterke\u00a0reaksjoner\u00a0i Danmark.<\/p>\n<p class=\"font-weight-bold m-font-weight-bold\" data-lab-font_weight=\"font-weight-bold\">I et intervju samme dag antydet USAs president Donald Trump<br \/>\nat\u00a0Gr\u00f8nland\u00a0kan bli det neste territoriet som utsettes for en<br \/>\namerikansk intervensjon, if\u00f8lge\u00a0<a href=\"https:\/\/www.theatlantic.com\/national-security\/2026\/01\/trump-venezuela-maduro-delcy-rodriguez\/685497\/\" target=\"_blank\" rel=\"nofollow noopener\">The Atlantic.<\/a><\/p>\n<p>\u2013 Vi trenger\u00a0Gr\u00f8nland, absolutt, sa han og beskrev \u00f8ya,<br \/>\nsom er en del av USAs Nato-allierte Danmark, som \u00abomringet av russiske og<br \/>\nkinesiske skip\u00bb.<\/p>\n<p>Risikerer \u00e5 ofre Nato<\/p>\n<p>Karsten Friis tror USA vil fors\u00f8ke alle andre muligheter f\u00f8r<br \/>\nen milit\u00e6r intervensjon.<\/p>\n<p class=\"italic m-italic\" data-lab-italic=\"italic\">\u2013 Hva er det mest sannsynlige utfallet?<\/p>\n<p>\u2013 Det vil fortsatt v\u00e6re pisk og gulrot. Jeg tror USA vil<br \/>\npr\u00f8ve \u00e5 p\u00e5virke Gr\u00f8nland. Pr\u00f8ve \u00e5 tilby dem noe de ikke vil f\u00e5 fra Danmark. Spille<br \/>\np\u00e5 misn\u00f8ye med K\u00f8benhavn, litt splitt og hersk, og s\u00e5 eventuelt tilby en<br \/>\neller annen avtale hvis Gr\u00f8nland blir uavhengig.<\/p>\n<p>Han tilf\u00f8yer at han tror utspillene vil fortsette, men at milit\u00e6r<br \/>\nintervensjon fortsatt er veldig lite sannsynlig.<\/p>\n<p class=\"italic m-italic\" data-lab-italic=\"italic\">\u2013 Men hvis det skulle bli en milit\u00e6r intervensjon, hva<br \/>\nvil konsekvensene egentlig bli?<\/p>\n<p>\u2013 Litt spissformulert sier jeg at da ofres Nato for<br \/>\nGr\u00f8nland. For hvis USA virkelig tar seg til rette og sender inn helikoptre p\u00e5<br \/>\nGr\u00f8nland, s\u00e5 vil det virkelig undergrave alliansen. Jeg tror heller ikke det<br \/>\nvil v\u00e6re en innenrikspolitisk seier for Trump. Det er en god del motstand mot<br \/>\ndet. Selv om Kongressen i USA ikke er som den en gang var, vil det v\u00e6re flere<br \/>\nmotstemmer, svarer Friis.<\/p>\n<p>                <img decoding=\"async\" src=\"https:\/\/www.europesays.com\/no\/wp-content\/uploads\/2026\/01\/10140705.webp.jpeg\" width=\"480\" height=\"274\" title=\"Gr\u00f8nlands hovedstad Nuuk.\" alt=\"\" loading=\"lazy\" style=\"\"\/><\/p>\n<p>\n            Gr\u00f8nlands hovedstad Nuuk.<br \/>\n            Foto: Evgeniy Maloletka \/ AP \/ NTB\n        <\/p>\n<p>Han gjentar at han ikke tror det vil skje. <\/p>\n<p>\u2013 Danskene og \u00f8vrige land i Europa er klare p\u00e5 at det vil<br \/>\nv\u00e6re uakseptabelt. D\u00e9t vil bidra til at sannsynligheten for at det ikke skjer,<br \/>\n\u00f8ker. Man kan jo p\u00e5virke beslutningene. Europeiske land p\u00e5peker at milit\u00e6r<br \/>\nintervensjon vil v\u00e6re et brudd p\u00e5 Nato-paktens artikkel 1, sier Friis.<\/p>\n<p>\u2013 Da USAs visepresident J.D. Vance skulle bes\u00f8ke Nuuk i<br \/>\nfjor, ombestemte han seg fordi han inns\u00e5 at det kom til \u00e5 bli fiendtlige<br \/>\nomgivelser. Han \u00f8nsket ikke en bildeseanse med sinte demonstranter. Det ville<br \/>\nblitt det samme n\u00e5, hvis USAs spesialsoldater landet p\u00e5 Gr\u00f8nland. Det ville<br \/>\nblitt demonstrasjoner i gatene, ikke \u00abvictory\u00bb-bilder. Det tror jeg Trump ogs\u00e5<br \/>\ntenker p\u00e5, avslutter Nupi-forskeren.<\/p>\n<p>                <img decoding=\"async\" src=\"https:\/\/www.europesays.com\/no\/wp-content\/uploads\/2026\/01\/10140759.webp.jpeg\" width=\"480\" height=\"274\" title=\"J.D. Vance n\u00f8yde seg med \u00e5 bes\u00f8ke Pituffik, USAs base p\u00e5 Gr\u00f8nland, i fjor v\u00e5r.\" alt=\"\" loading=\"lazy\" style=\"\"\/><\/p>\n<p>\n            J.D. Vance n\u00f8yde seg med \u00e5 bes\u00f8ke Pituffik, USAs base p\u00e5 Gr\u00f8nland, i fjor v\u00e5r.<br \/>\n            Foto: Jim Watson \/ AP \/ NTB\n        <\/p>\n<p>Tror p\u00e5 eskalering fra USA<\/p>\n<p>Direkt\u00f8r Iver B.\u00a0Neumann\u00a0ved Fridtjof Nansens Institutt <a href=\"https:\/\/www.dagsavisen.no\/nyheter\/tror-ikke-europa-vil-lofte-en-finger-for-a-forsvare-gronland\/10136637\" target=\"_blank\" rel=\"nofollow noopener\">sa nylig til Dagsavisen<\/a> at han tror situasjonen vil eskalere.<\/p>\n<p>\u2013 P\u00e5 et tidspunkt m\u00e5 det komme handling, dersom de (USA, journ.anm.) skal fortsette \u00e5 eskalere. Derfor forutser jeg troppeforflytninger som neste skritt fra amerikansk side, sa Neumann.\u00a0<\/p>\n<p>Sveriges tidligere statsminister og utenriksminister Carl Bildt tror i likhet med Neumann at Trump vil gj\u00f8re alvor av trusselen om \u00e5 ta Gr\u00f8nland fra Danmark.<\/p>\n<p>\u2013 Det er trolig at vi kommer til \u00e5 f\u00e5 se at USA bruker r\u00e5 makt mot Danmark i l\u00f8pet av de neste seks m\u00e5nedene, skrev han p\u00e5\u00a0<a href=\"https:\/\/x.com\/carlbildt\/status\/2008455874105258233\" target=\"_blank\" rel=\"nofollow\">X<\/a>\u00a0nylig.<\/p>\n<p>        <a itemprop=\"url\" class=\"\" href=\"https:\/\/www.dagsavisen.no\/nyheter\/forsvarssjefen-om-trump-onske-ikke-sa-lenge-jeg-lever\/9900151\" data-k5a-url=\"https:\/\/www.dagsavisen.no\/a\/9900151\" rel=\"nofollow noopener\" target=\"_blank\"><\/p>\n<p>            Forsvarssjefen om Trumps Gr\u00f8nland-\u00f8nske: \u2013 Ikke s\u00e5 lenge jeg lever<\/p>\n<p>        <\/a><\/p>\n<p>S\u00f8ndag skrev Gr\u00f8nlands leder Jens-Frederik Nielsen at det<br \/>\nikke er grunn til verken \u00abpanikk eller utrygghet\u00bb. Men han kalte Millers bilde<br \/>\nfor \u00abrespektl\u00f8st\u00bb.<\/p>\n<p>                <img decoding=\"async\" src=\"https:\/\/www.europesays.com\/no\/wp-content\/uploads\/2026\/01\/10140699.webp.jpeg\" width=\"480\" height=\"274\" title=\"Gr\u00f8nlands leder Jens-Frederik Nielsen. Her med Danmarks statsminister Mette Frederiksen.\" alt=\"\" loading=\"lazy\" style=\"\"\/><\/p>\n<p>\n            Gr\u00f8nlands leder Jens-Frederik Nielsen. Her med Danmarks statsminister Mette Frederiksen.<br \/>\n            Foto: Mads Claus Rasmussen \/ AP \/ NTB\n        <\/p>\n<p>\u2013 Det bildet som Katie Miller har delt, der\u00a0Gr\u00f8nland\u00a0fremstilles<br \/>\nsv\u00f8pt i et amerikansk flagg, endrer ikke p\u00e5 noe som helst. V\u00e5rt Land er ikke<br \/>\ntil salgs, og v\u00e5r fremtid avgj\u00f8res ikke av oppslag i sosiale medier. Men bildet<br \/>\ner respektl\u00f8st, skrev han, if\u00f8lge Ritzau og NTB.<\/p>\n<p>USAs utenriksminister Rubio\u00a0skal nylig ha sagt at<br \/>\ntruslene mot\u00a0Gr\u00f8nland\u00a0ikke handler om noen snarlig invasjon, men at<br \/>\nde er ment som press mot Danmark for \u00e5 kj\u00f8pe \u00f8ya. Det skriver\u00a0<a href=\"https:\/\/www.wsj.com\/politics\/national-security\/rubio-tells-lawmakers-trump-aims-to-buy-greenland-downplays-military-action-5c94e05c?mod=hp_lead_pos1\" target=\"_blank\" rel=\"nofollow noopener\">Wall Street Journal<\/a>, som viser til to ikke navngitte<br \/>\nkilder som sa at\u00a0Rubio\u00a0sa dette p\u00e5 et m\u00f8te med kongressrepresentanter<br \/>\nmandag, if\u00f8lge NTB.<\/p>\n<p class=\"font-weight-bold m-font-weight-bold\" data-lab-font_weight=\"font-weight-bold\">PS! EUs utenrikssjef Kaja Kallas sa torsdag at EU har diskutert hvordan man skal reagere dersom det viser seg at USA gj\u00f8r alvor av sine uttalelser om at de vil ha Gr\u00f8nland, skriver NTB.<\/p>\n<p>        <a itemprop=\"url\" class=\"\" href=\"https:\/\/www.dagsavisen.no\/nyheter\/et-mini-nato-uten-usa-hvis-det-verste-skulle-skje\/10139690\" data-k5a-url=\"https:\/\/www.dagsavisen.no\/a\/10139690\" rel=\"nofollow noopener\" target=\"_blank\"><\/p>\n<p>            Et \u00abmini-Nato\u00bb uten USA: \u2013 Hvis det verste skulle skje<\/p>\n<p>        <\/a><\/p>\n<p class=\"italic m-italic\" data-lab-italic=\"italic\">F\u00e5 nyhetsbrev fra Dagsavisen. Meld deg p\u00e5\u00a0<a href=\"https:\/\/www.dagsavisen.no\/om-dagsavisen\/2023\/12\/20\/fa-daglig-nyhetsbrev\/\" rel=\"nofollow noopener\" target=\"_blank\">her<\/a>!<\/p>\n","protected":false},"excerpt":{"rendered":"Milit\u00e6r intervensjon fra USA p\u00e5 Gr\u00f8nland? Neppe, mener Nato-ekspert. USAs president Donald Trump har flere ganger uttalt at&hellip;\n","protected":false},"author":2,"featured_media":132783,"comment_status":"","ping_status":"","sticky":false,"template":"","format":"standard","meta":{"footnotes":""},"categories":[12],"tags":[20,21,24,25,15,22,23,13,30,28,29,14,16,26,27,42,43,44,45],"class_list":{"0":"post-132782","1":"post","2":"type-post","3":"status-publish","4":"format-standard","5":"has-post-thumbnail","7":"category-verden","8":"tag-breaking-news","9":"tag-breakingnews","10":"tag-featured-news","11":"tag-featurednews","12":"tag-headlines","13":"tag-latest-news","14":"tag-latestnews","15":"tag-news","16":"tag-no","17":"tag-norge","18":"tag-norway","19":"tag-nyheter","20":"tag-overskrifter","21":"tag-top-stories","22":"tag-topstories","23":"tag-verden","24":"tag-world","25":"tag-world-news","26":"tag-worldnews"},"share_on_mastodon":{"url":"https:\/\/pubeurope.com\/@no\/115864232641762271","error":""},"_links":{"self":[{"href":"https:\/\/www.europesays.com\/no\/wp-json\/wp\/v2\/posts\/132782","targetHints":{"allow":["GET"]}}],"collection":[{"href":"https:\/\/www.europesays.com\/no\/wp-json\/wp\/v2\/posts"}],"about":[{"href":"https:\/\/www.europesays.com\/no\/wp-json\/wp\/v2\/types\/post"}],"author":[{"embeddable":true,"href":"https:\/\/www.europesays.com\/no\/wp-json\/wp\/v2\/users\/2"}],"replies":[{"embeddable":true,"href":"https:\/\/www.europesays.com\/no\/wp-json\/wp\/v2\/comments?post=132782"}],"version-history":[{"count":0,"href":"https:\/\/www.europesays.com\/no\/wp-json\/wp\/v2\/posts\/132782\/revisions"}],"wp:featuredmedia":[{"embeddable":true,"href":"https:\/\/www.europesays.com\/no\/wp-json\/wp\/v2\/media\/132783"}],"wp:attachment":[{"href":"https:\/\/www.europesays.com\/no\/wp-json\/wp\/v2\/media?parent=132782"}],"wp:term":[{"taxonomy":"category","embeddable":true,"href":"https:\/\/www.europesays.com\/no\/wp-json\/wp\/v2\/categories?post=132782"},{"taxonomy":"post_tag","embeddable":true,"href":"https:\/\/www.europesays.com\/no\/wp-json\/wp\/v2\/tags?post=132782"}],"curies":[{"name":"wp","href":"https:\/\/api.w.org\/{rel}","templated":true}]}}