{"id":132784,"date":"2026-01-09T08:37:09","date_gmt":"2026-01-09T08:37:09","guid":{"rendered":"https:\/\/www.europesays.com\/no\/132784\/"},"modified":"2026-01-09T08:37:09","modified_gmt":"2026-01-09T08:37:09","slug":"shazia-majid-om-kommunekommisjonen-som-vil-avvikle-laerernormen","status":"publish","type":"post","link":"https:\/\/www.europesays.com\/no\/132784\/","title":{"rendered":"Shazia Majid om Kommunekommisjonen som vil avvikle l\u00e6rernormen"},"content":{"rendered":"\n<ul class=\"_list_o9xde_3 _list_64s2r_85 _unordered_o9xde_106 text-sans-m\">\n<li class=\"_item_o9xde_30\">Kommunekommisjonen vil fjerne l\u00e6rernormen og \u00f8remerkede midler. <\/li>\n<li class=\"_item_o9xde_30\">Dette kan gi f\u00e6rre l\u00e6rere og d\u00e5rligere oppf\u00f8lging i skolen, mener VGs kommentator. <\/li>\n<li class=\"_item_o9xde_30\">Det er usikkert om kommunene vil prioritere elevene uten statlig styring.<\/li>\n<li class=\"_item_o9xde_30\"> Dette er en kommentar. Kommentaren gir uttrykk for skribentens holdning.<\/li>\n<\/ul>\n<p>Vis mer <\/p>\n<p class=\"_paragraph_o9xde_4 _paragraph_xtcu6_10 layout-component text-serif-m layout-normal text-serif-m layout-padded\">I fjor satte regjeringen ned en kommisjon som skulle foresl\u00e5 forbedringer i hvordan kommunene driftes.<\/p>\n<p class=\"_paragraph_o9xde_4 _paragraph_xtcu6_10 layout-component text-serif-m layout-normal text-serif-m layout-padded\">Blant annet gjennom forslag til god ressursbruk, fleksibel bruk av personell og effektiv oppgavel\u00f8sning. <\/p>\n<p class=\"_paragraph_o9xde_4 _paragraph_xtcu6_10 layout-component text-serif-m layout-normal text-serif-m layout-padded\">I dag kommer resultatet. <\/p>\n<p class=\"_paragraph_o9xde_4 _paragraph_xtcu6_10 layout-component text-serif-m layout-normal text-serif-m layout-padded\">Kommunekommisjonen legger frem sin f\u00f8rste delrapport. Og de er \u00e5penbart ikke redde for br\u00e5k. <\/p>\n<p class=\"_paragraph_o9xde_4 _paragraph_xtcu6_10 layout-component text-serif-m layout-normal text-serif-m layout-padded\"><strong class=\"_strong_o9xde_25\">For her foresl\u00e5s en rekke drastiske tiltak: <\/strong><\/p>\n<p class=\"_paragraph_o9xde_4 _paragraph_xtcu6_10 layout-component text-serif-m layout-normal text-serif-m layout-padded\"><strong class=\"_strong_o9xde_25\">Avvikle l\u00e6rernormen, bort med 22 \u00f8remerkede tilskudd, og bort med kompetansekrav i deler av helse- og omsorgstjenestene.<\/strong> <\/p>\n<p class=\"_paragraph_o9xde_4 _paragraph_xtcu6_10 layout-component text-serif-m layout-normal text-serif-m layout-padded\">Protester er uunng\u00e5elige. <\/p>\n<p class=\"_paragraph_o9xde_4 _paragraph_xtcu6_10 layout-component text-serif-m layout-normal text-serif-m layout-padded\">For alt dette er tilkjempede tiltak. <\/p>\n<p class=\"_paragraph_o9xde_4 _paragraph_xtcu6_10 layout-component text-serif-m layout-normal text-serif-m layout-padded\">Kommisjonens forslag betyr likevel ikke at kommunene f\u00e5r mindre penger fra staten. Det betyr at staten skal blande seg mindre inn i hvordan pengene og ressursene brukes. <\/p>\n<p class=\"_paragraph_o9xde_4 _paragraph_xtcu6_10 layout-component text-serif-m layout-normal text-serif-m layout-padded\">At kommunene f\u00e5r mer r\u00e5derett er b\u00e5de n\u00f8dvendig og fornuftig. <\/p>\n<p><img alt=\"DRISTIGE FORSLAG: Kommunekommisjonen best\u00e5r av 11 medlemmer. Tidligere n\u00e6ringsminister og kommunalminister Monica M\u00e6land er en av medlemmene. Det var flertall i kommisjonen for avvikling av l\u00e6rernormen. Eneste som var i mot var Geir R\u00f8svoll, forbundsleder i UNIO  Foto: Terje Bringedal \/ VG\" class=\"_image_qp4xg_65 layout-component layout-normal\" data-fullscreen- data-track-element-type=\"Article image fullscreen\" data-track-name=\"ImageFullscreen\" decoding=\"async\" loading=\"lazy\" height=\"3872\" itemprop=\"image\"  src=\"https:\/\/www.europesays.com\/no\/wp-content\/uploads\/2026\/01\/c9f3c5e4-c0db-4ebc-87ab-c86c98154e52.jpeg\"  style=\"object-position:0% 0%\" width=\"5808\"\/>DRISTIGE FORSLAG: Kommunekommisjonen best\u00e5r av 11 medlemmer. Tidligere n\u00e6ringsminister og kommunalminister Monica M\u00e6land er en av medlemmene. Det var flertall i kommisjonen for avvikling av l\u00e6rernormen. Eneste som var i mot var Geir R\u00f8svoll, forbundsleder i UNIO  Foto: Terje Bringedal \/ VG<\/p>\n<p class=\"_paragraph_o9xde_4 _paragraph_xtcu6_10 layout-component text-serif-m layout-normal text-serif-m layout-padded\">B\u00e5de n\u00e5tid og fremtid krever beinharde prioriteringer. Hvem er bedre egnet til \u00e5 foreta disse prioriteringene enn kommunene selv? <\/p>\n<p class=\"_paragraph_o9xde_4 _paragraph_xtcu6_10 layout-component text-serif-m layout-normal text-serif-m layout-padded\">Kommunene skal h\u00e5ndtere b\u00e5de strammere budsjetter og en fremtid med stadig \u00f8kende mangel p\u00e5 riktig arbeidskraft. <\/p>\n<p class=\"_paragraph_o9xde_4 _paragraph_xtcu6_10 layout-component text-serif-m layout-normal text-serif-m layout-padded\">Det tvinger frem en mest mulig effektiv bruk av b\u00e5de penger og faglige ressurser. <\/p>\n<p class=\"_paragraph_o9xde_4 _paragraph_xtcu6_10 layout-component text-serif-m layout-normal text-serif-m layout-padded\">Men reformen vil merkes, og ikke n\u00f8dvendigvis p\u00e5 en god m\u00e5te. <\/p>\n<p class=\"_paragraph_o9xde_4 _paragraph_xtcu6_10 layout-component text-serif-m layout-normal text-serif-m layout-padded\">Blir tiltakene gjennomf\u00f8rt, rammer de s\u00e6rlig skoler, barn og ungdom. <\/p>\n<p><img alt=\"Foto: Gorm Kallestad \/ NTB\" class=\"_image_qp4xg_65 layout-component layout-normal\" data-fullscreen- data-track-element-type=\"Article image fullscreen\" data-track-name=\"ImageFullscreen\" decoding=\"async\" loading=\"lazy\" height=\"4367\" itemprop=\"image\"  src=\"https:\/\/www.europesays.com\/no\/wp-content\/uploads\/2026\/01\/eb0607ca-bc3e-41bd-a83b-8254d842126a.png\"  style=\"object-position:0% 0%\" width=\"6272\"\/>Foto: Gorm Kallestad \/ NTB<\/p>\n<p class=\"_paragraph_o9xde_4 _paragraph_xtcu6_10 layout-component text-serif-m layout-normal text-serif-m layout-padded\">Forsvinner l\u00e6rernormen, forsvinner kravet om \u00e9n l\u00e6rer per 15 elever p\u00e5 sm\u00e5skoletrinnet og \u00e9n l\u00e6rer per 20 elever p\u00e5 5. til 10. trinn. <\/p>\n<p class=\"_paragraph_o9xde_4 _paragraph_xtcu6_10 layout-component text-serif-m layout-normal text-serif-m layout-padded\">Det kan f\u00f8re til at enkelte skoler f\u00e5r f\u00e6rre l\u00e6rere.<\/p>\n<p class=\"_paragraph_o9xde_4 _paragraph_xtcu6_10 layout-component text-serif-m layout-normal text-serif-m layout-padded\">Og dermed st\u00f8rre elevgrupper og mindre individuell oppf\u00f8lging. <\/p>\n<p class=\"_paragraph_o9xde_4 _paragraph_xtcu6_10 layout-component text-serif-m layout-normal text-serif-m layout-padded\">L\u00e6rernormen, som er et minstekrav, ble innf\u00f8rt i 2018, og har f\u00f8rt til omtrent 2500 flere l\u00e6rere\u00e5rsverk i norske skoler. <\/p>\n<p class=\"_paragraph_o9xde_4 _paragraph_xtcu6_10 layout-component text-serif-m layout-normal text-serif-m layout-padded\">En studie fra 2022 viste at de fleste skolene oppfylte minstenormen. <\/p>\n<p class=\"_paragraph_o9xde_4 _paragraph_xtcu6_10 layout-component text-serif-m layout-normal text-serif-m layout-padded\">L\u00e6rernormen ble innf\u00f8rt som et kvalitetstiltak, ikke som et effektivitetstiltak. <\/p>\n<p class=\"_paragraph_o9xde_4 _paragraph_xtcu6_10 layout-component text-serif-m layout-normal text-serif-m layout-padded\">Noe av hensikten var \u00e5 hindre at skolebudsjetter kuttes i \u00f8konomiske krevende tider. Og det har normen bidratt til. Noe b\u00e5de kommuner og skoleledere har v\u00e6rt forn\u00f8yd med, viser forskning. <\/p>\n<p class=\"_paragraph_o9xde_4 _paragraph_xtcu6_10 layout-component text-serif-m layout-normal text-serif-m layout-padded\">Kommunekommisjonen p\u00e5 sin side viser til <a href=\"https:\/\/www.udir.no\/tall-og-forskning\/finn-forskning\/rapporter\/norm-for-larertetthet-har-gitt-flere-larere-men-pavirker-i-liten-grad-laring-og-trivsel\/\" class=\"_link_o9xde_39\" rel=\"nofollow noopener\" target=\"_blank\">samme forskning<\/a> og mener at l\u00e6rernormen er lite treffsikker, og begrenser kommunenes handlingsrom, og derfor b\u00f8r avvikles. <\/p>\n<p class=\"_paragraph_o9xde_4 _paragraph_xtcu6_10 layout-component text-serif-m layout-normal text-serif-m layout-padded\">Fordi det har kommet flere l\u00e6rere p\u00e5 skoler med elever med god sosio\u00f8konomisk bakgrunn og gode karakterer \u2013 og ikke p\u00e5 skoler med mange minoritetselever. <\/p>\n<p class=\"_paragraph_o9xde_4 _paragraph_xtcu6_10 layout-component text-serif-m layout-normal text-serif-m layout-padded\">Noe av forklaringen er at skoler med vanskeligstilte elever allerede f\u00f8r l\u00e6rernormen ble tilf\u00f8rt flere ressurser fra kommunen enn andre skoler. <\/p>\n<p class=\"_paragraph_o9xde_4 _paragraph_xtcu6_10 layout-component text-serif-m layout-normal text-serif-m layout-padded\">Hva er da poenget med l\u00e6rernormen? <\/p>\n<p class=\"_paragraph_o9xde_4 _paragraph_xtcu6_10 layout-component text-serif-m layout-normal text-serif-m layout-padded\">Og er det egentlig s\u00e5 farlig om kommunene prioriterer f\u00e6rre l\u00e6rere p\u00e5 skoler som allerede gj\u00f8r det bra? <\/p>\n<p class=\"_paragraph_o9xde_4 _paragraph_xtcu6_10 layout-component text-serif-m layout-normal text-serif-m layout-padded\">Ikke om vi skal tro forskere. Den norske studien av l\u00e6rernormen viser at flere l\u00e6rere i liten grad har p\u00e5virket l\u00e6ring og trivsel. <\/p>\n<p class=\"_paragraph_o9xde_4 _paragraph_xtcu6_10 layout-component text-serif-m layout-normal text-serif-m layout-padded\">Argumentet om den har f\u00f8rt til \u00f8kt kvalitet p\u00e5 undervisningen synes dermed \u00e5 svekkes. <\/p>\n<p class=\"_paragraph_o9xde_4 _paragraph_xtcu6_10 layout-component text-serif-m layout-normal text-serif-m layout-padded\">Samtidig er forskningen uklar. Den finner ingen tydelig \u00e5rsakssammenheng. <\/p>\n<p class=\"_paragraph_o9xde_4 _paragraph_xtcu6_10 layout-component text-serif-m layout-normal text-serif-m layout-padded\">Det er likevel grunn til \u00e5 sp\u00f8rre om resultatene fullt ut fanger effekten av flere l\u00e6rere, ettersom perioden som er unders\u00f8kt, omfatter to corona\u00e5r. <\/p>\n<p class=\"_paragraph_o9xde_4 _paragraph_xtcu6_10 layout-component text-serif-m layout-normal text-serif-m layout-padded\">I tillegg har l\u00e6rere over tid f\u00e5tt mindre faglig frihet i klasserommet. Samtidig har skjermbruken blant barn \u00f8kt, og flere sliter med grensesetting og konsentrasjonsvansker.<\/p>\n<p class=\"_paragraph_o9xde_4 _paragraph_xtcu6_10 layout-component text-serif-m layout-normal text-serif-m layout-padded\">Alt dette tatt i betraktning kan de rundt 2500 flere l\u00e6rerne ha bidratt til at trivsel og l\u00e6ring har holdt seg stabile, snarere enn \u00e5 falle. <\/p>\n<p class=\"_paragraph_o9xde_4 _paragraph_xtcu6_10 layout-component text-serif-m layout-normal text-serif-m layout-padded\">Studien understreker ogs\u00e5 at de svakeste elevene har st\u00f8rst nytte av \u00f8kt l\u00e6rertetthet.<\/p>\n<p><img alt=\"TRYKTE L\u00c6REB\u00d8KER: Kunnskapsminister Kari Nessa Nordtun har gitt kommunene flere hundre millioner i \u00f8remerkede midler til innkj\u00f8p av trykte skoleb\u00f8ker. Det mener kommisjonen er feil m\u00e5te \u00e5 gj\u00f8re det p\u00e5.   Foto: G\u00f8ran Bohlin \/ VG\" class=\"_image_qp4xg_65 layout-component layout-normal\" data-fullscreen- data-track-element-type=\"Article image fullscreen\" data-track-name=\"ImageFullscreen\" decoding=\"async\" loading=\"lazy\" height=\"5504\" itemprop=\"image\"  src=\"https:\/\/www.europesays.com\/no\/wp-content\/uploads\/2026\/01\/68eaf161-368a-41e5-a6b7-cac3f02f98ef.jpeg\"  style=\"object-position:0% 0%\" width=\"8256\"\/>TRYKTE L\u00c6REB\u00d8KER: Kunnskapsminister Kari Nessa Nordtun har gitt kommunene flere hundre millioner i \u00f8remerkede midler til innkj\u00f8p av trykte skoleb\u00f8ker. Det mener kommisjonen er feil m\u00e5te \u00e5 gj\u00f8re det p\u00e5.   Foto: G\u00f8ran Bohlin \/ VG<\/p>\n<p class=\"_paragraph_o9xde_4 _paragraph_xtcu6_10 layout-component text-serif-m layout-normal text-serif-m layout-padded\">Hvis kutt i l\u00e6rernormen f\u00f8rer til kutt i skolebudsjetter, blir det br\u00e5k, s\u00e6rlig fra foreldre og l\u00e6rere.<\/p>\n<p class=\"_paragraph_o9xde_4 _paragraph_xtcu6_10 layout-component text-serif-m layout-normal text-serif-m layout-padded\">Og s\u00e6rlig fordi det ogs\u00e5 foresl\u00e5s \u00e5 fjerne en rekke \u00f8remerkede midler til skolen. <\/p>\n<p class=\"_paragraph_o9xde_4 _paragraph_xtcu6_10 layout-component text-serif-m layout-normal text-serif-m layout-padded\">Slik som tilskudd til innkj\u00f8p av trykte l\u00e6reb\u00f8ker, <a href=\"https:\/\/www.regjeringen.no\/no\/aktuelt\/300-millioner-til-trykte-lareboker-i-skolen\/id3038275\/\" class=\"_link_o9xde_39\" rel=\"nofollow noopener\" target=\"_blank\">kjempet frem av kunnskapsminister Kari Nessa Nordtun<\/a>. <\/p>\n<p class=\"_paragraph_o9xde_4 _paragraph_xtcu6_10 layout-component text-serif-m layout-normal text-serif-m layout-padded\"><a href=\"https:\/\/www.riksrevisjonen.no\/rapporter-mappe\/no-2024-2025\/laremidler-i-grunnskoler-og-videregaende-skoler\/\" class=\"_link_o9xde_39\" rel=\"nofollow noopener\" target=\"_blank\">Riksrevisjonen har sl\u00e5tt fast at<\/a> kommunene ikke kj\u00f8per inn l\u00e6remidler og utstyr som dekker skolenes behov.<\/p>\n<p class=\"_paragraph_o9xde_4 _paragraph_xtcu6_10 layout-component text-serif-m layout-normal text-serif-m layout-padded\">Hva tilsier at de skal begynne \u00e5 gj\u00f8re det bare de f\u00e5r st\u00f8rre frihet? <\/p>\n<p class=\"_paragraph_o9xde_4 _paragraph_xtcu6_10 layout-component text-serif-m layout-normal text-serif-m layout-padded\">Kommunekommisjonen vil ogs\u00e5 fjerne tilskudd til skolebibliotek og b\u00f8ker, videreutdanning av ansatte i barnehager og skoler, kommunalt rusarbeid, forebygging av radikalisering og voldelig ekstremisme, og integreringstiltak. <\/p>\n<p class=\"_paragraph_o9xde_4 _paragraph_xtcu6_10 layout-component text-serif-m layout-normal text-serif-m layout-padded\">Mer frihet og mindre byr\u00e5krati i kommunene er b\u00e5de viktig og bra. Befolkningen m\u00e5 forberede seg p\u00e5 at velferdstilbudene endres.<\/p>\n<p class=\"_paragraph_o9xde_4 _paragraph_xtcu6_10 layout-component text-serif-m layout-normal text-serif-m layout-padded\">Men kommuner kan ikke driftes som egne \u00absm\u00e5 land i landet\u00bb.<\/p>\n<p class=\"_paragraph_o9xde_4 _paragraph_xtcu6_10 layout-component text-serif-m layout-normal text-serif-m layout-padded\">Kommunene m\u00e5 til en viss grad styres av staten. Enkelte velferdsgoder m\u00e5 v\u00e6re like for hele landets befolkning. <\/p>\n<p class=\"_paragraph_o9xde_4 _paragraph_xtcu6_10 layout-component text-serif-m layout-normal text-serif-m layout-padded\">Det er <a href=\"https:\/\/www.regjeringen.no\/no\/tema\/kommuner-og-regioner\/kommuneokonomi\/robek-2\/kommuner-som-er-oppfort-i-registeret\/id415422\/\" class=\"_link_o9xde_39\" rel=\"nofollow noopener\" target=\"_blank\">flere kommuner<\/a> som har kj\u00f8rt seg i gr\u00f8ften \u00f8konomisk. <\/p>\n<p class=\"_paragraph_o9xde_4 _paragraph_xtcu6_10 layout-component text-serif-m layout-normal text-serif-m layout-padded\">Sp\u00f8rsm\u00e5let er om svaret p\u00e5 det er \u00e5 gi dem full frihet ogs\u00e5 i skolen. <\/p>\n<p>   Dette er en kommentar. Kommentaren gir uttrykk for skribentens holdning. <\/p>\n","protected":false},"excerpt":{"rendered":"Kommunekommisjonen vil fjerne l\u00e6rernormen og \u00f8remerkede midler. Dette kan gi f\u00e6rre l\u00e6rere og d\u00e5rligere oppf\u00f8lging i skolen, mener&hellip;\n","protected":false},"author":2,"featured_media":132785,"comment_status":"","ping_status":"","sticky":false,"template":"","format":"standard","meta":{"footnotes":""},"categories":[10],"tags":[20,21,24,25,15,1688,661,806,22,23,9251,3429,13,30,28,29,14,16,26,27],"class_list":{"0":"post-132784","1":"post","2":"type-post","3":"status-publish","4":"format-standard","5":"has-post-thumbnail","7":"category-norge","8":"tag-breaking-news","9":"tag-breakingnews","10":"tag-featured-news","11":"tag-featurednews","12":"tag-headlines","13":"tag-kari-nessa-nordtun","14":"tag-kommune","15":"tag-kommuneokonomi","16":"tag-latest-news","17":"tag-latestnews","18":"tag-laerernorm","19":"tag-laerertetthet","20":"tag-news","21":"tag-no","22":"tag-norge","23":"tag-norway","24":"tag-nyheter","25":"tag-overskrifter","26":"tag-top-stories","27":"tag-topstories"},"share_on_mastodon":{"url":"https:\/\/pubeurope.com\/@no\/115864236496481370","error":""},"_links":{"self":[{"href":"https:\/\/www.europesays.com\/no\/wp-json\/wp\/v2\/posts\/132784","targetHints":{"allow":["GET"]}}],"collection":[{"href":"https:\/\/www.europesays.com\/no\/wp-json\/wp\/v2\/posts"}],"about":[{"href":"https:\/\/www.europesays.com\/no\/wp-json\/wp\/v2\/types\/post"}],"author":[{"embeddable":true,"href":"https:\/\/www.europesays.com\/no\/wp-json\/wp\/v2\/users\/2"}],"replies":[{"embeddable":true,"href":"https:\/\/www.europesays.com\/no\/wp-json\/wp\/v2\/comments?post=132784"}],"version-history":[{"count":0,"href":"https:\/\/www.europesays.com\/no\/wp-json\/wp\/v2\/posts\/132784\/revisions"}],"wp:featuredmedia":[{"embeddable":true,"href":"https:\/\/www.europesays.com\/no\/wp-json\/wp\/v2\/media\/132785"}],"wp:attachment":[{"href":"https:\/\/www.europesays.com\/no\/wp-json\/wp\/v2\/media?parent=132784"}],"wp:term":[{"taxonomy":"category","embeddable":true,"href":"https:\/\/www.europesays.com\/no\/wp-json\/wp\/v2\/categories?post=132784"},{"taxonomy":"post_tag","embeddable":true,"href":"https:\/\/www.europesays.com\/no\/wp-json\/wp\/v2\/tags?post=132784"}],"curies":[{"name":"wp","href":"https:\/\/api.w.org\/{rel}","templated":true}]}}