{"id":132786,"date":"2026-01-09T08:38:09","date_gmt":"2026-01-09T08:38:09","guid":{"rendered":"https:\/\/www.europesays.com\/no\/132786\/"},"modified":"2026-01-09T08:38:09","modified_gmt":"2026-01-09T08:38:09","slug":"frontline-aksjen-hopper-etter-milliardhandel-e24","status":"publish","type":"post","link":"https:\/\/www.europesays.com\/no\/132786\/","title":{"rendered":"Frontline-aksjen hopper etter milliardhandel \u2013 E24"},"content":{"rendered":"<p class=\"fullWidthDesktop hyperion-css-71ztg2\" data-test-tag=\"lead-text\">Oslo B\u00f8rs \u00e5pner med oppgang fredag. <\/p>\n<p><img decoding=\"async\" class=\"image-asset hyperion-css-u06ts1\" data-test-tag=\"image-asset\" src=\"https:\/\/www.europesays.com\/no\/wp-content\/uploads\/2026\/01\/7d478cc7-e74a-411b-b3a3-85c3188c94d1.jpeg\"  alt=\"\"  loading=\"eager\" fetchpriority=\"high\" style=\"aspect-ratio:1900 \/ 1276\"\/>Publisert: Publisert: <\/p>\n<p>For mindre enn 40 minutter siden<\/p>\n<ul class=\"hyperion-css-pte5x0\">\n<li aria-label=\"link\" class=\"narrow-button hyperion-css-1sz7d3n\">Kopier lenke<\/li>\n<li aria-label=\"link\" class=\"wide-button hyperion-css-1sz7d3n\">Kopier lenke<\/li>\n<li aria-label=\"facebook\" class=\"narrow-button hyperion-css-1sz7d3n\">Del p\u00e5 Facebook<\/li>\n<li aria-label=\"facebook\" class=\"wide-button hyperion-css-1sz7d3n\">Del p\u00e5 Facebook<\/li>\n<li aria-label=\"email\" class=\"narrow-button hyperion-css-1sz7d3n\">Del med e-post<\/li>\n<li aria-label=\"email\" class=\"wide-button hyperion-css-1sz7d3n\">Del med e-post<\/li>\n<\/ul>\n<p class=\"hyperion-css-1lemvax\">Saken oppdateres..<\/p>\n<p class=\"hyperion-css-1lemvax\">Hovedindeksen stiger 0,9 prosent f\u00e5 minutter ut i handelen. <\/p>\n<p class=\"hyperion-css-1lemvax\">Nordsj\u00f8oljen handles for 62,8 dollar per fat, opp fra 60,9 dollar ved stengetid p\u00e5 B\u00f8rsen torsdag. <\/p>\n<p class=\"hyperion-css-1lemvax\"><a aria-label=\"Forsvarsaksjer stiger p\u00e5 Asia-b\u00f8rsene\" class=\"default hyperion-css-1rezu2g\" href=\"https:\/\/e24.no\/bors\/nyheter?pinnedEntry=303069\" rel=\"noopener nofollow\" data-test-tag=\"external-link\" target=\"_blank\">Forsvarsaksjer stiger p\u00e5 Asia-b\u00f8rsene<\/a>, som f\u00f8lge av geopolitiske spenningene etter den amerikanske bortf\u00f8ringen av Venezuelas president Nicol\u00e1s Maduro og president Donald Trumps nye utspill om at USA skal overta Gr\u00f8nland. <\/p>\n<p class=\"hyperion-css-1lemvax\">F\u00f8r b\u00f8rs\u00e5pning har det kommet et knippe nyheter fra selskapene. <\/p>\n<p>Fornyer fl\u00e5ten for milliarder<\/p>\n<p class=\"hyperion-css-1lemvax\">Torsdag kveld varslet John Fredriksen-rederiet Frontline store transaksjoner for \u00e5 fornye tankfl\u00e5ten.<\/p>\n<p class=\"hyperion-css-1lemvax\">Aksjen sendes opp 5,5 prosent i tidlig handel.<\/p>\n<p class=\"hyperion-css-1lemvax\">Selskapet selger \u00e5tte av sine eldste tankskip (VLCC-er), med en salgspris p\u00e5 totalt 831,5 millioner dollar (8,4 mrd. kroner). Leveringen er planlagt i f\u00f8rste kvartal.<\/p>\n<p class=\"hyperion-css-1lemvax\">I samme melding opplyser Frontline at de har inng\u00e5tt en avtale om \u00e5 kj\u00f8pe nybyggkontrakter p\u00e5 ni VLCC-er for en total sum p\u00e5 1,2 milliarder dollar (12,1 mrd. kroner). De er n\u00e5 under konstruksjon ved to verft i Kina.<\/p>\n<p class=\"hyperion-css-1lemvax\">\u2013 Etter v\u00e5rt syn er dette et positivt grep fra Frontline, ettersom selskapet klarer \u00e5 selge sine eldste VLCC-er til en pris som ligger langt over v\u00e5re generelle anslag, samtidig som de investerer i nybygg til priser som samsvarer med v\u00e5re verdivurderinger, fremhever analytiker Fredrik Dybwad i Fearnley Securities.<\/p>\n<p class=\"hyperion-css-1lemvax\">Frontline venter \u00e5 notere en gevinst p\u00e5 mellom 217 og 226,7 millioner i regnskapet for f\u00f8rste kvartal \u2013 avhengig av leveringsdatoen p\u00e5 skipene.<\/p>\n<p class=\"hyperion-css-1lemvax\">Kj\u00f8pet gj\u00f8res av et selskap tilknyttet Hemen Holding \u2013 selskapet til hovedeier John Fredriksen. Det skal finansieres med langsiktig gjeld og kontanter, if\u00f8lge meldingen.<\/p>\n<p class=\"hyperion-css-1lemvax\">Leveringen av de nye skipene er ventet i l\u00f8pet av de neste par \u00e5rene: Syv av dem er ventet fra tredje kvartal i 2026, mens to av dem er ventet i henholdsvis f\u00f8rste og andre kvartal 2027.<\/p>\n<p>Tallslipp<\/p>\n<p class=\"hyperion-css-1lemvax\">Interi\u00f8rkjeden Kid er ute med en inntektsoppdatering for fjerde kvartal. Den viser at omsetningen landet p\u00e5 1,45 milliarder kroner, opp fra 1,43 milliarder i fjerde kvartal \u00e5ret f\u00f8r. <\/p>\n<p class=\"hyperion-css-1lemvax\">Aksjen faller 2,6 prosent.<\/p>\n<p class=\"hyperion-css-1lemvax\">Seismikkselskapet TGS melder om en utnyttelse av fl\u00e5ten p\u00e5 79 prosent i fjerde kvartal, opp fra 66 prosent i fjerde kvartal \u00e5ret f\u00f8r. <\/p>\n<p class=\"hyperion-css-1lemvax\">Investeringene i multiklientseismikk er ventet p\u00e5 120 millioner dollar i kvartalet, opp fra rundt 100 millioner dollar i fjerde kvartal \u00e5ret f\u00f8r. <\/p>\n<p class=\"hyperion-css-1lemvax\">Aksjen sendes fopp 7,6 prosent.<\/p>\n<p class=\"hyperion-css-1lemvax\">Yara stiger 2 prosent etter at gj\u00f8dselkjempen har lagt frem nye m\u00e5l p\u00e5 sin kapitalmarkedsdag. <\/p>\n<p class=\"hyperion-css-1lemvax\">Analytiker Marcus Gavelli i Pareto Securities peker i et notat p\u00e5 at Yara legger frem et tydelig m\u00e5l om \u00e5 l\u00f8fte brutto driftsresultat (ebitda) med 200 millioner dollar innen 2027 og med 350 millioner dollar innen 2030.<\/p>\n","protected":false},"excerpt":{"rendered":"Oslo B\u00f8rs \u00e5pner med oppgang fredag. Publisert: Publisert: For mindre enn 40 minutter siden Kopier lenke Kopier lenke&hellip;\n","protected":false},"author":2,"featured_media":132787,"comment_status":"","ping_status":"","sticky":false,"template":"","format":"standard","meta":{"footnotes":""},"categories":[5],"tags":[20,21,24,25,15,19,22,23,17,18,13,30,28,29,14,16,26,27],"class_list":{"0":"post-132786","1":"post","2":"type-post","3":"status-publish","4":"format-standard","5":"has-post-thumbnail","7":"category-overskrifter","8":"tag-breaking-news","9":"tag-breakingnews","10":"tag-featured-news","11":"tag-featurednews","12":"tag-headlines","13":"tag-hovedoppslag","14":"tag-latest-news","15":"tag-latestnews","16":"tag-main-news","17":"tag-mainnews","18":"tag-news","19":"tag-no","20":"tag-norge","21":"tag-norway","22":"tag-nyheter","23":"tag-overskrifter","24":"tag-top-stories","25":"tag-topstories"},"share_on_mastodon":{"url":"https:\/\/pubeurope.com\/@no\/115864240334673550","error":""},"_links":{"self":[{"href":"https:\/\/www.europesays.com\/no\/wp-json\/wp\/v2\/posts\/132786","targetHints":{"allow":["GET"]}}],"collection":[{"href":"https:\/\/www.europesays.com\/no\/wp-json\/wp\/v2\/posts"}],"about":[{"href":"https:\/\/www.europesays.com\/no\/wp-json\/wp\/v2\/types\/post"}],"author":[{"embeddable":true,"href":"https:\/\/www.europesays.com\/no\/wp-json\/wp\/v2\/users\/2"}],"replies":[{"embeddable":true,"href":"https:\/\/www.europesays.com\/no\/wp-json\/wp\/v2\/comments?post=132786"}],"version-history":[{"count":0,"href":"https:\/\/www.europesays.com\/no\/wp-json\/wp\/v2\/posts\/132786\/revisions"}],"wp:featuredmedia":[{"embeddable":true,"href":"https:\/\/www.europesays.com\/no\/wp-json\/wp\/v2\/media\/132787"}],"wp:attachment":[{"href":"https:\/\/www.europesays.com\/no\/wp-json\/wp\/v2\/media?parent=132786"}],"wp:term":[{"taxonomy":"category","embeddable":true,"href":"https:\/\/www.europesays.com\/no\/wp-json\/wp\/v2\/categories?post=132786"},{"taxonomy":"post_tag","embeddable":true,"href":"https:\/\/www.europesays.com\/no\/wp-json\/wp\/v2\/tags?post=132786"}],"curies":[{"name":"wp","href":"https:\/\/api.w.org\/{rel}","templated":true}]}}