{"id":132792,"date":"2026-01-09T08:43:10","date_gmt":"2026-01-09T08:43:10","guid":{"rendered":"https:\/\/www.europesays.com\/no\/132792\/"},"modified":"2026-01-09T08:43:10","modified_gmt":"2026-01-09T08:43:10","slug":"sverige-innvandring-innvandringen-i-sverige-ned-med-30-prosent-laveste-siden-2006","status":"publish","type":"post","link":"https:\/\/www.europesays.com\/no\/132792\/","title":{"rendered":"Sverige, Innvandring | Innvandringen i Sverige ned med 30 prosent \u2013 laveste siden 2006"},"content":{"rendered":"\n<p>Innvandringen i Sverige er p\u00e5 sitt laveste niv\u00e5 p\u00e5 nesten 40 \u00e5r, skriver svenske <a href=\"https:\/\/www.expressen.se\/nyheter\/politik\/regeringen-haller-presstraff-om-migrationen\/\" rel=\"Follow nofollow noopener\" target=\"_blank\">Expressen<\/a>.<\/p>\n<p>I 2025 falt antallet asyls\u00f8knader med om lag 30 prosent.<\/p>\n<p>Det opplyser regjeringen i landet under en pressekonferanse fredag.<\/p>\n<p>\u2013 Innvandringen som helhet er p\u00e5 sitt laveste niv\u00e5 siden 2006, sier migrasjonsminister Johan Forssell (M), til pressen.<\/p>\n<p>Ukrainske flyktninger inng\u00e5r ikke i statistikken.<\/p>\n<p>    Vil du se neste video?<\/p>\n<p>    <a href=\"https:\/\/www.nettavisen.no\/nyheter\/ukrainsk-jagerfly-odelegger-for-vladimir-putin-i-pokrovsk\/v\/5-95-2807927\" class=\"recommend-poster\" data-adp-clicklabel=\"video-recommend\" data-adp-clickvalue=\"poster\" rel=\"nofollow noopener\" target=\"_blank\"><br \/>\n      <img decoding=\"async\" width=\"200\" height=\"200\" loading=\"lazy\" src=\"https:\/\/www.europesays.com\/no\/wp-content\/uploads\/2026\/01\/JAGERFLY+BREDDE.jpg\" alt=\"\" class=\"brick-c-cFOWSL\" style=\"--brick-image-ratio: 200 \/ 200;\"\/><\/p>\n<p>Nye bilder: Rammer Putin hardt0:41<\/p>\n<p>    <\/a><\/p>\n<p>        Frp-leder Sylvi Listhaug mener Norge m\u00e5 innf\u00f8re en utvisningsreform p\u00e5 lik linje med Danmark. Hun m\u00f8tte statsminister Jonas Gahr St\u00f8re til duell i \u00abPolitisk kvarter\u00bb p\u00e5 NRK mandag morgen.<br \/>\n        Flere returnerer frivillig<\/p>\n<p>\u00c5 f\u00e5 ned innvandringen har v\u00e6rt h\u00f8yt p\u00e5 prioriteringslisten til den sittende svenske regjeringen, skriver svenske Expressen.<\/p>\n<p>I 2025 var det totalt 6735 som s\u00f8kte asyl i Sverige, sammenliknet med 9645 i 2024.<\/p>\n<p>I perioden 2016\u20132022 l\u00e5 snittet p\u00e5 om lag 20 000 asyls\u00f8kere i \u00e5ret.<\/p>\n<p>Forssell forteller at det i tillegg er \u00f8kning av b\u00e5de frivillige returer og tvangsreturer.<\/p>\n<p>\u2013 Det er sv\u00e6rt gledelig at de frivillige ogs\u00e5 \u00f8ker. Det er det beste, det mest humane og billigste.<\/p>\n<p><b>Les ogs\u00e5: <a class=\"simple-relation related-teaser article--c-eRUmMG article--c-eRUmMG-fZoQSp-design-nettavisen article--c-eRUmMG-gwthdJ-cv\" href=\"https:\/\/www.nettavisen.no\/frp-legger-frem-forslag-om-utvisningsreform\/s\/5-95-2813468\" rel=\"nofollow noopener\" target=\"_blank\">Frp legger frem forslag om utvisningsreform<\/a><\/b><\/p>\n<p>\u00d8kning i utvisninger av kriminelle<\/p>\n<p>Samtidig har antallet kriminelle som utvises \u00f8kt, opplyser Forssell under pressekonferansen.<\/p>\n<p>I 2025 \u00f8kte antallet utvisninger etter lovbrudd med 20 prosent.<\/p>\n<p>\u2013 Dette er et prioritert omr\u00e5de. Sverige vil ha de strengeste regelverkene i hele Norden, til og med strengere enn Danmark, understreker ministeren.<\/p>\n<p>\u00abFlere og st\u00f8rre juridiske endringer venter oss fremover\u00bb, fortsetter Forssell.<\/p>\n<p>\u2013 Jeg gleder meg til \u00e5 g\u00e5 til Riksdagen med det, avslutter han.<\/p>\n<p><b>Les kommentaren: <a class=\"simple-relation related-teaser article--c-eRUmMG article--c-eRUmMG-fZoQSp-design-nettavisen article--c-eRUmMG-gwthdJ-cv\" href=\"https:\/\/www.nettavisen.no\/norge-kan-utvise-kriminelle-utlendinger-men-flyktninger-er-en-beskyttet-gruppe\/s\/5-95-2809176\" rel=\"nofollow noopener\" target=\"_blank\">Norge kan utvise kriminelle utlendinger, men flyktninger er en beskyttet gruppe<\/a><\/b><\/p>\n<p>Fikk Trump-kritikk<\/p>\n<p>Sverige ble i desember trukket frem som et skrekk-eksempel av USAs president Donald Trump, som i et intervju med Politico, hevdet at europeiske ledere var for svake som tillot s\u00e5 mye innvandring.<\/p>\n<p>\u2013 Sverige har blitt et helt annet land, sa blant annet Trump i intervjuet.<\/p>\n<p>Han forklarte at han mente europeiske ledere var \u00abfor politisk korrekte\u00bb, noe som svekker sikkerheten i landene.<\/p>\n<p>\u2013 Jeg mener de b\u00f8r f\u00e5 ut folkene som tok seg ulovlig inn i landet, sier han. Trump peker p\u00e5 Storbritannia og Frankrike og s\u00e6rlig Sverige som et land som er preget av dette, s\u00e5 Trump og fortsatte:<\/p>\n<p>\u2013 Du vet, ta en kikk p\u00e5 Sverige. Sverige var kjent som et av de tryggeste landene i Europa, et av de tryggeste landene i verden. N\u00e5 er det kjent som veldig utrygt, eller et ganske utrygt land.<\/p>\n<p><b>Les ogs\u00e5: <a class=\"simple-relation related-teaser article--c-eRUmMG article--c-eRUmMG-fZoQSp-design-nettavisen article--c-eRUmMG-gwthdJ-cv\" href=\"https:\/\/www.nettavisen.no\/sveriges-statsminister-reagerer-pa-trump-uttalelser\/s\/5-95-2771717\" rel=\"nofollow noopener\" target=\"_blank\">Sveriges statsminister reagerer p\u00e5 Trump-uttalelser<\/a><\/b><\/p>\n","protected":false},"excerpt":{"rendered":"Innvandringen i Sverige er p\u00e5 sitt laveste niv\u00e5 p\u00e5 nesten 40 \u00e5r, skriver svenske Expressen. I 2025 falt&hellip;\n","protected":false},"author":2,"featured_media":132793,"comment_status":"","ping_status":"","sticky":false,"template":"","format":"standard","meta":{"footnotes":""},"categories":[12],"tags":[20,21,24,25,15,22,23,13,30,28,29,14,16,26,27,42,43,44,45],"class_list":{"0":"post-132792","1":"post","2":"type-post","3":"status-publish","4":"format-standard","5":"has-post-thumbnail","7":"category-verden","8":"tag-breaking-news","9":"tag-breakingnews","10":"tag-featured-news","11":"tag-featurednews","12":"tag-headlines","13":"tag-latest-news","14":"tag-latestnews","15":"tag-news","16":"tag-no","17":"tag-norge","18":"tag-norway","19":"tag-nyheter","20":"tag-overskrifter","21":"tag-top-stories","22":"tag-topstories","23":"tag-verden","24":"tag-world","25":"tag-world-news","26":"tag-worldnews"},"share_on_mastodon":{"url":"https:\/\/pubeurope.com\/@no\/115864260159678594","error":""},"_links":{"self":[{"href":"https:\/\/www.europesays.com\/no\/wp-json\/wp\/v2\/posts\/132792","targetHints":{"allow":["GET"]}}],"collection":[{"href":"https:\/\/www.europesays.com\/no\/wp-json\/wp\/v2\/posts"}],"about":[{"href":"https:\/\/www.europesays.com\/no\/wp-json\/wp\/v2\/types\/post"}],"author":[{"embeddable":true,"href":"https:\/\/www.europesays.com\/no\/wp-json\/wp\/v2\/users\/2"}],"replies":[{"embeddable":true,"href":"https:\/\/www.europesays.com\/no\/wp-json\/wp\/v2\/comments?post=132792"}],"version-history":[{"count":0,"href":"https:\/\/www.europesays.com\/no\/wp-json\/wp\/v2\/posts\/132792\/revisions"}],"wp:featuredmedia":[{"embeddable":true,"href":"https:\/\/www.europesays.com\/no\/wp-json\/wp\/v2\/media\/132793"}],"wp:attachment":[{"href":"https:\/\/www.europesays.com\/no\/wp-json\/wp\/v2\/media?parent=132792"}],"wp:term":[{"taxonomy":"category","embeddable":true,"href":"https:\/\/www.europesays.com\/no\/wp-json\/wp\/v2\/categories?post=132792"},{"taxonomy":"post_tag","embeddable":true,"href":"https:\/\/www.europesays.com\/no\/wp-json\/wp\/v2\/tags?post=132792"}],"curies":[{"name":"wp","href":"https:\/\/api.w.org\/{rel}","templated":true}]}}