{"id":132804,"date":"2026-01-09T08:58:12","date_gmt":"2026-01-09T08:58:12","guid":{"rendered":"https:\/\/www.europesays.com\/no\/132804\/"},"modified":"2026-01-09T08:58:12","modified_gmt":"2026-01-09T08:58:12","slug":"en-dod-og-38-savnet","status":"publish","type":"post","link":"https:\/\/www.europesays.com\/no\/132804\/","title":{"rendered":"\u00c9n d\u00f8d og 38 savnet"},"content":{"rendered":"<p>    Minst \u00e9n er d\u00f8d og 38 savnet etter et enormt s\u00f8ppelras som begravde arbeidere ved et avfallsanlegg p\u00e5 Filippinene.<\/p>\n<p>\n    VANVITTIG: Et luftfoto viser den enorme s\u00f8ppelhaugen som raste sammen ved et avfallsanlegg i Binaliw i Cebu by p\u00e5 Filippinene fredag 9. januar 2026. Foto: Jacqueline Hernandez \/ AP\n  <\/p>\n<p>    Kort fortalt<\/p>\n<ul lang=\"nb-NO\">\n<li>Minst \u00e9n person er d\u00f8d og 38 savnet etter et s\u00f8ppelras i Cebu, Filippinene.<\/li>\n<li>Raset begravde bygninger og arbeidere ved et avfallsanlegg i landsbyen Binaliw.<\/li>\n<li>Redningsmannskaper reddet 13 personer, mens 12 er skadd og fraktet til sykehus.<\/li>\n<li>S\u00f8ket fortsetter med gravemaskiner, og et krisem\u00f8te er varslet.<\/li>\n<\/ul>\n<p class=\"italic ai-disclaimer\" data-lab-italic=\"italic\">Sammendraget er laget av ChatGPT og godkjent av Dagbladet.<\/p>\n<p>      Vis mer<br \/>\n      Vis mindre<\/p>\n<p>Minst \u00e9n person er d\u00f8d og 38 savnet etter at et enormt s\u00f8ppelras traff et avfallsanlegg i Cebu p\u00e5 Fillippinene, if\u00f8lge <a href=\"https:\/\/www.bbc.com\/news\/articles\/c17zqz5pprwo\" rel=\"nofollow noopener\" target=\"_blank\">BBC<\/a>.<\/p>\n<p>Et ras av s\u00f8ppel, jord og bygningsrester begravde bygninger og arbeidere ved et avfallsanlegg i landsbyen Binaliw i Cebu by torsdag ettermiddag, opplyser lokale myndigheter.<\/p>\n<p class=\"font-weight-bold m-font-weight-bold\" data-lab-font_weight=\"font-weight-bold\">Redningsmannskaper fikk i l\u00f8pet av natta reddet 13 personer i live. 12 er skadd og fraktet til sykehus.\u00a0<\/p>\n<p>        <img loading=\"lazy\" decoding=\"async\" src=\"https:\/\/www.europesays.com\/no\/wp-content\/uploads\/2026\/01\/84075885.webp.webp\" width=\"980\" height=\"559\" title=\"Redningsmannskaper leter fortsatt etter savnede etter at en enorm s\u00f8ppelhaug raste sammen ved et avfallsanlegg i Binaliw i Cebu by p\u00e5 Filippinene 9. januar 2026. Foto: Jacqueline Hernandez \/ AP \/ NTB\" alt=\"\" class=\"\" style=\"--aspect-ratio-image: 1.75; \"\/><\/p>\n<p>\n        Redningsmannskaper leter fortsatt etter savnede etter at en enorm s\u00f8ppelhaug raste sammen ved et avfallsanlegg i Binaliw i Cebu by p\u00e5 Filippinene 9. januar 2026. Foto: Jacqueline Hernandez \/ AP \/ NTB\n    <\/p>\n<p>38 savnet\t<\/p>\n<p>En kvinnelig ansatt d\u00f8de under transport til sykehus, if\u00f8lge regional politisjef Roderick Maranan.<\/p>\n<p>Totalt er 38 personer fortsatt savnet. S\u00f8ket p\u00e5g\u00e5r med gravemaskiner og tungt utstyr i det \u00f8delagte omr\u00e5det, der blikktak og jernbjelker ligger vridd i s\u00f8ppelmassene.\u00a0<\/p>\n<p>P\u00e5r\u00f8rende venter i fortvilelse mens redningsarbeidet fortsetter.<\/p>\n<p>    <a itemprop=\"url\" href=\"https:\/\/www.dagbladet.no\/nyheter\/ekspert-peker-pa-gigantiske-hull\/84065162\" rel=\"nofollow noopener\" target=\"_blank\"><\/p>\n<p>        <img loading=\"lazy\" decoding=\"async\" src=\"https:\/\/www.europesays.com\/no\/wp-content\/uploads\/2026\/01\/1767949090_282_84072438.webp.webp\" width=\"980\" height=\"441\" title=\"Ekspert peker p\u00e5 \u00abgigantiske hull\u00bb\" alt=\"\" class=\"lazyload\" style=\"--aspect-ratio-image: 2.22; \"\/><\/p>\n<p>        Ekspert peker p\u00e5 \u00abgigantiske hull\u00bb<\/p>\n<p>    <\/a><\/p>\n<p>En 31 \u00e5r gammel kontoransatt ved anlegget forteller at raset kom br\u00e5tt og uten forvarsel, i fint v\u00e6r. Kontoret hans ble knust, men han klarte \u00e5 krype seg ut med skader i ansikt og armer.<\/p>\n<p>Det er forel\u00f8pig uklart om ogs\u00e5 beboere i n\u00e6romr\u00e5det er rammet.\u00a0<\/p>\n<p>        <img loading=\"lazy\" decoding=\"async\" src=\"https:\/\/www.europesays.com\/no\/wp-content\/uploads\/2026\/01\/84075874.webp.webp\" width=\"980\" height=\"559\" title=\"ENORME MENGDER: Et luftfoto viser \u00f8deleggelsene etter at en enorm s\u00f8ppelhaug raste sammen ved et avfallsanlegg i Binaliw i Cebu by p\u00e5 Filippinene 9. januar 2026. Foto: Jacqueline Hernandez \/ AP \/ NTB\" alt=\"\" class=\"\" style=\"--aspect-ratio-image: 1.75; \"\/><\/p>\n<p>\n        ENORME MENGDER: Et luftfoto viser \u00f8deleggelsene etter at en enorm s\u00f8ppelhaug raste sammen ved et avfallsanlegg i Binaliw i Cebu by p\u00e5 Filippinene 9. januar 2026. Foto: Jacqueline Hernandez \/ AP \/ NTB\n    <\/p>\n<p>Varlet krisem\u00f8te\t<\/p>\n<p>Avfallsanlegget har rundt 110 ansatte, og det er varslet krisem\u00f8te fredag.<\/p>\n<p>S\u00f8ppelfyllinger og \u00e5pne avfallsplasser har i mange \u00e5r v\u00e6rt et alvorlig helse- og sikkerhetsproblem p\u00e5 Filippinene, s\u00e6rlig i fattige omr\u00e5der der folk leter etter brukbare gjenstander i avfallet.<\/p>\n<p>    <a itemprop=\"url\" href=\"https:\/\/www.dagbladet.no\/kjendis\/utsetter-etter-drapet-hjerteskjaerende\/84074953\" rel=\"nofollow noopener\" target=\"_blank\"><\/p>\n<p>        <img loading=\"lazy\" decoding=\"async\" src=\"https:\/\/www.europesays.com\/no\/wp-content\/uploads\/2026\/01\/84075028.webp.webp\" width=\"980\" height=\"441\" title=\"Utsetter etter drapet: - Hjerteskj\u00e6rende\" alt=\"\" class=\"lazyload\" style=\"--aspect-ratio-image: 2.22; \"\/><\/p>\n<p>        Utsetter etter drapet: &#8211; Hjerteskj\u00e6rende<\/p>\n<p>    <\/a><\/p>\n<p>I juli 2000 omkom over 200 mennesker da et s\u00f8ppelras traff en slumbydel utenfor Manila etter kraftig regnv\u00e6r.\u00a0<\/p>\n<p>Katastrofen f\u00f8rte til strengere lover og krav om bedre avfallsh\u00e5ndtering, men nye ulykker skjer fortsatt.<\/p>\n","protected":false},"excerpt":{"rendered":"Minst \u00e9n er d\u00f8d og 38 savnet etter et enormt s\u00f8ppelras som begravde arbeidere ved et avfallsanlegg p\u00e5&hellip;\n","protected":false},"author":2,"featured_media":132805,"comment_status":"","ping_status":"","sticky":false,"template":"","format":"standard","meta":{"footnotes":""},"categories":[12],"tags":[20,21,24,25,15,22,23,13,30,28,29,14,16,26,27,412,42,43,44,45],"class_list":{"0":"post-132804","1":"post","2":"type-post","3":"status-publish","4":"format-standard","5":"has-post-thumbnail","7":"category-verden","8":"tag-breaking-news","9":"tag-breakingnews","10":"tag-featured-news","11":"tag-featurednews","12":"tag-headlines","13":"tag-latest-news","14":"tag-latestnews","15":"tag-news","16":"tag-no","17":"tag-norge","18":"tag-norway","19":"tag-nyheter","20":"tag-overskrifter","21":"tag-top-stories","22":"tag-topstories","23":"tag-utenriks","24":"tag-verden","25":"tag-world","26":"tag-world-news","27":"tag-worldnews"},"share_on_mastodon":{"url":"https:\/\/pubeurope.com\/@no\/115864319061198474","error":""},"_links":{"self":[{"href":"https:\/\/www.europesays.com\/no\/wp-json\/wp\/v2\/posts\/132804","targetHints":{"allow":["GET"]}}],"collection":[{"href":"https:\/\/www.europesays.com\/no\/wp-json\/wp\/v2\/posts"}],"about":[{"href":"https:\/\/www.europesays.com\/no\/wp-json\/wp\/v2\/types\/post"}],"author":[{"embeddable":true,"href":"https:\/\/www.europesays.com\/no\/wp-json\/wp\/v2\/users\/2"}],"replies":[{"embeddable":true,"href":"https:\/\/www.europesays.com\/no\/wp-json\/wp\/v2\/comments?post=132804"}],"version-history":[{"count":0,"href":"https:\/\/www.europesays.com\/no\/wp-json\/wp\/v2\/posts\/132804\/revisions"}],"wp:featuredmedia":[{"embeddable":true,"href":"https:\/\/www.europesays.com\/no\/wp-json\/wp\/v2\/media\/132805"}],"wp:attachment":[{"href":"https:\/\/www.europesays.com\/no\/wp-json\/wp\/v2\/media?parent=132804"}],"wp:term":[{"taxonomy":"category","embeddable":true,"href":"https:\/\/www.europesays.com\/no\/wp-json\/wp\/v2\/categories?post=132804"},{"taxonomy":"post_tag","embeddable":true,"href":"https:\/\/www.europesays.com\/no\/wp-json\/wp\/v2\/tags?post=132804"}],"curies":[{"name":"wp","href":"https:\/\/api.w.org\/{rel}","templated":true}]}}