{"id":132810,"date":"2026-01-09T09:05:10","date_gmt":"2026-01-09T09:05:10","guid":{"rendered":"https:\/\/www.europesays.com\/no\/132810\/"},"modified":"2026-01-09T09:05:10","modified_gmt":"2026-01-09T09:05:10","slug":"dette-er-lavest-mulig-iq-svindel","status":"publish","type":"post","link":"https:\/\/www.europesays.com\/no\/132810\/","title":{"rendered":"\u2013 Dette er lavest mulig IQ-svindel"},"content":{"rendered":"<p><strong>USAs visepressident JD Vance presenterte torsdag det han kaller den mest omfattende velferdssvindelen i amerikansk historie, med Minnesota som episenter for et bedrageri som skal ha kostet skattebetalerne milliarder av dollar.<\/strong><\/p>\n<p>Under en <a href=\"https:\/\/youtu.be\/R_BILWX5md0\" rel=\"nofollow noopener\" target=\"_blank\">pressekonferanse<\/a> i Det hvite hus avsl\u00f8rte Vance detaljene i en p\u00e5g\u00e5ende etterforskning som omfatter flere stater og involverer tusenvis av f\u00f8derale agenter.<\/p>\n<p>Vance beskrev svindeloperasjonen som s\u00e5 \u00e5penbar at den n\u00e6rmest var amat\u00f8rmessig.<\/p>\n<p>\u2013 Dette er ikke Lex Luthor. Dette er ikke filmskurk-svindel. Dette er lavest mulig IQ-svindel, sa visepresidenten.<\/p>\n<p>Han ga konkrete eksempler: Kriminelle nettverk skal ha opprettet barnehagesentre uten barn, og driver s\u00e5kalte utdanningsinstitusjoner med null p\u00e5meldte.<\/p>\n<p>\u2013 Vi tar frav\u00e6ret av barn og setter opp et dagsenter der det ikke finnes noen barn. Og vi kaller v\u00e5rt utdanningssenter for \u00abQuality Learing Center\u00bb. Hvis du ikke kan stave \u00ablearning\u00bb, burde du kanskje ikke drive med barneoppl\u00e6ring, sa Vance h\u00e5nlig.<\/p>\n<p>\u2013 Men folk ble rike p\u00e5 dette. Vi vet at det var skoler som enten ikke hadde noen p\u00e5meldte, eller i hvert fall overdrev p\u00e5meldingstallene sine kraftig.<\/p>\n<p><strong>Omfattende f\u00f8deralt innsats<\/strong><\/p>\n<p>Trump-administrasjonen har mobilisert en storstilt etterforskning:<\/p>\n<ul class=\"wp-block-list\">\n<li>Over 1500 stevninger\u00a0er utstedt av justisdepartementet<\/li>\n<li>Nesten 100 tiltaler\u00a0er reist, hovedsakelig mot somaliske innvandrere<\/li>\n<li>Tusenvis av f\u00f8derale agenter\u00a0er aktivert<\/li>\n<li>Dobbelt s\u00e5 mange f\u00f8derale p\u00e5talemyndigheter\u00a0er plassert i Minneapolis<\/li>\n<li>Tverretatlig task force\u00a0koordinerer innsatsen<\/li>\n<\/ul>\n<p>Vance forklarte at etterforskerne samme morgen hadde g\u00e5tt d\u00f8r-til-d\u00f8r for \u00e5 etterforske det han kalte \u00aburedelige sentre for omsorgstjenester\u00bb og \u00aburedelige sosiale tjenesteorganisasjoner\u00bb.<\/p>\n<p>\u2013 Landbruksdepartementet har ressurser fokusert p\u00e5 SNAP-svindel (matvarekupongprogrammet), slik at folk som trenger matvarehjelp kan f\u00e5 det, men ulovlige innvandrere og andre svindlere ikke f\u00e5r det, forklarte han.<\/p>\n<p><strong>Ny nasjonal statsadvokat<\/strong><\/p>\n<p>For \u00e5 intensivere arbeidet oppretter administrasjonen en helt ny stilling: en assisterende statsadvokat med nasjonal jurisdiksjon over svindelsaker.<\/p>\n<p>\u2013 Denne personen vil ha nasjonal jurisdiksjon over svindel. Selvf\u00f8lgelig vil vedkommendes innsats starte og prim\u00e6rt fokusere p\u00e5 Minnesota, men det blir en nasjonal innsats fordi det amerikanske folket dessverre har blitt svindlet p\u00e5 en sv\u00e6rt nasjonal m\u00e5te, sa Vance.<\/p>\n<p>Stillingen skal ha \u00aballe fordelene, alle ressursene og all myndigheten til en spesialetterforsker\u00bb, men med to kritiske forskjeller fra tradisjonelle spesialetterforskere:<\/p>\n<ol start=\"1\" class=\"wp-block-list\">\n<li>Den drives fra Det hvite hus under direkte tilsyn av presidenten og visepresidenten<\/li>\n<li>Den er \u00abfaktisk konstitusjonelt legitim\u00bb \u2013 i motsetning til spesialetterforskere som Vance mener har konstitusjonelle problemer<\/li>\n<\/ol>\n<p>\u2013 N\u00e5r vi f\u00e5r de kriminelle, vil vi s\u00f8rge for at vi f\u00e5r dem permanent, og at de ikke har noe juridisk smutthull de kan slippe unna gjennom. Det er derfor vi setter det opp som en assisterende statsadvokat, forklarte Vance.<\/p>\n<p>USAs justisminister Pam Bondi skal ha f\u00e5tt stillingen godkjent p\u00e5 rekordtid.<\/p>\n<p>\u2013 \u00c5 opprette en jobb som dette tar ofte m\u00e5neder, noen ganger enda lenger. Da vi inns\u00e5 at vi trengte denne stillingen, fikk Pam denne personen opp og i gang p\u00e5 omtrent en uke, sa Vance.<\/p>\n<p>Senatsflertallsleder John Thune har lovet rask godkjenning n\u00e5r nominasjonen kommer.<\/p>\n<p><strong>Walz beskyldes for medvirkning<\/strong><\/p>\n<p>Vance rettet sterk kritikk mot Minnesotas guvern\u00f8r Tim Walz, som nettopp har kunngjort at han ikke stiller til gjenvalg.<\/p>\n<p>\u2013 Tim Walz er en vits. Hele hans administrasjon har v\u00e6rt en vits. Ideen om at han er en slags frihetskjemper \u2013 det er han ikke. Han er en fyr som har muliggjort svindel, og kanskje til og med deltatt i svindel. Det er det denne nye assisterende statsadvokaten skal finne ut av, sa visepresidenten.<\/p>\n<p>Da en journalist spurte hvorfor Walz burde g\u00e5 av, svarte Vance:<\/p>\n<p>\u2013 Det er helt klart at enten visste han om velferdssvindelen i Minneapolis, eller s\u00e5 s\u00e5 han i det minste den andre veien. Dette er ikke lavt IQ mulig svindel som er godt skjult. Folk ble rike p\u00e5 dette. Walz var enten utrolig inkompetent, eller s\u00e5 var han med p\u00e5 svindelen. Det er noe av det vi skal komme til bunns i.<\/p>\n<p><strong>Landsomfattende problem<\/strong><\/p>\n<p>Selv om Minnesota st\u00e5r i sentrum, understreket Vance at problemet strekker seg langt utover \u00e9n stat.<\/p>\n<p>\u2013 Vi vet at svindelen ikke bare skjer i Minneapolis. Den skjer ogs\u00e5 i stater som Ohio, California og andre steder, sa han.<\/p>\n<p>Visepresidenten forklarte hvorfor dette er viktig for vanlige amerikanere:<\/p>\n<p>\u2013 Jeg er far til tre sm\u00e5 barn. Mange i min generasjon sliter med \u00e5 ha r\u00e5d til barnepass. Det finnes programmer for \u00e5 gj\u00f8re det lettere \u00e5 f\u00e5 barna i barnehage og f\u00f8rskole. Disse programmene skal g\u00e5 til amerikanske borgere \u2013 ikke bli svindlet av somaliske innvandrere og andre som gj\u00f8r det vanskeligere for deg \u00e5 f\u00e5 tilgang til ressursene du trenger, og dessuten gj\u00f8r det lettere for folk som ikke engang skal v\u00e6re i dette landet \u00e5 fl\u00e5 USA og skattebetalerne v\u00e5re.<\/p>\n<p><strong>Etterforskningen fortsetter<\/strong><\/p>\n<p>Vance gjorde det klart at dette bare er begynnelsen.<\/p>\n<p>\u2013 Vi kommer til \u00e5 holde svindlere ansvarlige og kreve rettferdighet for lovlydige amerikanske skattebetalere og borgere over hele v\u00e5rt land, sa han.<\/p>\n","protected":false},"excerpt":{"rendered":"USAs visepressident JD Vance presenterte torsdag det han kaller den mest omfattende velferdssvindelen i amerikansk historie, med Minnesota&hellip;\n","protected":false},"author":2,"featured_media":132811,"comment_status":"","ping_status":"","sticky":false,"template":"","format":"standard","meta":{"footnotes":""},"categories":[12],"tags":[20,21,24,25,15,2537,22,23,2119,13,30,28,29,14,16,1441,26,27,50,13732,42,43,44,45],"class_list":{"0":"post-132810","1":"post","2":"type-post","3":"status-publish","4":"format-standard","5":"has-post-thumbnail","7":"category-verden","8":"tag-breaking-news","9":"tag-breakingnews","10":"tag-featured-news","11":"tag-featurednews","12":"tag-headlines","13":"tag-jd-vance","14":"tag-latest-news","15":"tag-latestnews","16":"tag-minnesota","17":"tag-news","18":"tag-no","19":"tag-norge","20":"tag-norway","21":"tag-nyheter","22":"tag-overskrifter","23":"tag-svindel","24":"tag-top-stories","25":"tag-topstories","26":"tag-usa","27":"tag-velferdssvindel","28":"tag-verden","29":"tag-world","30":"tag-world-news","31":"tag-worldnews"},"share_on_mastodon":{"url":"https:\/\/pubeurope.com\/@no\/115864346593545631","error":""},"_links":{"self":[{"href":"https:\/\/www.europesays.com\/no\/wp-json\/wp\/v2\/posts\/132810","targetHints":{"allow":["GET"]}}],"collection":[{"href":"https:\/\/www.europesays.com\/no\/wp-json\/wp\/v2\/posts"}],"about":[{"href":"https:\/\/www.europesays.com\/no\/wp-json\/wp\/v2\/types\/post"}],"author":[{"embeddable":true,"href":"https:\/\/www.europesays.com\/no\/wp-json\/wp\/v2\/users\/2"}],"replies":[{"embeddable":true,"href":"https:\/\/www.europesays.com\/no\/wp-json\/wp\/v2\/comments?post=132810"}],"version-history":[{"count":0,"href":"https:\/\/www.europesays.com\/no\/wp-json\/wp\/v2\/posts\/132810\/revisions"}],"wp:featuredmedia":[{"embeddable":true,"href":"https:\/\/www.europesays.com\/no\/wp-json\/wp\/v2\/media\/132811"}],"wp:attachment":[{"href":"https:\/\/www.europesays.com\/no\/wp-json\/wp\/v2\/media?parent=132810"}],"wp:term":[{"taxonomy":"category","embeddable":true,"href":"https:\/\/www.europesays.com\/no\/wp-json\/wp\/v2\/categories?post=132810"},{"taxonomy":"post_tag","embeddable":true,"href":"https:\/\/www.europesays.com\/no\/wp-json\/wp\/v2\/tags?post=132810"}],"curies":[{"name":"wp","href":"https:\/\/api.w.org\/{rel}","templated":true}]}}