{"id":132826,"date":"2026-01-09T09:20:04","date_gmt":"2026-01-09T09:20:04","guid":{"rendered":"https:\/\/www.europesays.com\/no\/132826\/"},"modified":"2026-01-09T09:20:04","modified_gmt":"2026-01-09T09:20:04","slug":"nordmann-arrestert-i-kenya","status":"publish","type":"post","link":"https:\/\/www.europesays.com\/no\/132826\/","title":{"rendered":"Nordmann arrestert i Kenya"},"content":{"rendered":"<p class=\"kicker \" style=\"\">Tatt med kule i sikkerhetskontrollen<\/p>\n<p>    Da 31-\u00e5ringen skulle g\u00e5 om bord i et tog i Nairobi, fant sikkerhetsvaktene en kule. N\u00e5 er nordmannen arrestert.<\/p>\n<p>\n    BIST\u00c5R: Advokat Farid Bouras i Elden Advokatfirma fors\u00f8ker \u00e5 hjelpe nordmannen som er arrestert i Nairobi. Foto: Henning Lilleg\u00e5rd \/ Dagbladet\n  <\/p>\n<p>Advokat Farid Bouras i Elden Advokatfirma bekrefter overfor Dagbladet at han bist\u00e5r en 31 \u00e5r gammel mann bosatt i Nord-Norge, som er p\u00e5grepet og siktet i Kenya.<\/p>\n<p>Fredag morgen var det usikkert hva kenyanske myndigheter har siktet nordmannen for.<\/p>\n<p>Advokat Bouras er tilbakeholden med \u00e5 gi ytterligere kommentarer.<\/p>\n<p>&#8211; Slik saken st\u00e5r, er jeg mer enn rimelig sikker p\u00e5 at denne saken ikke er noen kriminell handling. Jeg oppfatter at min klient kan f\u00e5 en bot, og forventer at saken avsluttes etter rettsm\u00f8tet i dag, sier advokat Bouras, som i flere \u00e5r har spesialisert seg p\u00e5 \u00e5 jobbe med internasjonale straffesaker hvor norske statsborgere er anklaget.<\/p>\n<p>Klatreferie\t<\/p>\n<p>Sammen med en lokal advokat i Nairobi, bist\u00e5r n\u00e5 Bouras 31-\u00e5ringen.<\/p>\n<p>Dagbladet er kjent med at 31-\u00e5ringen og samboeren hadde reist til Kenya for \u00e5 klatre. Da paret ankom Nairobi, ble bagasjen grundig kontrollert av sikkerhetspersonell p\u00e5 togstasjonen, f\u00f8r de skulle f\u00e5 g\u00e5 om bord i et tog.<\/p>\n<p>I bagasjen skal sikkerhetsvaktene i en boblejakke ha funnet en kule. Det ble umiddelbart sl\u00e5tt alarm, og 31-\u00e5ringen ble p\u00e5grepet.<\/p>\n<p>Mannen, som opprinnelig kommer fra B\u00e6rum, er tidligere ustraffet.<\/p>\n<p>Rettsm\u00f8te\t<\/p>\n<p>Representanter fra Norges ambassade i Kenya vil v\u00e6re til stede under et rettslig m\u00f8te fredag. Rettsm\u00f8tet skal holdes i det som heter JKIA Law Courts i hovedstaden Nairobi.<\/p>\n<p>Dagbladet f\u00e5r opplyst at 31-\u00e5ringen og samboeren reiste fra Oslo via Dubai til Kenya. Boblejakka \u2013 hvor en kule til et jaktgev\u00e6r skal ha blitt funnet \u2013 skal under hele reisen ha ligget i kofferten. Verken 31-\u00e5ringen eller hans samboer skal ha v\u00e6rt klar over at det l\u00e5 en kule til et jaktgev\u00e6r i boblejakka.<\/p>\n","protected":false},"excerpt":{"rendered":"Tatt med kule i sikkerhetskontrollen Da 31-\u00e5ringen skulle g\u00e5 om bord i et tog i Nairobi, fant sikkerhetsvaktene&hellip;\n","protected":false},"author":2,"featured_media":132827,"comment_status":"","ping_status":"","sticky":false,"template":"","format":"standard","meta":{"footnotes":""},"categories":[12],"tags":[15347,20,21,24,25,15,3516,22,23,13,30,15346,28,29,14,16,26,27,412,42,43,44,45],"class_list":{"0":"post-132826","1":"post","2":"type-post","3":"status-publish","4":"format-standard","5":"has-post-thumbnail","7":"category-verden","8":"tag-arrestert","9":"tag-breaking-news","10":"tag-breakingnews","11":"tag-featured-news","12":"tag-featurednews","13":"tag-headlines","14":"tag-kenya","15":"tag-latest-news","16":"tag-latestnews","17":"tag-news","18":"tag-no","19":"tag-nordmann","20":"tag-norge","21":"tag-norway","22":"tag-nyheter","23":"tag-overskrifter","24":"tag-top-stories","25":"tag-topstories","26":"tag-utenriks","27":"tag-verden","28":"tag-world","29":"tag-world-news","30":"tag-worldnews"},"share_on_mastodon":{"url":"https:\/\/pubeurope.com\/@no\/115864405452877992","error":""},"_links":{"self":[{"href":"https:\/\/www.europesays.com\/no\/wp-json\/wp\/v2\/posts\/132826","targetHints":{"allow":["GET"]}}],"collection":[{"href":"https:\/\/www.europesays.com\/no\/wp-json\/wp\/v2\/posts"}],"about":[{"href":"https:\/\/www.europesays.com\/no\/wp-json\/wp\/v2\/types\/post"}],"author":[{"embeddable":true,"href":"https:\/\/www.europesays.com\/no\/wp-json\/wp\/v2\/users\/2"}],"replies":[{"embeddable":true,"href":"https:\/\/www.europesays.com\/no\/wp-json\/wp\/v2\/comments?post=132826"}],"version-history":[{"count":0,"href":"https:\/\/www.europesays.com\/no\/wp-json\/wp\/v2\/posts\/132826\/revisions"}],"wp:featuredmedia":[{"embeddable":true,"href":"https:\/\/www.europesays.com\/no\/wp-json\/wp\/v2\/media\/132827"}],"wp:attachment":[{"href":"https:\/\/www.europesays.com\/no\/wp-json\/wp\/v2\/media?parent=132826"}],"wp:term":[{"taxonomy":"category","embeddable":true,"href":"https:\/\/www.europesays.com\/no\/wp-json\/wp\/v2\/categories?post=132826"},{"taxonomy":"post_tag","embeddable":true,"href":"https:\/\/www.europesays.com\/no\/wp-json\/wp\/v2\/tags?post=132826"}],"curies":[{"name":"wp","href":"https:\/\/api.w.org\/{rel}","templated":true}]}}