{"id":132854,"date":"2026-01-09T09:53:10","date_gmt":"2026-01-09T09:53:10","guid":{"rendered":"https:\/\/www.europesays.com\/no\/132854\/"},"modified":"2026-01-09T09:53:10","modified_gmt":"2026-01-09T09:53:10","slug":"mistet-faren-toffeste-jeg-har-vaert-gjennom","status":"publish","type":"post","link":"https:\/\/www.europesays.com\/no\/132854\/","title":{"rendered":"Mistet faren: &#8211; T\u00f8ffeste jeg har v\u00e6rt gjennom"},"content":{"rendered":"<p class=\"kicker \" style=\"\">Aldri sett i Norge:<\/p>\n<p>    Da \u00d8rland-kvinnen S\u00f8lvi Johannessen s\u00e5 ut p\u00e5 fuglebrettet sitt, skj\u00f8nte hun at noe spesielt var i gj\u00e6re. S\u00e5 kom horden av fuglefotografer.<\/p>\n<p>\n    FULL HAGE: Tirsdag morgen s\u00e5 hagen til S\u00f8lvi slik ut; full av fugleinteresserte fotografer. Foto: S\u00f8lvi Johannessen\n  <\/p>\n<p>    Kort fortalt<\/p>\n<ul lang=\"nb-NO\">\n<li>S\u00f8lvi Johannessen oppdaget en sjelden asurmeis p\u00e5 fuglebrettet sitt i \u00d8rland.<\/li>\n<li>Fuglen er aldri tidligere observert i Norge, noe som skapte stor oppmerksomhet blant fugleinteresserte.<\/li>\n<li>\u00d8rland er kjent som et fuglekikker-eldorado p\u00e5 grunn av det verneverdige v\u00e5tmarksomr\u00e5det Grandefj\u00e6ra.<\/li>\n<li>Natursjef Audun Eriksen sier det er usannsynlig at flere asurmeiser vil etablere seg i omr\u00e5det.<\/li>\n<\/ul>\n<p class=\"italic ai-disclaimer\" data-lab-italic=\"italic\">Sammendraget er laget av ChatGPT og godkjent av Dagbladet.<\/p>\n<p>      Vis mer<br \/>\n      Vis mindre<\/p>\n<p>Mandag oppdaget S\u00f8lvi Johannessen en fugl p\u00e5 fuglebrettet sitt, som hun aldri har sett f\u00f8r.<\/p>\n<p>&#8211; Jeg skj\u00f8nte at det var en litt spesiell fugl, fordi jeg ikke har sett den f\u00f8r. Jeg ringte en i fuglemilj\u00f8et her. Han kom, tok et bilde &#8211; og s\u00e5 begynte han \u00e5 sjekke litt, sier Johannessen til Dagbladet.<\/p>\n<p>        <img loading=\"lazy\" decoding=\"async\" src=\"https:\/\/www.europesays.com\/no\/wp-content\/uploads\/2026\/01\/84074062.webp.webp\" width=\"667\" height=\"514\" title=\"SJELDEN GJEST: Denne asurmeisen har flydd seg bort fra flokken sin, som vanligvis lever i Belarus, Russland og Sentral-Asia. Foto: Audun Eriksen \/ \u00d8rland kommune\" alt=\"\" class=\"\" style=\"--aspect-ratio-image: 1.30; \"\/><\/p>\n<p>\n        SJELDEN GJEST: Denne asurmeisen har flydd seg bort fra flokken sin, som vanligvis lever i Belarus, Russland og Sentral-Asia. Foto: Audun Eriksen \/ \u00d8rland kommune\n    <\/p>\n<p>&#8211; Sensasjon<\/p>\n<p>Da Audun Eriksen, fagleder for natur i \u00d8rland kommune ogs\u00e5 troppet opp hos Johannessen, skj\u00f8nte hun at noe helt spesielt var i gj\u00e6re.<\/p>\n<p class=\"font-weight-bold m-font-weight-bold\" data-lab-font_weight=\"font-weight-bold\">&#8211; Fuglen i hagen viste seg \u00e5 v\u00e6re en asurmeis, som aldri f\u00f8r er observert i Norge. Jeg ble fortalt hvor spesielt dette var. At dette var f\u00f8rste observasjon av asurmeis i Norge. At det var en sensasjon &#8211; og de fortalte meg ogs\u00e5 hva jeg kunne forvente, sier Johannesen.<\/p>\n<p>        <img loading=\"lazy\" decoding=\"async\" itemprop=\"image\" src=\"https:\/\/www.europesays.com\/no\/wp-content\/uploads\/2026\/01\/84073937.webp.webp\" width=\"180\" height=\"180\" alt=\"S\u00f8lvi Johannessen\"\/><\/p>\n<p>            S\u00f8lvi Johannessen<br \/>\n            S\u00f8lvi<br \/>\n            Johannessen        <\/p>\n<p>Fuglevenn i \u00d8rland kommune<\/p>\n<p>Derfor tok hun ogs\u00e5 synet som m\u00f8tte henne utenfor stuevinduet tirsdag med fatning: En horde av fugleinteresserte hobbyfotografer var p\u00e5 plass for \u00e5 dokumentere den sjeldne, lille meisen.<\/p>\n<p>&#8211; Om jeg skvatt? Nei, men jeg lurte jo litt p\u00e5 hva det var, sier Johannessen rolig.<\/p>\n<p>        <img loading=\"lazy\" decoding=\"async\" src=\"https:\/\/www.europesays.com\/no\/wp-content\/uploads\/2026\/01\/84074060.webp.webp\" width=\"686\" height=\"460\" title=\"P\u00c5 VILLE VEIER: Denne sjeldne asurmeisen er n\u00e5 mutters alene i \u00d8rland kommune. Her blir han nok til v\u00e6ret blir mildere, tror Audun Eriksen, fagsjef for natur i kommunen. Foto: Audun Eriksen\" alt=\"\" class=\"\" style=\"--aspect-ratio-image: 1.49; \"\/><\/p>\n<p>\n        P\u00c5 VILLE VEIER: Denne sjeldne asurmeisen er n\u00e5 mutters alene i \u00d8rland kommune. Her blir han nok til v\u00e6ret blir mildere, tror Audun Eriksen, fagsjef for natur i kommunen. Foto: Audun Eriksen\n    <\/p>\n<p><a href=\"https:\/\/www.nrk.no\/trondelag\/na-er-asurmeis-sett-for-aller-forste-gang-i-norge-1.17718097\" rel=\"nofollow noopener\" target=\"_blank\">NRK Tr\u00f8ndelag<\/a> skrev om saken f\u00f8rst.\u00a0<\/p>\n<p>Fuglekikker-eldorado<\/p>\n<p>Asurmeisen er en sjelden \u00f8stlig fulgeart i meisefamilien, som i st\u00f8rrelse\u00a0 og fasong er som bl\u00e5meisen. Meisenhekker fra Belarus og Russland og \u00f8st gjennom Sentral-Asia til Kina, if\u00f8gle <a href=\"https:\/\/snl.no\/asurmeis\" rel=\"nofollow noopener\" target=\"_blank\">Store norske leksikon<\/a>.<\/p>\n<p>&#8211; Det er bare den ene. Den har v\u00e6rt der i dag ogs\u00e5, og det blir spennende \u00e5 se hvor lenge den blir. Jeg legger ut solsikkefr\u00f8, maisboller og fuglenek. Jeg f\u00f4rer hele vinteren, og det er mye fugl her, sier Johannessen.\u00a0<\/p>\n<p>\u00d8rland kommune er nemlig et eldorado for fuglekikkere, p\u00e5 grunn av det store gruntvannsomr\u00e5det Grandefj\u00e6ra naturreservat, f\u00e5r Dagbladet opplyst.\u00a0<\/p>\n<p>&#8211; At asurmeisen har kommet hit er veldig artig. Vi vet ikke hvorfor eller hvordan den havnet her, forteller Audun Eriksen, fagleder for natur i \u00d8rlandet kommune.\u00a0<\/p>\n<p>        <img loading=\"lazy\" decoding=\"async\" itemprop=\"image\" src=\"https:\/\/www.europesays.com\/no\/wp-content\/uploads\/2026\/01\/84074064.webp.webp\" width=\"180\" height=\"180\" alt=\"Audun Eriksen\"\/><\/p>\n<p>            Audun Eriksen<br \/>\n            Audun<br \/>\n            Eriksen        <\/p>\n<p>fagleder for natur, \u00d8rland kommune<\/p>\n<p>&#8211; Grandefj\u00e6ra naturreservat er en del av \u00d8rland v\u00e5tmarksystem, som har Ramsar-status. Det betyr at omr\u00e5det er internasjonalt verneverdig, forklarer \u00d8rlandets natursjef.\u00a0<\/p>\n<p>&#8211; Helt utenkelig<\/p>\n<p>Det verneverdige v\u00e5tmarksomr\u00e5det gj\u00f8r at \u00d8rlandet er\u00a0\u00aben hotspot for trekkfugler som trekker langs kysten av Norge og fortsetter lengre s\u00f8rover\u00bb, if\u00f8lge Eriksen.<\/p>\n<p>&#8211; Derfor har vi et veldig aktivt fuglemilj\u00f8 her ute. Vi har ogs\u00e5 en del fugler som overvintrer her, p\u00e5 grunn av det milde kystklimaet, sier natursjefen.\u00a0<\/p>\n<p class=\"italic m-italic\" data-lab-italic=\"italic\">&#8211; Hva vil skje med fuglen p\u00e5 S\u00f8lvis fuglebrett, lurer Dagbladet.<\/p>\n<p class=\"no_italic m-no_italic\" data-lab-italic=\"\">&#8211; Jeg tror fuglen blir her til vi f\u00e5r et v\u00e6romslag. N\u00e5r vi f\u00e5r gjester som ikke h\u00f8rer hjemme her, s\u00e5 holder de seg ofte i ro s\u00e5 lenge v\u00e6ret er stabilt. N\u00e5r det blir mildv\u00e6r, vil den ikke ha like mye behov for mat, sier Eriksen og legger til:<\/p>\n<p class=\"no_italic m-no_italic\" data-lab-italic=\"\">&#8211; Fuglen er sikkert litt r\u00e5dvill, uten noen venner her.<\/p>\n<p class=\"italic m-italic\" data-lab-italic=\"italic\">&#8211; Er meiser flokkdyr?<\/p>\n<p class=\"no_italic m-no_italic\" data-lab-italic=\"\">&#8211; Meisene vi har i Norge er gjerne litt i sm\u00e5flokker. De er litt s\u00e5nn halvsosiale, forteller Eriksen.\u00a0<\/p>\n<p class=\"italic m-italic\" data-lab-italic=\"italic\">&#8211; H\u00e5per natursjefen at flere asurmeiser skal dukke opp og etablere seg p\u00e5 \u00d8rlandet?<\/p>\n<p class=\"no_italic m-no_italic\" data-lab-italic=\"\">&#8211; Nei, nei, det er helt utenkelig. Det er s\u00e5 utrolig at vi har dette ene individet som er s\u00e5 langt ut av kurs. Det viktigste er at det g\u00e5r bra med de hjemmev\u00e6rende artene, og at de tilpasser seg og trives i de milj\u00f8ene de lever i. Samtidig gleder vi oss jo hver gang vi ser noe nytt, sier Eriksen.<\/p>\n<p>        <img loading=\"lazy\" decoding=\"async\" src=\"https:\/\/www.europesays.com\/no\/wp-content\/uploads\/2026\/01\/84073954.webp.webp\" width=\"667\" height=\"527\" title=\"SEINT OG TIDLIG: Mange fugleentusiaster \u00f8nsker \u00e5 dokumentere den sjeldne meisen fra Sibir. Foto: S\u00f8lvi Johannessen\" alt=\"\" class=\"\" style=\"--aspect-ratio-image: 1.27; \"\/><\/p>\n<p>\n        SEINT OG TIDLIG: Mange fugleentusiaster \u00f8nsker \u00e5 dokumentere den sjeldne meisen fra Sibir. Foto: S\u00f8lvi Johannessen\n    <\/p>\n","protected":false},"excerpt":{"rendered":"Aldri sett i Norge: Da \u00d8rland-kvinnen S\u00f8lvi Johannessen s\u00e5 ut p\u00e5 fuglebrettet sitt, skj\u00f8nte hun at noe spesielt&hellip;\n","protected":false},"author":2,"featured_media":132855,"comment_status":"","ping_status":"","sticky":false,"template":"","format":"standard","meta":{"footnotes":""},"categories":[12],"tags":[20,21,24,25,92,15,15351,22,23,158,13,30,28,29,14,16,83,1359,26,27,42,43,44,45],"class_list":{"0":"post-132854","1":"post","2":"type-post","3":"status-publish","4":"format-standard","5":"has-post-thumbnail","7":"category-verden","8":"tag-breaking-news","9":"tag-breakingnews","10":"tag-featured-news","11":"tag-featurednews","12":"tag-fotball","13":"tag-headlines","14":"tag-henrik-larsson","15":"tag-latest-news","16":"tag-latestnews","17":"tag-manchester-united","18":"tag-news","19":"tag-no","20":"tag-norge","21":"tag-norway","22":"tag-nyheter","23":"tag-overskrifter","24":"tag-sport","25":"tag-sverige","26":"tag-top-stories","27":"tag-topstories","28":"tag-verden","29":"tag-world","30":"tag-world-news","31":"tag-worldnews"},"share_on_mastodon":{"url":"https:\/\/pubeurope.com\/@no\/115864535354220226","error":""},"_links":{"self":[{"href":"https:\/\/www.europesays.com\/no\/wp-json\/wp\/v2\/posts\/132854","targetHints":{"allow":["GET"]}}],"collection":[{"href":"https:\/\/www.europesays.com\/no\/wp-json\/wp\/v2\/posts"}],"about":[{"href":"https:\/\/www.europesays.com\/no\/wp-json\/wp\/v2\/types\/post"}],"author":[{"embeddable":true,"href":"https:\/\/www.europesays.com\/no\/wp-json\/wp\/v2\/users\/2"}],"replies":[{"embeddable":true,"href":"https:\/\/www.europesays.com\/no\/wp-json\/wp\/v2\/comments?post=132854"}],"version-history":[{"count":0,"href":"https:\/\/www.europesays.com\/no\/wp-json\/wp\/v2\/posts\/132854\/revisions"}],"wp:featuredmedia":[{"embeddable":true,"href":"https:\/\/www.europesays.com\/no\/wp-json\/wp\/v2\/media\/132855"}],"wp:attachment":[{"href":"https:\/\/www.europesays.com\/no\/wp-json\/wp\/v2\/media?parent=132854"}],"wp:term":[{"taxonomy":"category","embeddable":true,"href":"https:\/\/www.europesays.com\/no\/wp-json\/wp\/v2\/categories?post=132854"},{"taxonomy":"post_tag","embeddable":true,"href":"https:\/\/www.europesays.com\/no\/wp-json\/wp\/v2\/tags?post=132854"}],"curies":[{"name":"wp","href":"https:\/\/api.w.org\/{rel}","templated":true}]}}