{"id":132862,"date":"2026-01-09T10:02:10","date_gmt":"2026-01-09T10:02:10","guid":{"rendered":"https:\/\/www.europesays.com\/no\/132862\/"},"modified":"2026-01-09T10:02:10","modified_gmt":"2026-01-09T10:02:10","slug":"hvis-det-verste-skulle-skje","status":"publish","type":"post","link":"https:\/\/www.europesays.com\/no\/132862\/","title":{"rendered":"\u2013 Hvis det verste skulle skje"},"content":{"rendered":"<p>    Sjansen for en ny, europeisk forsvarsallianse \u00f8ker hvis Donald Trump og USA gj\u00f8r alvor av truslene om Gr\u00f8nland, mener professor.<\/p>\n<p>\n        En soldat i Bundeswehr, de tyske v\u00e6pnede styrkene. Nato-landet Tyskland er et av landene som kan tenkes \u00e5 g\u00e5 i en ny, Nato-lignende allianse dersom Donald Trump og USA trekker seg ut, mener ekspert.<br \/>\n        Foto: Michael Sohn \/ AP \/ NTB\n    <\/p>\n<p class=\"kicker tertiary color_mobile_tertiary\" style=\"\">Verden<\/p>\n<p>\u2013 Jeg tror mange vil g\u00e5 veldig langt for \u00e5 opprettholde<br \/>\ndagens Nato og den amerikanske interessen i alliansen, ogs\u00e5 internt i USA. Men<br \/>\nen krisel\u00f8sning med et \u00abmini-Nato\u00bb i Nord-Europa er litt mer sannsynlig n\u00e5 enn<br \/>\ndet var tidligere, innleder Paal Sigurd Hilde til Dagsavisen.<\/p>\n<p>Hilde er professor ved Institutt for forsvarsstudier, og har<br \/>\nblant annet Nato og nordomr\u00e5dene som spesialfelt.<\/p>\n<p><a href=\"https:\/\/www.dagsavisen.no\/nyheter\/ekspert-om-trumps-trusler-kan-bli-et-mini-nato-i-nord-europa\/5649001\" target=\"_blank\" rel=\"nofollow noopener\">I 2024 sa Hilde til Dagsavisen<\/a> at en \u00abny\u00bb, Nato-lignende<br \/>\nallianse kan vokse fram i Nord-Europa hvis Donald Trump trekker USA ut av Nato.<\/p>\n","protected":false},"excerpt":{"rendered":"Sjansen for en ny, europeisk forsvarsallianse \u00f8ker hvis Donald Trump og USA gj\u00f8r alvor av truslene om Gr\u00f8nland,&hellip;\n","protected":false},"author":2,"featured_media":132863,"comment_status":"","ping_status":"","sticky":false,"template":"","format":"standard","meta":{"footnotes":""},"categories":[12],"tags":[20,21,24,25,15,22,23,13,30,28,29,14,16,26,27,42,43,44,45],"class_list":{"0":"post-132862","1":"post","2":"type-post","3":"status-publish","4":"format-standard","5":"has-post-thumbnail","7":"category-verden","8":"tag-breaking-news","9":"tag-breakingnews","10":"tag-featured-news","11":"tag-featurednews","12":"tag-headlines","13":"tag-latest-news","14":"tag-latestnews","15":"tag-news","16":"tag-no","17":"tag-norge","18":"tag-norway","19":"tag-nyheter","20":"tag-overskrifter","21":"tag-top-stories","22":"tag-topstories","23":"tag-verden","24":"tag-world","25":"tag-world-news","26":"tag-worldnews"},"share_on_mastodon":{"url":"https:\/\/pubeurope.com\/@no\/115864570690458998","error":""},"_links":{"self":[{"href":"https:\/\/www.europesays.com\/no\/wp-json\/wp\/v2\/posts\/132862","targetHints":{"allow":["GET"]}}],"collection":[{"href":"https:\/\/www.europesays.com\/no\/wp-json\/wp\/v2\/posts"}],"about":[{"href":"https:\/\/www.europesays.com\/no\/wp-json\/wp\/v2\/types\/post"}],"author":[{"embeddable":true,"href":"https:\/\/www.europesays.com\/no\/wp-json\/wp\/v2\/users\/2"}],"replies":[{"embeddable":true,"href":"https:\/\/www.europesays.com\/no\/wp-json\/wp\/v2\/comments?post=132862"}],"version-history":[{"count":0,"href":"https:\/\/www.europesays.com\/no\/wp-json\/wp\/v2\/posts\/132862\/revisions"}],"wp:featuredmedia":[{"embeddable":true,"href":"https:\/\/www.europesays.com\/no\/wp-json\/wp\/v2\/media\/132863"}],"wp:attachment":[{"href":"https:\/\/www.europesays.com\/no\/wp-json\/wp\/v2\/media?parent=132862"}],"wp:term":[{"taxonomy":"category","embeddable":true,"href":"https:\/\/www.europesays.com\/no\/wp-json\/wp\/v2\/categories?post=132862"},{"taxonomy":"post_tag","embeddable":true,"href":"https:\/\/www.europesays.com\/no\/wp-json\/wp\/v2\/tags?post=132862"}],"curies":[{"name":"wp","href":"https:\/\/api.w.org\/{rel}","templated":true}]}}