{"id":132864,"date":"2026-01-09T10:03:10","date_gmt":"2026-01-09T10:03:10","guid":{"rendered":"https:\/\/www.europesays.com\/no\/132864\/"},"modified":"2026-01-09T10:03:10","modified_gmt":"2026-01-09T10:03:10","slug":"forerkort-synstest-regjeringen-apne-for-endringer-i-forerkort-synstest-hoyt-prioritert","status":"publish","type":"post","link":"https:\/\/www.europesays.com\/no\/132864\/","title":{"rendered":"F\u00f8rerkort, Synstest | Regjeringen \u00e5pne for endringer i f\u00f8rerkort-synstest: \u2013 H\u00f8yt prioritert"},"content":{"rendered":"\n<p><b>POLITIKK:<\/b> \u2013 Helsedirektoratet holder Helse- og omsorgsdepartementet l\u00f8pende oppdatert om dette arbeidet, som er h\u00f8yt prioritert, skriver statssekret\u00e6r Karl Kristian Bekeng (Ap) i Helse- og omsorgsdepartementet i en epost til NTB.<\/p>\n<p> Forskningsmagasinet <a href=\"https:\/\/www.uio.no\/forskning\/forskningsnytt\/apollon\/artikler\/2026\/1_forerkort.html\" rel=\"nofollow noopener\" target=\"_blank\">Apollon <\/a> omtalte torsdag en studie som har sett p\u00e5 testen. Den brukes til \u00e5 vurdere sidesynet og er avgj\u00f8rende for om man f\u00e5r beholde f\u00f8rerkortet.<\/p>\n<p>Studien konkluderer med at testen i praksis er ubrukelig. <\/p>\n<p>Testen kan ha bidratt til at hundrevis har mistet f\u00f8rerkortet, mener forfatter Thea Melsen Sudmann, som jobber som \u00f8yelege p\u00e5 Oslo universitetssykehus.<\/p>\n<p><b>\u2013 Testen ble laget for \u00e5 m\u00e5le synsfunksjonen, men brukes i dag til \u00e5 vurdere om man er egnet til \u00e5 kj\u00f8re bil, sier Sudmann til Apollon.<\/b><\/p>\n<p>Skal diskuteres med fagmilj\u00f8et<\/p>\n<p>Statssekret\u00e6r Bekeng bekrefter at flere prosesser er i gang. Som tidligere nevnt er Helsedirektoratet i gang med \u00e5 vurdere om bestemmelsene i f\u00f8rerkortforskriften b\u00f8r endres. <\/p>\n<p><b>\u2013 Dette vil s\u00e5 snart som mulig bli diskutert med en ekspertgruppe med medlemmer fra Norsk oftalmologisk forening og Norges Optikerforbund, sier Bekeng. <\/b><\/p>\n<p>I tillegg opplyser han at det er satt i gang en vurdering av endringer i f\u00f8rerkortveilederen n\u00e5r det gjelder synsfeltutfall. <\/p>\n<p><b>\u2013 Denne prosessen er igangsatt p\u00e5 bakgrunn av studien som viste at resultatene fra synsfeltunders\u00f8kelse av personer med synsfeltutfall i liten grad kunne forutsi resultatene i en simulatorbasert kj\u00f8revurdering av de samme personene, sier han. <\/b><\/p>\n<p>Jobber med ny test<\/p>\n<p>Videre har en forskergruppe utviklet et nytt program for \u00e5 vurdere synsfeltutfall opp mot kravene i EU-direktivet, opplyser Helsedepartementet. <\/p>\n<p><b>\u2013 N\u00e5r Helsedirektoratet har innhentet og vurdert tilstrekkelige opplysninger, vil de foreta n\u00f8dvendige endringer, sier Bekeng. <\/b><\/p>\n<p>Han kan ikke si noe om n\u00e5r det kan komme eventuelle endringer i regelverket. <\/p>\n<p><b>\u2013 Men dette er som nevnt h\u00f8yt prioritert, sier han. <\/b><\/p>\n<p>Frps transportpolitiske talsperson, B\u00e5rd Hoksrud, varslet torsdag at han vil ta opp saken i Stortingets muntlige sp\u00f8rretime neste onsdag. Han har bedt samferdselsminister Jon-Ivar Nyg\u00e5rd (Ap) svare p\u00e5 hva regjeringen vil gj\u00f8re for \u00e5 hindre at flere mister f\u00f8rerkortet uten grunn \u2013 fram til det kommer en ny ordning som kan erstatte dagens synstest.<\/p>\n","protected":false},"excerpt":{"rendered":"POLITIKK: \u2013 Helsedirektoratet holder Helse- og omsorgsdepartementet l\u00f8pende oppdatert om dette arbeidet, som er h\u00f8yt prioritert, skriver statssekret\u00e6r&hellip;\n","protected":false},"author":2,"featured_media":132865,"comment_status":"","ping_status":"","sticky":false,"template":"","format":"standard","meta":{"footnotes":""},"categories":[10],"tags":[36,20,21,24,25,354,15,22,23,13,30,28,29,14,16,41,1510,15353,15352,26,27],"class_list":{"0":"post-132864","1":"post","2":"type-post","3":"status-publish","4":"format-standard","5":"has-post-thumbnail","7":"category-norge","8":"tag-art","9":"tag-breaking-news","10":"tag-breakingnews","11":"tag-featured-news","12":"tag-featurednews","13":"tag-forerkort","14":"tag-headlines","15":"tag-latest-news","16":"tag-latestnews","17":"tag-news","18":"tag-no","19":"tag-norge","20":"tag-norway","21":"tag-nyheter","22":"tag-overskrifter","23":"tag-politikk","24":"tag-story","25":"tag-syn","26":"tag-synstest","27":"tag-top-stories","28":"tag-topstories"},"share_on_mastodon":{"url":"https:\/\/pubeurope.com\/@no\/115864574729063794","error":""},"_links":{"self":[{"href":"https:\/\/www.europesays.com\/no\/wp-json\/wp\/v2\/posts\/132864","targetHints":{"allow":["GET"]}}],"collection":[{"href":"https:\/\/www.europesays.com\/no\/wp-json\/wp\/v2\/posts"}],"about":[{"href":"https:\/\/www.europesays.com\/no\/wp-json\/wp\/v2\/types\/post"}],"author":[{"embeddable":true,"href":"https:\/\/www.europesays.com\/no\/wp-json\/wp\/v2\/users\/2"}],"replies":[{"embeddable":true,"href":"https:\/\/www.europesays.com\/no\/wp-json\/wp\/v2\/comments?post=132864"}],"version-history":[{"count":0,"href":"https:\/\/www.europesays.com\/no\/wp-json\/wp\/v2\/posts\/132864\/revisions"}],"wp:featuredmedia":[{"embeddable":true,"href":"https:\/\/www.europesays.com\/no\/wp-json\/wp\/v2\/media\/132865"}],"wp:attachment":[{"href":"https:\/\/www.europesays.com\/no\/wp-json\/wp\/v2\/media?parent=132864"}],"wp:term":[{"taxonomy":"category","embeddable":true,"href":"https:\/\/www.europesays.com\/no\/wp-json\/wp\/v2\/categories?post=132864"},{"taxonomy":"post_tag","embeddable":true,"href":"https:\/\/www.europesays.com\/no\/wp-json\/wp\/v2\/tags?post=132864"}],"curies":[{"name":"wp","href":"https:\/\/api.w.org\/{rel}","templated":true}]}}