{"id":132866,"date":"2026-01-09T10:04:19","date_gmt":"2026-01-09T10:04:19","guid":{"rendered":"https:\/\/www.europesays.com\/no\/132866\/"},"modified":"2026-01-09T10:04:19","modified_gmt":"2026-01-09T10:04:19","slug":"verdal-i-sorg-etter-brannen-det-er-kjempetrist","status":"publish","type":"post","link":"https:\/\/www.europesays.com\/no\/132866\/","title":{"rendered":"Verdal i sorg etter brannen: \u2013 Det er kjempetrist"},"content":{"rendered":"\n<ul class=\"_list_o9xde_3 _list_64s2r_85 _unordered_o9xde_106 text-sans-m\">\n<li class=\"_item_o9xde_30\">To brannmenn d\u00f8de i husbrann i Verdal, samme dag fikk 300 lokale arbeidere beskjed om at de kan miste jobben.<\/li>\n<li class=\"_item_o9xde_30\">Naboer beskriver brannen som forferdelig og tragisk.<\/li>\n<li class=\"_item_o9xde_30\">Politiet etterforsker b\u00e5de brannen og arbeidsulykken som krevde brannmennenes liv.<\/li>\n<li class=\"_item_o9xde_30\">Krimtekniker p\u00e5 stedet beskriver arbeidet p\u00e5 stedet som \u00abnesten umulig\u00bb.<\/li>\n<\/ul>\n<p>Vis mer <\/p>\n<p class=\"_paragraph_o9xde_4 _paragraph_xtcu6_10 layout-component text-serif-m layout-normal text-serif-m layout-padded\">\u2013 Jeg h\u00e5per jeg aldri m\u00e5 oppleve noe s\u00e5nt igjen. Det er kjempetrist, sier nabo Odd Inge Gr\u00f8theim med gr\u00e5ten i stemmen. <\/p>\n<p class=\"_paragraph_o9xde_4 _paragraph_xtcu6_10 layout-component text-serif-m layout-normal text-serif-m layout-padded\">Natt til onsdag v\u00e5knet innbyggerne i <a href=\"https:\/\/www.vg.no\/tag\/verdal?utm_source=vg-article&amp;utm_medium=auto-tagger&amp;utm_campaign=n1ARvm\" class=\"_link_o9xde_39\" rel=\"nofollow noopener\" target=\"_blank\">Verdal<\/a> til beskjeden om at to lokale brannmenn ikke var blitt gjort rede for etter en husbrann. Sent onsdag kveld ble <a href=\"https:\/\/www.vg.no\/nyheter\/i\/wrP76M\/bygda-i-sorg-etter-at-to-roeykdykkere-er-antatt-omkommet-i-en-husbrann\" data-track-element-type=\"Link\" data-track-id=\"link:wrP76M\" class=\"_link_o9xde_39\" rel=\"nofollow noopener\" target=\"_blank\">begge r\u00f8ykdykkerne bekreftet omkommet<\/a>.<\/p>\n<p class=\"_paragraph_o9xde_4 _paragraph_xtcu6_10 layout-component text-serif-m layout-normal text-serif-m layout-padded\">VG m\u00f8ter Gr\u00f8theim, som bor to hus unna branntomten, halvannet d\u00f8gn etter brannen. <\/p>\n<p><img alt=\"Odd Inge Gr\u00f8theim er nabo til brannen i Verdal.\" class=\"_image_qp4xg_65 layout-component layout-normal\" data-fullscreen- data-track-element-type=\"Article image fullscreen\" data-track-name=\"ImageFullscreen\" decoding=\"async\" loading=\"lazy\" height=\"5464\" itemprop=\"image\"  src=\"https:\/\/www.europesays.com\/no\/wp-content\/uploads\/2026\/01\/07751316-e0b0-4216-8af6-9bb0b5f94b79.jpeg\"  style=\"object-position:0% 0%\" width=\"8192\"\/>Nabo Odd Inge Gr\u00f8theim forteller at det som har skjedd i nabolaget preger ham dypt.  Foto: Fredrik Ouren Jostad \/ VG<\/p>\n<p class=\"_paragraph_o9xde_4 _paragraph_xtcu6_10 layout-component text-serif-m layout-normal text-serif-m layout-padded\">Her har han og kona bodd siden de bygget huset i 1979. <\/p>\n<p class=\"_paragraph_o9xde_4 _paragraph_xtcu6_10 layout-component text-serif-m layout-normal text-serif-m layout-padded\">Det sosiale nabolaget er fullt av barnefamilier, forteller han. Her har det v\u00e6rt lek, barnelatter, skirenn og godt naboskap. <\/p>\n<p class=\"_paragraph_o9xde_4 _paragraph_xtcu6_10 layout-component text-serif-m layout-normal text-serif-m layout-padded\"><strong class=\"_strong_o9xde_25\">\u2013 Denne gangen kom det veldig tett p\u00e5, sier han om d\u00f8dsbrannen, synlig ber\u00f8rt. <\/strong><\/p>\n<p class=\"_paragraph_o9xde_4 _paragraph_xtcu6_10 layout-component text-serif-m layout-normal layout-padded\"><strong class=\"_strong_o9xde_25\">Les ogs\u00e5:<\/strong> <a href=\"https:\/\/www.vg.no\/i\/wrPMld\" data-track-element-type=\"Link\" data-track-id=\"link:wrPMld\" class=\"_link_o9xde_39\" rel=\"nofollow noopener\" target=\"_blank\">D\u00f8dsbrannen i Verdal: \u2013 Det absolutt verste som kan skje<\/a><\/p>\n<p class=\"_paragraph_o9xde_4 _paragraph_xtcu6_10 layout-component text-serif-m layout-normal text-serif-m layout-padded\">I likhet med flere andre naboer ble Gr\u00f8theim og kona vekket av n\u00f8detatene i 02-tiden p\u00e5 onsdag. <\/p>\n<p class=\"_paragraph_o9xde_4 _paragraph_xtcu6_10 layout-component text-serif-m layout-normal text-serif-m layout-padded\">De fikk beskjed om \u00e5 lukke vinduer og ventiler p\u00e5 grunn av de livsfarlige branngassene fra nabohuset, som sto i full fyr. Han f\u00e5r en knekk i stemmen da VG sp\u00f8r om brannmennene.<\/p>\n<p class=\"_paragraph_o9xde_4 _paragraph_xtcu6_10 layout-component text-serif-m layout-normal text-serif-m layout-padded\">\u2013 Hva f\u00f8lte du n\u00e5r det kom beskjed om at brannmennene var funnet?<\/p>\n<p class=\"_paragraph_o9xde_4 _paragraph_xtcu6_10 layout-component text-serif-m layout-normal text-serif-m layout-padded\"><strong class=\"_strong_o9xde_25\">\u2013 Det var godt at de ble funnet. Veldig godt. <\/strong><\/p>\n<p><img alt=\"Enebolig brenner i Verdal.\" class=\"_image_qp4xg_65 layout-component layout-normal\" data-fullscreen- data-track-element-type=\"Article image fullscreen\" data-track-name=\"ImageFullscreen\" decoding=\"async\" loading=\"lazy\" height=\"4000\" itemprop=\"image\"  src=\"https:\/\/www.europesays.com\/no\/wp-content\/uploads\/2026\/01\/425f4f85-9f68-4652-b342-3724b297b675.jpeg\"  style=\"object-position:0% 0%\" width=\"6000\"\/>Slik s\u00e5 det ut da eneboligen ble overtent natt til onsdag.  Foto: Leif Arne Holme \/ Adresseavisen \/ NTB<\/p>\n<p class=\"_paragraph_o9xde_4 _paragraph_xtcu6_10 layout-component text-serif-m layout-normal text-serif-m layout-padded\">Torsdag ettermiddag bl\u00e5ser det en kald vind over nabolaget. Sn\u00f8en f\u00f8yker.<\/p>\n<p class=\"_paragraph_o9xde_4 _paragraph_xtcu6_10 layout-component text-serif-m layout-normal text-serif-m layout-padded\">Forbipasserende naboer beskriver brannen som \u00abhelt forferdelig\u00bb og \u00abtragisk\u00bb, mens andre forteller hvordan de ble vitne til enorme r\u00f8ykskyer og gnistregn gjennom de dramatiske timene.<\/p>\n<p class=\"_paragraph_o9xde_4 _paragraph_xtcu6_10 layout-component text-serif-m layout-normal text-serif-m layout-padded\"><strong class=\"_strong_o9xde_25\">\u2013 Jeg trodde aldri noe s\u00e5nt skulle skje her, sier en nabo med utsikt mot huset som brant. <\/strong><\/p>\n<p class=\"_paragraph_o9xde_4 _paragraph_xtcu6_10 layout-component text-serif-m layout-normal text-serif-m layout-padded\">Hun \u00f8nsker ikke navnet sitt p\u00e5 trykk, men forteller om h\u00f8ye flammer og utallige bl\u00e5lys som preget den kalde januar\u00adnatten. <\/p>\n<p class=\"_paragraph_o9xde_4 _paragraph_xtcu6_10 layout-component text-serif-m layout-normal layout-padded\"><strong class=\"_strong_o9xde_25\">Les ogs\u00e5:<\/strong> <a href=\"https:\/\/www.vg.no\/i\/xrPxJR\" data-track-element-type=\"Link\" data-track-id=\"link:xrPxJR\" class=\"_link_o9xde_39\" rel=\"nofollow noopener\" target=\"_blank\">Brannsjef sier rutinene ble fulgt: \u2013 Noe uventet skjedde<\/a><\/p>\n<p>\u2013 Dobbel nedtur<\/p>\n<p class=\"_paragraph_o9xde_4 _paragraph_xtcu6_10 layout-component text-serif-m layout-normal text-serif-m layout-padded\">Fem minutter i bil unna den nedbrente boligen ligger Aker SolutionsAker SolutionsAker Solutions leverer teknologiprodukter og ingeni\u00f8rtjenester til prosjektering, bygging, drift og vedlikehold av mange typer industrianlegg. verft i Verdal. <\/p>\n<p class=\"_paragraph_o9xde_4 _paragraph_xtcu6_10 layout-component text-serif-m layout-normal text-serif-m layout-padded\">Samme morgen som bygda v\u00e5knet opp til beskjed om at det ikke var gjort rede for to lokale brannmenn, m\u00f8tte 1.200 ansatte opp til et allm\u00f8te i en av de enorme verftshallene p\u00e5 havnen.<\/p>\n<p class=\"_paragraph_o9xde_4 _paragraph_xtcu6_10 layout-component text-serif-m layout-normal text-serif-m layout-padded\">Der fikk de beskjed: <\/p>\n<p class=\"_paragraph_o9xde_4 _paragraph_xtcu6_10 layout-component text-serif-m layout-normal text-serif-m layout-padded\"><strong class=\"_strong_o9xde_25\">Aker Solutions skal kutte rundt 500 \u00e5rsverk. Over halvparten av dem i Verdal.<\/strong><\/p>\n<p class=\"_paragraph_o9xde_4 _paragraph_xtcu6_10 layout-component text-serif-m layout-normal text-serif-m layout-padded\">Kuttene handler om lavere aktivitetsniv\u00e5, og vil ha effekt fra allerede denne v\u00e5ren, skriver <a href=\"https:\/\/e24.no\/boers-og-finans\/i\/9pv5W9\/aker-solutions-vil-kutte-rundt-500-ansatte-over-halvparten-av-dem-jobber-verftet-i-verdal\" class=\"_link_o9xde_39\" rel=\"nofollow noopener\" target=\"_blank\">E24<\/a>. <\/p>\n<p class=\"_paragraph_o9xde_4 _paragraph_xtcu6_10 layout-component text-serif-m layout-normal text-serif-m layout-padded\">\u2013 Folk er bekymret for l\u00f8nn, familieliv og hele den biten der, sier Karl Martin Aas \u00d8stby til VG. <\/p>\n<p><img alt=\"Karl Martin Aas \u00d8stby, klubbleder for Verkstedklubben ved Aker Solutions Verdal.            Foto: Fredrik Ouren Jostad \/ VG\" class=\"_image_qp4xg_65 layout-component layout-normal\" data-fullscreen- data-track-element-type=\"Article image fullscreen\" data-track-name=\"ImageFullscreen\" decoding=\"async\" loading=\"lazy\" height=\"5464\" itemprop=\"image\"  src=\"https:\/\/www.europesays.com\/no\/wp-content\/uploads\/2026\/01\/9eb3da66-dd1c-4fe3-9a92-df15cf2a95e9.jpeg\"  style=\"object-position:0% 0%\" width=\"8192\"\/>Karl Martin Aas \u00d8stby, klubbleder for Verkstedklubben ved Aker Solutions Verdal.            Foto: Fredrik Ouren Jostad \/ VG<\/p>\n<p class=\"_paragraph_o9xde_4 _paragraph_xtcu6_10 layout-component text-serif-m layout-normal text-serif-m layout-padded\">\u00d8stby er klubbleder for Verkstedklubben ved Aker Verdal, og sier at de er ekstremt tydelige overfor konsernet, om at arbeidere som st\u00e5r uten jobb b\u00f8r f\u00e5 jobbe ved Akers verft i Stord, der det for tiden er stor aktivitet. <\/p>\n<p class=\"_paragraph_o9xde_4 _paragraph_xtcu6_10 layout-component text-serif-m layout-normal text-serif-m layout-padded\">\u2013 Nedbemanningen kommer samme dag som nyheten om den tragiske brannen der to brannmenn d\u00f8de. Hvordan oppleves det i en bedrift med mange lokal\u00adinnbyggere?<\/p>\n<p class=\"_paragraph_o9xde_4 _paragraph_xtcu6_10 layout-component text-serif-m layout-normal text-serif-m layout-padded\"><strong class=\"_strong_o9xde_25\">\u2013 Det er en forferdelig start p\u00e5 det nye \u00e5ret. Verdal er et lite lokalsamfunn, og vi har flere ansatte som er i brannvesenet, som blir st\u00e5ende veldig n\u00e6rt, sier han.<\/strong><\/p>\n<p class=\"_paragraph_o9xde_4 _paragraph_xtcu6_10 layout-component text-serif-m layout-normal text-serif-m layout-padded\">Han legger til at Aker har den dypeste medf\u00f8lelse med de p\u00e5r\u00f8rende. <\/p>\n<p class=\"_paragraph_o9xde_4 _paragraph_xtcu6_10 layout-component text-serif-m layout-normal text-serif-m layout-padded\">\u2013 Det ble en dobbel nedtur p\u00e5 det nye \u00e5ret, n\u00e5r dette kommer samtidig som kuttene. <\/p>\n<p><img alt=\"Foto: Fredrik Ouren Jostad \/ VG\" class=\"_image_qp4xg_65 layout-component layout-normal\" data-fullscreen- data-track-element-type=\"Article image fullscreen\" data-track-name=\"ImageFullscreen\" decoding=\"async\" loading=\"lazy\" height=\"5464\" itemprop=\"image\"  src=\"https:\/\/www.europesays.com\/no\/wp-content\/uploads\/2026\/01\/0d1038e6-836b-44d9-b398-1bc1f0976456.png\"  style=\"object-position:0% 0%\" width=\"8192\"\/>Foto: Fredrik Ouren Jostad \/ VG<\/p>\n<p class=\"_paragraph_o9xde_4 _paragraph_xtcu6_10 layout-component text-serif-m layout-normal text-serif-m layout-padded\">Torsdag ettermiddag jobber Kripos p\u00e5 branntomten. <\/p>\n<p class=\"_paragraph_o9xde_4 _paragraph_xtcu6_10 layout-component text-serif-m layout-normal text-serif-m layout-padded\">Hvitkledde krimteknikere med hodelykter og \u00e5ndedrettsvern finkjemmer restene av det nedbrente huset, spade for spade. <\/p>\n<p class=\"_paragraph_o9xde_4 _paragraph_xtcu6_10 layout-component text-serif-m layout-normal text-serif-m layout-padded\">Etter brannen har politiet satt i gang <a href=\"https:\/\/www.vg.no\/nyheter\/i\/rrAo6R\/brannen-var-saa-kraftig-at-det-ikke-var-mulig-aa-ta-seg-inn\" data-track-element-type=\"Link\" data-track-id=\"link:rrAo6R\" class=\"_link_o9xde_39\" rel=\"nofollow noopener\" target=\"_blank\">to separate etterforskninger<\/a>: \u00c9n som omhandler selve husbrannen, og en annen som handler om arbeidsulykken som krevde to menneskeliv. <\/p>\n<p class=\"_paragraph_o9xde_4 _paragraph_xtcu6_10 layout-component text-serif-m layout-normal text-serif-m layout-padded\">\u2013 Det er nesten umulig \u00e5 sikre spor. Det er nesten ingenting igjen, sier politioverbetjent Ellen Andersen. <\/p>\n<p><img alt=\"Ellen Andersen sier til VG p\u00e5 stedet torsdag ettermiddag at det gjenst\u00e5r noen timers arbeid p\u00e5 tomten.   Foto: Fredrik Ouren Jostad \/ VG\" class=\"_image_qp4xg_65 layout-component layout-normal\" data-fullscreen- data-track-element-type=\"Article image fullscreen\" data-track-name=\"ImageFullscreen\" decoding=\"async\" loading=\"lazy\" height=\"5464\" itemprop=\"image\"  src=\"https:\/\/www.europesays.com\/no\/wp-content\/uploads\/2026\/01\/1f9261ea-764f-4386-8ce6-448b85d9f163.png\"  style=\"object-position:0% 0%\" width=\"8192\"\/>Ellen Andersen sier til VG p\u00e5 stedet torsdag ettermiddag at det gjenst\u00e5r noen timers arbeid p\u00e5 tomten.   Foto: Fredrik Ouren Jostad \/ VG<\/p>\n<p class=\"_paragraph_o9xde_4 _paragraph_xtcu6_10 layout-component text-serif-m layout-normal text-serif-m layout-padded\">Det nitide arbeidet skal forh\u00e5pentligvis gi svar p\u00e5 hvordan brannen startet. Da VG er innom har brannvesenet nettopp v\u00e6rt innom og etterslukket \u2013 over halvannet d\u00f8gn etter brannen.<\/p>\n<p class=\"_paragraph_o9xde_4 _paragraph_xtcu6_10 layout-component text-serif-m layout-normal text-serif-m layout-padded\">Krimteknikeren sier det gj\u00f8r inntrykk \u00e5 lete etter kollegaer fra bl\u00e5lys\u00adetatene. <\/p>\n<p class=\"_paragraph_o9xde_4 _paragraph_xtcu6_10 layout-component text-serif-m layout-normal text-serif-m layout-padded\"><strong class=\"_strong_o9xde_25\">\u2013 Det er t\u00f8ft. Det er det.<\/strong><\/p>\n<p><img alt=\"Flagg p\u00e5 halv stang utenfor r\u00e5dhuset i Verdal.  Foto: Fredrik Ouren Jostad \/ VG\" class=\"_image_qp4xg_65 layout-component layout-normal\" data-fullscreen- data-track-element-type=\"Article image fullscreen\" data-track-name=\"ImageFullscreen\" decoding=\"async\" loading=\"lazy\" height=\"5464\" itemprop=\"image\"  src=\"https:\/\/www.europesays.com\/no\/wp-content\/uploads\/2026\/01\/6093ebda-7fc1-4aae-afad-80570ee23660.png\"  style=\"object-position:0% 0%\" width=\"8192\"\/>Flagg p\u00e5 halv stang utenfor r\u00e5dhuset i Verdal.  Foto: Fredrik Ouren Jostad \/ VG<\/p>\n<p class=\"_paragraph_o9xde_4 _paragraph_xtcu6_10 layout-component text-serif-m layout-normal text-serif-m layout-padded\">Ordf\u00f8rer i Verdal, Knut Snorre Sandnes (H), har ogs\u00e5 v\u00e6rt innom brannstedet torsdag. <\/p>\n<p class=\"_paragraph_o9xde_4 _paragraph_xtcu6_10 layout-component text-serif-m layout-normal text-serif-m layout-padded\">\u2013 To som var p\u00e5 jobb kommer aldri hjem igjen. Det er det absolutt verste som kan skje, sier han.<\/p>\n<p class=\"_paragraph_o9xde_4 _paragraph_xtcu6_10 layout-component text-serif-m layout-normal text-serif-m layout-padded\">Brannen har gjort sterkt inntrykk p\u00e5 b\u00e5de ham, sambygdingene og kollegaene i kommunen. <\/p>\n<p class=\"_paragraph_o9xde_4 _paragraph_xtcu6_10 layout-component text-serif-m layout-normal text-serif-m layout-padded\"><strong class=\"_strong_o9xde_25\">Utenfor r\u00e5dhuset blafrer b\u00e5de det norske flagget og kommuneflagget p\u00e5 halv stang. <\/strong><\/p>\n<p class=\"_paragraph_o9xde_4 _paragraph_xtcu6_10 layout-component text-serif-m layout-normal text-serif-m layout-padded\">\u2013 Arbeidet vil fortsette i lang tid fremover. Fokuset for etterforskningen blir \u00e5 finne \u00e5rsaken, sier ordf\u00f8reren.<\/p>\n<p>       <img decoding=\"async\" alt=\"Tips oss illustrasjon\" src=\"https:\/\/www.europesays.com\/no\/wp-content\/uploads\/2025\/10\/pssst-small.webp.webp\"\/>    <\/p>\n<p class=\"title-serif-s\">Har du tips?<\/p>\n<p class=\"text-sans-m\">Send oss informasjon, bilder eller video.<\/p>\n<p>  <a href=\"https:\/\/www.vg.no\/tips-oss\" rel=\"nofollow noopener\" target=\"_blank\"> Tips oss <\/a>      <\/p>\n","protected":false},"excerpt":{"rendered":"To brannmenn d\u00f8de i husbrann i Verdal, samme dag fikk 300 lokale arbeidere beskjed om at de kan&hellip;\n","protected":false},"author":2,"featured_media":132867,"comment_status":"","ping_status":"","sticky":false,"template":"","format":"standard","meta":{"footnotes":""},"categories":[5],"tags":[367,20,21,24,25,15,19,22,23,17,18,13,30,28,29,14,16,26,27,2133],"class_list":{"0":"post-132866","1":"post","2":"type-post","3":"status-publish","4":"format-standard","5":"has-post-thumbnail","7":"category-overskrifter","8":"tag-brann","9":"tag-breaking-news","10":"tag-breakingnews","11":"tag-featured-news","12":"tag-featurednews","13":"tag-headlines","14":"tag-hovedoppslag","15":"tag-latest-news","16":"tag-latestnews","17":"tag-main-news","18":"tag-mainnews","19":"tag-news","20":"tag-no","21":"tag-norge","22":"tag-norway","23":"tag-nyheter","24":"tag-overskrifter","25":"tag-top-stories","26":"tag-topstories","27":"tag-verdal"},"share_on_mastodon":{"url":"https:\/\/pubeurope.com\/@no\/115864578523137379","error":""},"_links":{"self":[{"href":"https:\/\/www.europesays.com\/no\/wp-json\/wp\/v2\/posts\/132866","targetHints":{"allow":["GET"]}}],"collection":[{"href":"https:\/\/www.europesays.com\/no\/wp-json\/wp\/v2\/posts"}],"about":[{"href":"https:\/\/www.europesays.com\/no\/wp-json\/wp\/v2\/types\/post"}],"author":[{"embeddable":true,"href":"https:\/\/www.europesays.com\/no\/wp-json\/wp\/v2\/users\/2"}],"replies":[{"embeddable":true,"href":"https:\/\/www.europesays.com\/no\/wp-json\/wp\/v2\/comments?post=132866"}],"version-history":[{"count":0,"href":"https:\/\/www.europesays.com\/no\/wp-json\/wp\/v2\/posts\/132866\/revisions"}],"wp:featuredmedia":[{"embeddable":true,"href":"https:\/\/www.europesays.com\/no\/wp-json\/wp\/v2\/media\/132867"}],"wp:attachment":[{"href":"https:\/\/www.europesays.com\/no\/wp-json\/wp\/v2\/media?parent=132866"}],"wp:term":[{"taxonomy":"category","embeddable":true,"href":"https:\/\/www.europesays.com\/no\/wp-json\/wp\/v2\/categories?post=132866"},{"taxonomy":"post_tag","embeddable":true,"href":"https:\/\/www.europesays.com\/no\/wp-json\/wp\/v2\/tags?post=132866"}],"curies":[{"name":"wp","href":"https:\/\/api.w.org\/{rel}","templated":true}]}}