{"id":132876,"date":"2026-01-09T10:19:09","date_gmt":"2026-01-09T10:19:09","guid":{"rendered":"https:\/\/www.europesays.com\/no\/132876\/"},"modified":"2026-01-09T10:19:09","modified_gmt":"2026-01-09T10:19:09","slug":"milla-ruud-reitan-ol-norske-milla-bytter-nasjon-klar-for-ol","status":"publish","type":"post","link":"https:\/\/www.europesays.com\/no\/132876\/","title":{"rendered":"Milla Ruud Reitan, OL | Norske Milla bytter nasjon \u2013 klar for OL"},"content":{"rendered":"\n<p>Milla Ruud Reitan har kjempet mot klokken, men n\u00e5 er det klart at hun har f\u00e5tt gr\u00f8nt lys med tanke p\u00e5 OL i Milano til vinteren.<\/p>\n<p>20-\u00e5ringen, som er f\u00f8dt og oppvokst i Oslo, skal nemlig representere Sverige i isdans etter at hun n\u00e5 har f\u00e5tt innvilget svensk statsborgerskap, melder Expressen.<\/p>\n<p><b>Les ogs\u00e5: <a href=\"https:\/\/www.nettavisen.no\/sport\/dette-kan-bli-ole-gunnar-solskjars-lonn-i-manchester-united\/s\/5-95-2811642\" rel=\"Follow nofollow noopener\" target=\"_blank\">Dette kan bli Solskj\u00e6rs l\u00f8nn i United<\/a><\/b><\/p>\n<p>Hun kan dermed konkurrere sammen med isdanspartner Nikolaj Majorov.<\/p>\n<p>\u2013 Har egentlig gjort alt fra start. Med en gang vi slo oss sammen som par hadde vi OL som m\u00e5l, og vi har v\u00e6rt n\u00f8ye med \u00e5 gj\u00f8re alt s\u00e5 riktig som mulig, sier Reitan til avisen.<\/p>\n<p>\u2013 Det har v\u00e6rt veldig spesielt. Denne sesongen har v\u00e6rt veldig bra. Vi er supermotiverte og glade for det vi har gjort hittil.<\/p>\n<p>   <img decoding=\"async\" width=\"5261\" height=\"3507\" fetchpriority=\"low\"  loading=\"lazy\"  src=\"https:\/\/www.europesays.com\/no\/wp-content\/uploads\/2026\/01\/NTB_SlIDiYAbdgI.jpg\" alt=\"Milla Ruud Reitan and Nikolaj Majorov of Sweden perform their Ice Dance Rhythm Dance at the ISU World Figure Skating Championships at TD Garden in Boston, Massachusetts, on March 28, 2025. (Photo by Geoff Robins \/ AFP)\" class=\"brick-c-cFOWSL\" style=\"--brick-image-ratio: 5261 \/ 3507;\"\/><\/p>\n<p>      TIL OL: Milla Ruud Reitan og Nikolaj Majorov under VM i Boston i fjor v\u00e5r.<br \/>\n      Foto: Geoff Robins (AFP)\n    <\/p>\n<p>Fredrik Julamo i Sveriges Olympiske Komit\u00e9 jubler over \u00e5 ha f\u00e5tt p\u00e5 plass den norske isdanseren i OL-troppen.<\/p>\n<p>\u2013 Det er f\u00f8rste gang noensinne at vi har et isdanspar. De har hatt en eksepsjonell utvikling, sier Joulamo til Expressen.<\/p>\n<p><b>Les ogs\u00e5: <a href=\"https:\/\/www.nettavisen.no\/sport\/fiasko-i-usa-skylder-pa-donald-trump\/s\/5-95-2812806\" rel=\"Follow nofollow noopener\" target=\"_blank\">Fiasko i USA: Skylder p\u00e5 Trump<\/a><\/b><\/p>\n<p>Reitan startet sk\u00f8ytekarrieren som ung jente og flyttet til Oberstdorf som 15-\u00e5ring og slo seg sammen med partner Nikita Remesjevskij.<\/p>\n<p>Siden 2023 har hun konkurrert sammen med Majorov og paret har tatt gull i det svenske mesterskapet tre \u00e5r p\u00e5 rad.<\/p>\n<p>    Vil du se neste video?<\/p>\n<p>    <a href=\"https:\/\/www.nettavisen.no\/nyheter\/ukrainsk-jagerfly-odelegger-for-vladimir-putin-i-pokrovsk\/v\/5-95-2807927\" class=\"recommend-poster\" data-adp-clicklabel=\"video-recommend\" data-adp-clickvalue=\"poster\" rel=\"nofollow noopener\" target=\"_blank\"><br \/>\n      <img decoding=\"async\" width=\"200\" height=\"200\" loading=\"lazy\" src=\"https:\/\/www.europesays.com\/no\/wp-content\/uploads\/2026\/01\/JAGERFLY+BREDDE.jpg\" alt=\"\" class=\"brick-c-cFOWSL\" style=\"--brick-image-ratio: 200 \/ 200;\"\/><\/p>\n<p>Nye bilder: Rammer Putin hardt0:41<\/p>\n<p>    <\/a><\/p>\n<p>        Alt gikk ikke etter planen i mandagens sending av TV 2s frokostprogram \u00abGod morgen Norge\u00bb.<\/p>\n","protected":false},"excerpt":{"rendered":"Milla Ruud Reitan har kjempet mot klokken, men n\u00e5 er det klart at hun har f\u00e5tt gr\u00f8nt lys&hellip;\n","protected":false},"author":2,"featured_media":132877,"comment_status":"","ping_status":"","sticky":false,"template":"","format":"standard","meta":{"footnotes":""},"categories":[59],"tags":[30,28,29,83,82],"class_list":{"0":"post-132876","1":"post","2":"type-post","3":"status-publish","4":"format-standard","5":"has-post-thumbnail","7":"category-sport","8":"tag-no","9":"tag-norge","10":"tag-norway","11":"tag-sport","12":"tag-sports"},"share_on_mastodon":{"url":"https:\/\/pubeurope.com\/@no\/115864637446976197","error":""},"_links":{"self":[{"href":"https:\/\/www.europesays.com\/no\/wp-json\/wp\/v2\/posts\/132876","targetHints":{"allow":["GET"]}}],"collection":[{"href":"https:\/\/www.europesays.com\/no\/wp-json\/wp\/v2\/posts"}],"about":[{"href":"https:\/\/www.europesays.com\/no\/wp-json\/wp\/v2\/types\/post"}],"author":[{"embeddable":true,"href":"https:\/\/www.europesays.com\/no\/wp-json\/wp\/v2\/users\/2"}],"replies":[{"embeddable":true,"href":"https:\/\/www.europesays.com\/no\/wp-json\/wp\/v2\/comments?post=132876"}],"version-history":[{"count":0,"href":"https:\/\/www.europesays.com\/no\/wp-json\/wp\/v2\/posts\/132876\/revisions"}],"wp:featuredmedia":[{"embeddable":true,"href":"https:\/\/www.europesays.com\/no\/wp-json\/wp\/v2\/media\/132877"}],"wp:attachment":[{"href":"https:\/\/www.europesays.com\/no\/wp-json\/wp\/v2\/media?parent=132876"}],"wp:term":[{"taxonomy":"category","embeddable":true,"href":"https:\/\/www.europesays.com\/no\/wp-json\/wp\/v2\/categories?post=132876"},{"taxonomy":"post_tag","embeddable":true,"href":"https:\/\/www.europesays.com\/no\/wp-json\/wp\/v2\/tags?post=132876"}],"curies":[{"name":"wp","href":"https:\/\/api.w.org\/{rel}","templated":true}]}}