{"id":132878,"date":"2026-01-09T10:23:26","date_gmt":"2026-01-09T10:23:26","guid":{"rendered":"https:\/\/www.europesays.com\/no\/132878\/"},"modified":"2026-01-09T10:23:26","modified_gmt":"2026-01-09T10:23:26","slug":"skal-bygge-53-leiligheter-i-molde","status":"publish","type":"post","link":"https:\/\/www.europesays.com\/no\/132878\/","title":{"rendered":"Skal bygge 53 leiligheter i Molde"},"content":{"rendered":"<p>\n        Skissetegning som viser byggetrinn 2 av boligprosjektet Grand Fi\u00e6re. Ill. Skanska<\/p>\n<p>    Skanska har signert kontrakt med Grand Fi\u00e6re Utvikling AS om byggingen av byggetrinn 2 i boligprosjektet Grand Fi\u00e6re i Molde. Kontrakten har en verdi p\u00e5 218 millioner kroner.<\/p>\n<p>             Mange bedrifter har tegnet bedriftsavtale hos oss.<br \/>\n<br \/>\nDen l\u00f8sningen gir alle med e-post inneholdende bedriftens maildomene tilgang.<br \/>\n<br \/>\nLurer du p\u00e5 om din bedrift har en bedriftsl\u00f8sning?<br \/>\n<br \/>\nSend oss en mail, s\u00e5 sjekker vi det ut for deg.<\/p>\n<p>Andre sp\u00f8rsm\u00e5l? <a href=\"https:\/\/www.bygg.no\/bolig-kontrakter-skanska\/skal-bygge-53-leiligheter-i-molde\/mailto:digital@bygg.no\" rel=\"nofollow noopener\" target=\"_blank\">Kontakt oss<\/a><\/p>\n","protected":false},"excerpt":{"rendered":"Skissetegning som viser byggetrinn 2 av boligprosjektet Grand Fi\u00e6re. Ill. Skanska Skanska har signert kontrakt med Grand Fi\u00e6re&hellip;\n","protected":false},"author":2,"featured_media":132879,"comment_status":"","ping_status":"","sticky":false,"template":"","format":"standard","meta":{"footnotes":""},"categories":[56],"tags":[60,61,62,30,28,29],"class_list":{"0":"post-132878","1":"post","2":"type-post","3":"status-publish","4":"format-standard","5":"has-post-thumbnail","7":"category-naeringsliv","8":"tag-business","9":"tag-economy","10":"tag-naeringsliv","11":"tag-no","12":"tag-norge","13":"tag-norway"},"share_on_mastodon":{"url":"https:\/\/pubeurope.com\/@no\/115864653175127506","error":""},"_links":{"self":[{"href":"https:\/\/www.europesays.com\/no\/wp-json\/wp\/v2\/posts\/132878","targetHints":{"allow":["GET"]}}],"collection":[{"href":"https:\/\/www.europesays.com\/no\/wp-json\/wp\/v2\/posts"}],"about":[{"href":"https:\/\/www.europesays.com\/no\/wp-json\/wp\/v2\/types\/post"}],"author":[{"embeddable":true,"href":"https:\/\/www.europesays.com\/no\/wp-json\/wp\/v2\/users\/2"}],"replies":[{"embeddable":true,"href":"https:\/\/www.europesays.com\/no\/wp-json\/wp\/v2\/comments?post=132878"}],"version-history":[{"count":0,"href":"https:\/\/www.europesays.com\/no\/wp-json\/wp\/v2\/posts\/132878\/revisions"}],"wp:featuredmedia":[{"embeddable":true,"href":"https:\/\/www.europesays.com\/no\/wp-json\/wp\/v2\/media\/132879"}],"wp:attachment":[{"href":"https:\/\/www.europesays.com\/no\/wp-json\/wp\/v2\/media?parent=132878"}],"wp:term":[{"taxonomy":"category","embeddable":true,"href":"https:\/\/www.europesays.com\/no\/wp-json\/wp\/v2\/categories?post=132878"},{"taxonomy":"post_tag","embeddable":true,"href":"https:\/\/www.europesays.com\/no\/wp-json\/wp\/v2\/tags?post=132878"}],"curies":[{"name":"wp","href":"https:\/\/api.w.org\/{rel}","templated":true}]}}