{"id":132886,"date":"2026-01-09T10:40:06","date_gmt":"2026-01-09T10:40:06","guid":{"rendered":"https:\/\/www.europesays.com\/no\/132886\/"},"modified":"2026-01-09T10:40:06","modified_gmt":"2026-01-09T10:40:06","slug":"carlos-alcaraz-og-jannik-sinner-vil-gjerne-spille-som-et-doublepar-minst-en-gang-kanskje-i-ar-det-blir-en-overraskelse","status":"publish","type":"post","link":"https:\/\/www.europesays.com\/no\/132886\/","title":{"rendered":"Carlos Alcaraz og Jannik Sinner vil gjerne spille som et doublepar minst \u00e9n gang: &laquo;Kanskje i \u00e5r, det blir en overraskelse&raquo; &#8211;"},"content":{"rendered":"<p>Carlos Alcaraz og Jannik Sinner snakket med pressen f\u00f8r <a href=\"https:\/\/www.gamereactor.no\/carlos-alcaraz-vs-jannik-sinner-i-korea-tider-i-europa-og-hvordan-du-kan-se-kampen-pa-lordag-1953723\/\" title=\"Carlos Alcaraz vs. Jannik Sinner i Korea: tider i Europa og hvordan du kan se kampen p\u00e5 l\u00f8rdag\" rel=\"nofollow noopener\" target=\"_blank\">oppvisningskampen i Incheon i S\u00f8r-Korea<\/a>, som blir deres f\u00f8rste kamp i <a href=\"https:\/\/www.gamereactor.no\/tenniskalenderen-i-2026-datoer-for-alle-grand-slams-atp-og-wta-masters-1000-i-2026-1946723\/\" title=\"Tenniskalenderen i 2026: datoer for alle Grand Slams, ATP og WTA Masters 1000 i 2026\" rel=\"nofollow noopener\" target=\"_blank\">tennissesongen 2026<\/a>, men sannsynligvis ikke den eneste. Til tross for rivaliseringen, ettersom de er deres st\u00f8rste motstandere i tennis, har de et vennskapelig forhold, og de vurderer til og med \u00e5 spille double en gang.<\/p>\n<p>P\u00e5 sp\u00f8rsm\u00e5l om de noen gang ville spilt som et dobbeltpar, sa Alcaraz at &laquo;minst \u00e9n gang ville v\u00e6rt g\u00f8y, men jeg tror jeg spiller forehand og han spiller backhand, hvis partneren min er enig&raquo;.<\/p>\n<blockquote class=\"twitter-tweet\" data-theme=\"dark\"><p><a href=\"https:\/\/twitter.com\/sinnervideos\/status\/2009521089118937264?ref_src=twsrc%5Etfw\" rel=\"nofollow noopener\" target=\"_blank\"><\/p><\/blockquote>\n<p>Sinner var enig: &laquo;meg backhand, deg forehand. Vi har aldri snakket om dette, men jeg tror det hadde v\u00e6rt g\u00f8y \u00e5 dele banen p\u00e5 forskjellige m\u00e5ter. Selvf\u00f8lgelig er det veldig vanskelig p\u00e5 grunn av timeplanen og \u00e5 v\u00e6re s\u00e5 fokusert p\u00e5 single, du g\u00e5r dypt i single, og n\u00e5r du spiller i double har du ikke den samme restitusjonen, men vi skal snakke om det, kanskje i \u00e5r, p\u00e5 et bestemt tidspunkt, eller neste \u00e5r, hvorfor ikke, det blir en overraskelse&raquo;.<\/p>\n<p>Tror du Alcaraz og Sinner kommer til \u00e5 spille double i \u00e5r? F\u00f8r det skal de spille single mot hverandre mange ganger til, med start l\u00f8rdag kl. 20.00 norsk tid&#8230;<\/p>\n<p><img loading=\"lazy\" decoding=\"async\" id=\"img-1953993-4688563\" data-fullsize=\"\/media\/85\/earliestdatejannik_4688563b.jpg\" data-lazy=\"\" src=\"https:\/\/www.gamereactor.nohttps:\/\/www.gamereactor.no\/media\/85\/earliestdatejannik_4688563_650x.jpg\" width=\"650\" onclick=\"if (!window.__cfRLUnblockHandlers) return false; gallery_openmodal('1953993','4688563',false,'0e21313c9c6df2403142cd294eeac019');\" height=\"366\" alt=\"Carlos Alcaraz og Jannik Sinner vil gjerne spille som et doublepar minst \u00e9n gang: &quot;Kanskje i \u00e5r, det blir en overraskelse&quot;\" class=\"rwd_col_content lazy\" data-cf-modified-f7b5e9835c38f7a4c26c6edf-=\"\"\/>ErreRoberto \/ Shutterstock<script async src=\"https:\/\/platform.twitter.com\/widgets.js\" charset=\"utf-8\"><\/script><\/p>\n","protected":false},"excerpt":{"rendered":"Carlos Alcaraz og Jannik Sinner snakket med pressen f\u00f8r oppvisningskampen i Incheon i S\u00f8r-Korea, som blir deres f\u00f8rste&hellip;\n","protected":false},"author":2,"featured_media":132887,"comment_status":"","ping_status":"","sticky":false,"template":"","format":"standard","meta":{"footnotes":""},"categories":[57],"tags":[30,28,29,65,63,64,66,70,69,67,68],"class_list":{"0":"post-132886","1":"post","2":"type-post","3":"status-publish","4":"format-standard","5":"has-post-thumbnail","7":"category-vitenskap-og-teknologi","8":"tag-no","9":"tag-norge","10":"tag-norway","11":"tag-science","12":"tag-science-and-technology","13":"tag-scienceandtechnology","14":"tag-technology","15":"tag-teknologi","16":"tag-vitenskap","17":"tag-vitenskap-og-teknologi","18":"tag-vitenskapteknologi"},"share_on_mastodon":{"url":"https:\/\/pubeurope.com\/@no\/115864719997825657","error":""},"_links":{"self":[{"href":"https:\/\/www.europesays.com\/no\/wp-json\/wp\/v2\/posts\/132886","targetHints":{"allow":["GET"]}}],"collection":[{"href":"https:\/\/www.europesays.com\/no\/wp-json\/wp\/v2\/posts"}],"about":[{"href":"https:\/\/www.europesays.com\/no\/wp-json\/wp\/v2\/types\/post"}],"author":[{"embeddable":true,"href":"https:\/\/www.europesays.com\/no\/wp-json\/wp\/v2\/users\/2"}],"replies":[{"embeddable":true,"href":"https:\/\/www.europesays.com\/no\/wp-json\/wp\/v2\/comments?post=132886"}],"version-history":[{"count":0,"href":"https:\/\/www.europesays.com\/no\/wp-json\/wp\/v2\/posts\/132886\/revisions"}],"wp:featuredmedia":[{"embeddable":true,"href":"https:\/\/www.europesays.com\/no\/wp-json\/wp\/v2\/media\/132887"}],"wp:attachment":[{"href":"https:\/\/www.europesays.com\/no\/wp-json\/wp\/v2\/media?parent=132886"}],"wp:term":[{"taxonomy":"category","embeddable":true,"href":"https:\/\/www.europesays.com\/no\/wp-json\/wp\/v2\/categories?post=132886"},{"taxonomy":"post_tag","embeddable":true,"href":"https:\/\/www.europesays.com\/no\/wp-json\/wp\/v2\/tags?post=132886"}],"curies":[{"name":"wp","href":"https:\/\/api.w.org\/{rel}","templated":true}]}}