{"id":132888,"date":"2026-01-09T10:43:07","date_gmt":"2026-01-09T10:43:07","guid":{"rendered":"https:\/\/www.europesays.com\/no\/132888\/"},"modified":"2026-01-09T10:43:07","modified_gmt":"2026-01-09T10:43:07","slug":"marius-borg-hoiby-eva-grinde","status":"publish","type":"post","link":"https:\/\/www.europesays.com\/no\/132888\/","title":{"rendered":"Marius Borg H\u00f8iby, Eva Grinde"},"content":{"rendered":"\n<p>\u2013 Ja, det stemmer at jeg jobber med et bokprosjekt om Marius Borg H\u00f8iby-saken og det norske monarkiet, skriver Grinde i en tekstmelding til <a href=\"https:\/\/www.aftenposten.no\/norge\/i\/y5R3OR\/dn-kommentator-eva-grinde-skriver-bok-om-marius-borg-hoeiby-og-det-norske-monarkiet\" rel=\"Follow nofollow noopener\" target=\"_blank\">Aftenposten<\/a>, som omtalte nyheten f\u00f8rst.<\/p>\n<p>Rettsaken mot kronprinsessens s\u00f8nn starter i Oslo tingrett 3. februar.<\/p>\n<p><b>Les ogs\u00e5: <a href=\"https:\/\/www.nettavisen.no\/kjendis\/kraftige-reaksjoner-pa-simen-agdestein-i-vokteren-mannen-er-jo-ikke-frisk\/s\/5-95-2812757\" rel=\"Follow nofollow noopener\" target=\"_blank\">Skaper kraftige reaksjoner: \u2013 Mannen er jo ikke frisk<\/a><\/b><\/p>\n<p>Grindes bok blir nummer tre i rekken p\u00e5 kort tid.<\/p>\n<p>I oktober kom \u00abHvite striper, sorte f\u00e5r\u00bb, skrevet av Torgeir P. Krokfjord og \u00d8istein Norum Monsen.<\/p>\n<p>M\u00e5neden etter kom bok nummer to, \u00abUte av kontroll: Avsl\u00f8ringen av Marius Borg H\u00f8iby\u00bb, skrevet av Kjersti Kvam, og fortalt av Se og H\u00f8r-redakt\u00f8rer Ulf Andr\u00e9 Andersen og Niklas Kokkinn-Thoresen, og journalist Lars Gautneb.<\/p>\n<p>            Fakta om tiltalen mot Marius Borg H\u00f8iby<\/p>\n<p><b>Statsadvokaten har tiltalt Marius Borg H\u00f8iby for til sammen 32 lovbrudd:<\/b><\/p>\n<p>* Fire voldtekter<\/p>\n<p>* Mishandling i n\u00e6re relasjoner mot en tidligere samboer<\/p>\n<p>* Overfor en annen tidligere samboer er han tiltalt for flere voldshandlinger, fredskrenkelser, skadeverk og brudd p\u00e5 bes\u00f8ksforbud<\/p>\n<p>* Han er ogs\u00e5 tiltalt for \u00e5 ha filmet underlivet til en rekke kvinner uten deres viten eller samtykke<\/p>\n<p>* Tiltalen omfatter ogs\u00e5 blant annet drapstrusler, forulemping av politiet og flere veitrafikkovertredelser<\/p>\n<p>Begge b\u00f8kene fikk hard medfart for flere grunner. H\u00f8iby fors\u00f8kte \u00e5 stanse \u00abHvite striper, sorte f\u00e5r\u00bb, men <a href=\"https:\/\/www.nettavisen.no\/kjendis\/marius-borg-hoiby-fikk-ikke-stanset-bok-dropper-anke\/s\/5-95-2778063\" rel=\"Follow nofollow noopener\" target=\"_blank\">tapte i Oslo tingrett<\/a>.<\/p>\n","protected":false},"excerpt":{"rendered":"\u2013 Ja, det stemmer at jeg jobber med et bokprosjekt om Marius Borg H\u00f8iby-saken og det norske monarkiet,&hellip;\n","protected":false},"author":2,"featured_media":132889,"comment_status":"","ping_status":"","sticky":false,"template":"","format":"standard","meta":{"footnotes":""},"categories":[10],"tags":[20,21,24,25,15,22,23,13,30,28,29,14,16,26,27],"class_list":{"0":"post-132888","1":"post","2":"type-post","3":"status-publish","4":"format-standard","5":"has-post-thumbnail","7":"category-norge","8":"tag-breaking-news","9":"tag-breakingnews","10":"tag-featured-news","11":"tag-featurednews","12":"tag-headlines","13":"tag-latest-news","14":"tag-latestnews","15":"tag-news","16":"tag-no","17":"tag-norge","18":"tag-norway","19":"tag-nyheter","20":"tag-overskrifter","21":"tag-top-stories","22":"tag-topstories"},"share_on_mastodon":{"url":"https:\/\/pubeurope.com\/@no\/115864731714970172","error":""},"_links":{"self":[{"href":"https:\/\/www.europesays.com\/no\/wp-json\/wp\/v2\/posts\/132888","targetHints":{"allow":["GET"]}}],"collection":[{"href":"https:\/\/www.europesays.com\/no\/wp-json\/wp\/v2\/posts"}],"about":[{"href":"https:\/\/www.europesays.com\/no\/wp-json\/wp\/v2\/types\/post"}],"author":[{"embeddable":true,"href":"https:\/\/www.europesays.com\/no\/wp-json\/wp\/v2\/users\/2"}],"replies":[{"embeddable":true,"href":"https:\/\/www.europesays.com\/no\/wp-json\/wp\/v2\/comments?post=132888"}],"version-history":[{"count":0,"href":"https:\/\/www.europesays.com\/no\/wp-json\/wp\/v2\/posts\/132888\/revisions"}],"wp:featuredmedia":[{"embeddable":true,"href":"https:\/\/www.europesays.com\/no\/wp-json\/wp\/v2\/media\/132889"}],"wp:attachment":[{"href":"https:\/\/www.europesays.com\/no\/wp-json\/wp\/v2\/media?parent=132888"}],"wp:term":[{"taxonomy":"category","embeddable":true,"href":"https:\/\/www.europesays.com\/no\/wp-json\/wp\/v2\/categories?post=132888"},{"taxonomy":"post_tag","embeddable":true,"href":"https:\/\/www.europesays.com\/no\/wp-json\/wp\/v2\/tags?post=132888"}],"curies":[{"name":"wp","href":"https:\/\/api.w.org\/{rel}","templated":true}]}}