{"id":13289,"date":"2025-08-20T14:56:08","date_gmt":"2025-08-20T14:56:08","guid":{"rendered":"https:\/\/www.europesays.com\/no\/13289\/"},"modified":"2025-08-20T14:56:08","modified_gmt":"2025-08-20T14:56:08","slug":"nyheter-jarlsberg-fallskjermulykke-pa-jarlsberg","status":"publish","type":"post","link":"https:\/\/www.europesays.com\/no\/13289\/","title":{"rendered":"Nyheter, Jarlsberg | Fallskjermulykke p\u00e5 Jarlsberg"},"content":{"rendered":"\n<p><b>VESTFOLD: <\/b>Politiet fikk klokka 15.10 onsdag melding om en fallskjermhopper som har utl\u00f8st n\u00f8dskjerm.<\/p>\n<p>Vedkommende skal, if\u00f8lge politiet, ha \u00abg\u00e5tt hardt i bakken\u00bb. Mannen var bevisst etter hendelsen, men skadeomfanget er ukjent.<\/p>\n<p>\u2013 Pasient er bevisst. Helse jobber med pasient. Luftambulanse er varslet og p\u00e5 vei, melder<\/p>\n<p>\u2013 Det skal ha v\u00e6rt et hoppf\u00f8lge i luften og hvor det videre har blitt et sammenst\u00f8t mellom to personer i luften. Pasienten som ble tatt med av SarQueen er en mann i 60-\u00e5rene. Den andre personen ble lettere skadet. Vi snakker med involverte og vitner p\u00e5 stedet, melderoperasjonsleder Inge Omli Landsr\u00f8d i S\u00f8r-\u00d8st politidistrikt.<\/p>\n<p>Hendelsen har skjedd p\u00e5 Jarlsberg p\u00e5 Sem.<\/p>\n<p>Les mer om: artikkelemnene<\/p>\n","protected":false},"excerpt":{"rendered":"VESTFOLD: Politiet fikk klokka 15.10 onsdag melding om en fallskjermhopper som har utl\u00f8st n\u00f8dskjerm. Vedkommende skal, if\u00f8lge politiet,&hellip;\n","protected":false},"author":2,"featured_media":6271,"comment_status":"","ping_status":"","sticky":false,"template":"","format":"standard","meta":{"footnotes":""},"categories":[10],"tags":[36,20,21,24,25,15,2577,22,23,13,30,28,29,14,16,1510,26,27,825],"class_list":{"0":"post-13289","1":"post","2":"type-post","3":"status-publish","4":"format-standard","5":"has-post-thumbnail","7":"category-norge","8":"tag-art","9":"tag-breaking-news","10":"tag-breakingnews","11":"tag-featured-news","12":"tag-featurednews","13":"tag-headlines","14":"tag-jarlsberg","15":"tag-latest-news","16":"tag-latestnews","17":"tag-news","18":"tag-no","19":"tag-norge","20":"tag-norway","21":"tag-nyheter","22":"tag-overskrifter","23":"tag-story","24":"tag-top-stories","25":"tag-topstories","26":"tag-vestfold"},"share_on_mastodon":{"url":"","error":""},"_links":{"self":[{"href":"https:\/\/www.europesays.com\/no\/wp-json\/wp\/v2\/posts\/13289","targetHints":{"allow":["GET"]}}],"collection":[{"href":"https:\/\/www.europesays.com\/no\/wp-json\/wp\/v2\/posts"}],"about":[{"href":"https:\/\/www.europesays.com\/no\/wp-json\/wp\/v2\/types\/post"}],"author":[{"embeddable":true,"href":"https:\/\/www.europesays.com\/no\/wp-json\/wp\/v2\/users\/2"}],"replies":[{"embeddable":true,"href":"https:\/\/www.europesays.com\/no\/wp-json\/wp\/v2\/comments?post=13289"}],"version-history":[{"count":0,"href":"https:\/\/www.europesays.com\/no\/wp-json\/wp\/v2\/posts\/13289\/revisions"}],"wp:featuredmedia":[{"embeddable":true,"href":"https:\/\/www.europesays.com\/no\/wp-json\/wp\/v2\/media\/6271"}],"wp:attachment":[{"href":"https:\/\/www.europesays.com\/no\/wp-json\/wp\/v2\/media?parent=13289"}],"wp:term":[{"taxonomy":"category","embeddable":true,"href":"https:\/\/www.europesays.com\/no\/wp-json\/wp\/v2\/categories?post=13289"},{"taxonomy":"post_tag","embeddable":true,"href":"https:\/\/www.europesays.com\/no\/wp-json\/wp\/v2\/tags?post=13289"}],"curies":[{"name":"wp","href":"https:\/\/api.w.org\/{rel}","templated":true}]}}