{"id":132895,"date":"2026-01-09T10:50:09","date_gmt":"2026-01-09T10:50:09","guid":{"rendered":"https:\/\/www.europesays.com\/no\/132895\/"},"modified":"2026-01-09T10:50:09","modified_gmt":"2026-01-09T10:50:09","slug":"svensk-sikkerhetspoliti-okt-risiko-for-sabotasje","status":"publish","type":"post","link":"https:\/\/www.europesays.com\/no\/132895\/","title":{"rendered":"Svensk sikkerhetspoliti: \u00d8kt risiko for sabotasje"},"content":{"rendered":"\n<p class=\"_lead_o9xde_2 _lead_xtcu6_50 layout-component text-serif-m layout-normal text-serif-l layout-component layout-wide layout-padded _wide_17hqh_1 layout-padded\">Svensk sikkerhetspoliti (S\u00e4po) frykter \u00f8kt aktivitet fra russisk etterretning i 2026 \u2013 og frykter sabotasje p\u00e5 svensk jord.<\/p>\n<p><img alt=\"Russland og president Vladimir Putin utgj\u00f8r den st\u00f8rste trusselen mot Sverige if\u00f8lge S\u00e4po.  Foto: Sergei Guneyev \/ Pool Sputnik Kremlin\" class=\"_image_qp4xg_65 layout-component layout-wide\" data-fullscreen- data-track-element-type=\"Article image fullscreen\" data-track-name=\"ImageFullscreen\" fetchpriority=\"high\" decoding=\"sync\" loading=\"eager\" height=\"4000\" itemprop=\"image\"  src=\"https:\/\/www.europesays.com\/no\/wp-content\/uploads\/2026\/01\/64c386b9-e81e-4c64-835e-dea2a05cfaee.png\"  style=\"object-position:0% 0%\" width=\"6000\"\/>Russland og president Vladimir Putin utgj\u00f8r den st\u00f8rste trusselen mot Sverige if\u00f8lge S\u00e4po.  Foto: Sergei Guneyev \/ Pool Sputnik Kremlin<\/p>\n<ul aria-hidden=\"true\" class=\"_images_ntbth_112\">\n<li><a class=\"_link_ntbth_117\" href=\"https:\/\/www.vg.no\/forfatter\/alf-bjarne-johnsen\" style=\"z-index:1\" title=\"Alf Bjarne Johnsen\" rel=\"nofollow noopener\" target=\"_blank\"><img alt=\"Bilde av Alf Bjarne Johnsen\" class=\"_image_ntbth_93\" fetchpriority=\"low\" loading=\"lazy\" decoding=\"async\" itemprop=\"image\"  src=\"https:\/\/www.europesays.com\/no\/wp-content\/uploads\/2026\/01\/1767955808_736_a8952b63-f4d3-424e-ab5c-93e67076c9b0.jpeg\"  width=\"480\"\/><\/a><\/li>\n<\/ul>\n<p> Oppdatert fredag 9. januar kl. 11:26    <\/p>\n<ul class=\"_list_o9xde_3 _list_64s2r_85 _unordered_o9xde_106 text-sans-m\">\n<li class=\"_item_o9xde_30\">S\u00e4po frykter \u00f8kt russisk etterretning og risiko for sabotasje mot Sverige i 2026.<\/li>\n<li class=\"_item_o9xde_30\">Russland utgj\u00f8r den st\u00f8rste trusselen mot Sverige, if\u00f8lge S\u00e4po-sjef Charlotte von Essen.<\/li>\n<li class=\"_item_o9xde_30\">Svenske trusselvurderinger peker p\u00e5 b\u00e5de p\u00e5virkningsoperasjoner og sabotasje mot vestlige st\u00f8tte til Ukraina.<\/li>\n<li class=\"_item_o9xde_30\">Norske etterretningstjenester har ogs\u00e5 advart om \u00f8kt russisk aktivitet og faren for sabotasje.<\/li>\n<li class=\"_item_o9xde_30\"\/><\/ul>\n<p>Vis mer <\/p>\n<p class=\"_paragraph_o9xde_4 _paragraph_xtcu6_10 layout-component text-serif-m layout-normal text-serif-m layout-padded\">\u2013 Russland er fortsatt den st\u00f8rste trusselen mot <a href=\"https:\/\/www.vg.no\/tag\/sverige?utm_source=vg-article&amp;utm_medium=auto-tagger&amp;utm_campaign=8p6mpw\" class=\"_link_o9xde_39\" rel=\"nofollow noopener\" target=\"_blank\">Sverige<\/a>, skriver S\u00e4po-sjef Charlotte von Essen i en ny trusselvurdering fredag morgen. <\/p>\n<p class=\"_paragraph_o9xde_4 _paragraph_xtcu6_10 layout-component text-serif-m layout-normal text-serif-m layout-padded\"><strong class=\"_strong_o9xde_25\">Hun venter at den russiske sikkerhetstruende virksomheten kan komme til \u00e5 \u00f8ke b\u00e5de i omfang og i alvor. <\/strong><\/p>\n<p class=\"_paragraph_o9xde_4 _paragraph_xtcu6_10 layout-component text-serif-m layout-normal text-serif-m layout-padded\">\u2013 Russiske etterretnings- og sikkerhetstjenester jobber med etterretning, p\u00e5virkningsoperasjoner og anskaffer teknisk utstyr. Det er ogs\u00e5 en trussel om sabotasje fra Russland, rettet mot vestlige lands st\u00f8tte til Ukraina, skriver S\u00e4po-sjefen i <a href=\"https:\/\/sapo.se\/ovriga-sidor\/nyheter\/nyheter\/2026-01-09-fortsatt-forhojd-terrorhotniva-i-allvarligt-sakerhetslage.html\" class=\"_link_o9xde_39\" rel=\"nofollow noopener\" target=\"_blank\">trusselvurderingen.<\/a><\/p>\n<p><img alt=\"Charlotte von Essen er sjef for det svenske sikkerhetspolitiet S\u00e4po.  Foto: TT NEWS AGENCY \/ Reuters\" class=\"_image_qp4xg_65 layout-component layout-normal\" data-fullscreen- data-track-element-type=\"Article image fullscreen\" data-track-name=\"ImageFullscreen\" decoding=\"async\" loading=\"lazy\" height=\"4128\" itemprop=\"image\"  src=\"https:\/\/www.europesays.com\/no\/wp-content\/uploads\/2026\/01\/a3f55e10-b3fe-4ee3-9d5b-fea162266212.jpeg\"  style=\"object-position:0% 0%\" width=\"6192\"\/>Charlotte von Essen er sjef for det svenske sikkerhetspolitiet S\u00e4po.  Foto: TT NEWS AGENCY \/ Reuters<\/p>\n<p class=\"_paragraph_o9xde_4 _paragraph_xtcu6_10 layout-component text-serif-m layout-normal text-serif-m layout-padded\">Hun viser til at utviklingen preges av en mer offensiv opptreden med \u00f8kt p\u00e5virkningsaktivitet mot europeiske land, inkludert Sverige. <\/p>\n<p class=\"_paragraph_o9xde_4 _paragraph_xtcu6_10 layout-component text-serif-m layout-normal text-serif-m layout-padded\">De norske etterretningstjenestene kom med <a href=\"https:\/\/www.vg.no\/nyheter\/i\/JbGPe8\/tydelig-sabotasje-advarsel-derfor-er-norge-utsatt\" data-track-element-type=\"Link\" data-track-id=\"link:JbGPe8\" class=\"_link_o9xde_39\" rel=\"nofollow noopener\" target=\"_blank\">en lignende advarsel<\/a> for ett \u00e5r siden.<\/p>\n<p class=\"_paragraph_o9xde_4 _paragraph_xtcu6_10 layout-component text-serif-m layout-normal text-serif-m layout-padded\">\u2013 Jeg tror vi er s\u00e6rlig utsatt her i Troms, og vi ser at det er \u00f8kt interesse fra russisk side for \u00e5 drive kartlegging, og mulig sabotasje, sa PSTs sjef i Troms, Gunnar Fugels\u00f8, til <a href=\"https:\/\/www.vg.no\/nyheter\/i\/3M7lR0\/pst-faren-for-russisk-sabotasje-oeker-russere-er-utvist\" data-track-element-type=\"Link\" data-track-id=\"link:3M7lR0\" class=\"_link_o9xde_39\" rel=\"nofollow noopener\" target=\"_blank\">VG i januar 2025. <\/a><\/p>\n<p class=\"_paragraph_o9xde_4 _paragraph_xtcu6_10 layout-component text-serif-m layout-normal text-serif-m layout-padded\">Russisk etterretningsvirksomhet i Norge blir \u00e5penbart et tema n\u00e5r Politiets sikkerhetstjeneste PST, E-tjenesten og Nasjonal sikkerhetsmyndighet NSM legger fram sin \u00e5rlige trusselvurdering for 2026. Den kommer som regel rundt m\u00e5nedsskiftet januar-februar. <\/p>\n<p class=\"_paragraph_o9xde_4 _paragraph_xtcu6_10 layout-component text-serif-m layout-normal text-serif-m layout-padded\">I august fortalte PST om et<a href=\"https:\/\/www.vg.no\/nyheter\/i\/mPJaE4\/pst-sjefen-mener-pro-russiske-hackere-sto-bak-cyberangrepet-mot-damanlegget-i-bremanger\" data-track-element-type=\"Link\" data-track-id=\"link:mPJaE4\" class=\"_link_o9xde_39\" rel=\"nofollow noopener\" target=\"_blank\"> sabotasjefors\u00f8k mot kraftproduksjonen i Bremanger,<\/a> som tjenesten hadde sporet tilbake til russiske hackere. Saken ble etterforsket, men senere henlagt fordi det ikke var mulig \u00e5 stille de ansvarlige til ansvar for en norsk domstol. <\/p>\n<p> Niv\u00e5 tre av fem <\/p>\n<p class=\"_paragraph_o9xde_4 _paragraph_xtcu6_10 layout-component text-serif-m layout-normal text-serif-m layout-padded\">I den ferske trusselvurderingen opprettholder S\u00e4po vurderingen av et forh\u00f8yet niv\u00e5 p\u00e5 terrortrusselen mot Sverige. Den ligger p\u00e5 tre p\u00e5 en skala fra en til fem.<\/p>\n<p class=\"_paragraph_o9xde_4 _paragraph_xtcu6_10 layout-component text-serif-m layout-normal text-serif-m layout-padded\">Utviklingen g\u00e5r i feil retning, if\u00f8lge S\u00e4po.<\/p>\n<p class=\"_paragraph_o9xde_4 _paragraph_xtcu6_10 layout-component text-serif-m layout-normal text-serif-m layout-padded\">Trusselen om attentater p\u00e5 svensk jord kommer fremst fra enkeltst\u00e5ende individer eller mindre grupper som vil sl\u00e5 til mot \u00abtilgjengelige m\u00e5l med enklere midler\u00bb. <\/p>\n<p class=\"_paragraph_o9xde_4 _paragraph_xtcu6_10 layout-component text-serif-m layout-normal text-serif-m layout-padded\">S\u00e4po peker p\u00e5 at attentat-trusselen fremst kommer fra   h\u00f8yreekstreme og islamister som hver for seg er villig til \u00e5 bruke vold virkemidler.<\/p>\n<p class=\"_paragraph_o9xde_4 _paragraph_xtcu6_10 layout-component text-serif-m layout-normal text-serif-m layout-padded\"><strong class=\"_strong_o9xde_25\">\u2013 Den siste tiden har det v\u00e6rt alvorlige hendelser og attentat i Europa og Australia. Konflikter, krig og spredning av propaganda kan bidra til at en hendelse i en annen del av verden kan p\u00e5virke svensk sikkerhet, skriver S\u00e4po-sjefen.<\/strong><\/p>\n","protected":false},"excerpt":{"rendered":"Svensk sikkerhetspoliti (S\u00e4po) frykter \u00f8kt aktivitet fra russisk etterretning i 2026 \u2013 og frykter sabotasje p\u00e5 svensk jord.&hellip;\n","protected":false},"author":2,"featured_media":132896,"comment_status":"","ping_status":"","sticky":false,"template":"","format":"standard","meta":{"footnotes":""},"categories":[10],"tags":[20,21,4687,24,25,15,22,23,13,30,28,29,14,16,1190,188,1537,1359,26,27,205],"class_list":{"0":"post-132895","1":"post","2":"type-post","3":"status-publish","4":"format-standard","5":"has-post-thumbnail","7":"category-norge","8":"tag-breaking-news","9":"tag-breakingnews","10":"tag-etterretning","11":"tag-featured-news","12":"tag-featurednews","13":"tag-headlines","14":"tag-latest-news","15":"tag-latestnews","16":"tag-news","17":"tag-no","18":"tag-norge","19":"tag-norway","20":"tag-nyheter","21":"tag-overskrifter","22":"tag-pst","23":"tag-russland","24":"tag-sabotasje","25":"tag-sverige","26":"tag-top-stories","27":"tag-topstories","28":"tag-vgsamfunn"},"share_on_mastodon":{"url":"https:\/\/pubeurope.com\/@no\/115864759511769466","error":""},"_links":{"self":[{"href":"https:\/\/www.europesays.com\/no\/wp-json\/wp\/v2\/posts\/132895","targetHints":{"allow":["GET"]}}],"collection":[{"href":"https:\/\/www.europesays.com\/no\/wp-json\/wp\/v2\/posts"}],"about":[{"href":"https:\/\/www.europesays.com\/no\/wp-json\/wp\/v2\/types\/post"}],"author":[{"embeddable":true,"href":"https:\/\/www.europesays.com\/no\/wp-json\/wp\/v2\/users\/2"}],"replies":[{"embeddable":true,"href":"https:\/\/www.europesays.com\/no\/wp-json\/wp\/v2\/comments?post=132895"}],"version-history":[{"count":0,"href":"https:\/\/www.europesays.com\/no\/wp-json\/wp\/v2\/posts\/132895\/revisions"}],"wp:featuredmedia":[{"embeddable":true,"href":"https:\/\/www.europesays.com\/no\/wp-json\/wp\/v2\/media\/132896"}],"wp:attachment":[{"href":"https:\/\/www.europesays.com\/no\/wp-json\/wp\/v2\/media?parent=132895"}],"wp:term":[{"taxonomy":"category","embeddable":true,"href":"https:\/\/www.europesays.com\/no\/wp-json\/wp\/v2\/categories?post=132895"},{"taxonomy":"post_tag","embeddable":true,"href":"https:\/\/www.europesays.com\/no\/wp-json\/wp\/v2\/tags?post=132895"}],"curies":[{"name":"wp","href":"https:\/\/api.w.org\/{rel}","templated":true}]}}