{"id":132909,"date":"2026-01-09T11:05:10","date_gmt":"2026-01-09T11:05:10","guid":{"rendered":"https:\/\/www.europesays.com\/no\/132909\/"},"modified":"2026-01-09T11:05:10","modified_gmt":"2026-01-09T11:05:10","slug":"forsvarsminister-tore-o-sandvik-sier-norge-skal-vaere-med-pa-natos-innsats-i-ukraina","status":"publish","type":"post","link":"https:\/\/www.europesays.com\/no\/132909\/","title":{"rendered":"Forsvarsminister Tore O. Sandvik sier Norge skal v\u00e6re med p\u00e5 Natos innsats i Ukraina"},"content":{"rendered":"<p class=\"kicker t15 font-weight-bold m-font-weight-bold color_mobile_no_bg_color quaternary color_mobile_quaternary font-Trim text-case-transform-upper mobile-hasTextPadding\" style=\"\">Nyheter<\/p>\n<p>    Forsvarsminister Tore O. Sandvik sier at en norsk innsats i Ukraina skal diskuteres fremover. Han er ogs\u00e5 krystallklar om Svalbards posisjon.<\/p>\n<p>\n        TR\u00d8NDELAG: Forsvarsminister Tore O. Sandvik bes\u00f8kte V\u00e6rnes torsdag.<br \/>\n        Foto: Jo Straube, Forsvarets forum\n    <\/p>\n<p>V\u00c6RNES (Forsvarets forum): Tidligere denne uken var statsminister Jonas Gahr St\u00f8re (Ap) p\u00e5 et toppm\u00f8te med andre europeiske ledere i Paris for \u00e5 diskutere situasjonen i Ukraina.<\/p>\n<p>I etterkant av m\u00f8tet uttalte St\u00f8re at Norge kan bidra med soldater til en s\u00e5kalt sikringsstyrke i Ukraina, if\u00f8lge NTB.<\/p>\n<p>Det er snakk om \u00e5 trene og bygge opp det ukrainske forsvaret.<\/p>\n<p>Under et bes\u00f8k til Operasjon Gungne p\u00e5 V\u00e6rnes torsdag, hvor ukrainske soldater trenes opp, sa forsvarsminister Tore O. Sandvik (Ap) at det ikke er aktuelt f\u00f8r en v\u00e5penhvile.<\/p>\n<p>\u2013 Det\u00a0forutsetter at det ikke er kamphandlinger og krig igjen. Norge har sagt at vi skal v\u00e6re med p\u00e5 den innsatsen der USA gir sikkerhetsgarantier, og der Europa samlet gir sikkerhetsgarantier, sier han til Forsvarets forum.<\/p>\n<p>Kan bidra<\/p>\n<p>Sandvik forteller at det kommer til \u00e5 bli diskusjoner om Norges eventuelle bidrag i Stortinget n\u00e5r det vil bli aktuelt.\u00a0<\/p>\n<p>\u2013 Det er naturlig at de ulike landene snakker om hva man kan bidra med, og for Norge vil det kunne v\u00e6re aktuelt, det m\u00e5 vi jo diskutere, sier Sandvik.<\/p>\n<p>I tillegg til opptreningen p\u00e5 V\u00e6rnes, bidrar ogs\u00e5 Norge under Operasjon Interflex i Storbritannia og Operasjon Legio i Polen.<\/p>\n<p>\u2013 Vi har vist at vi kan utdanne ukrainske soldater, regenerere H\u00e6ren og gi ny oppl\u00e6ring til \u00e5 bygge dem opp, men ogs\u00e5 det er \u00e5 reparere utstyr som er \u00f8delagt, sier statsr\u00e5den.<\/p>\n<p>Blir opptrening i Ukraina tilfellet, er det ikke utenkelig at Operasjon Gungne blir flyttet fra V\u00e6rnes. Kompanisjef for Gungne Jan Henrik J\u00f8rstad sier at de har tenkt tanken p\u00e5 \u00e5 bidra i Ukraina.<\/p>\n<p>                <img decoding=\"async\" src=\"https:\/\/www.europesays.com\/no\/wp-content\/uploads\/2026\/01\/477324.webp.jpeg\" width=\"480\" height=\"322\" title=\"UKRAINA-OPPL\u00c6RING: Kompanisjef Audun J\u00f8rstad sier de har diskutert et eventuelt bidrag i Ukraina.\" alt=\"\" loading=\"lazy\" style=\"\"\/><\/p>\n<p>\n            UKRAINA-OPPL\u00c6RING: Kompanisjef Audun J\u00f8rstad sier de har diskutert et eventuelt bidrag i Ukraina.<br \/>\n            Foto: Jo Straube, Forsvarets forum\n        <\/p>\n<p>\u2013 Det har vi absolutt reflektert over. Dette blir jo diskutert litt i periferien av det det vi holder p\u00e5 med her. S\u00e5<br \/>\ner dette en politisk beslutning om hvordan vi skal gjennomf\u00f8re st\u00f8tte til<br \/>\nUkraina. Det er ikke er realistisk f\u00f8r en eventuell v\u00e5penhvile \u00e5 kunne g\u00e5 tungt<br \/>\ninn i Ukraina, sier han.<\/p>\n<p>For \u00f8yeblikket mener J\u00f8rstad at den beste oppl\u00e6ringen skjer<br \/>\np\u00e5 V\u00e6rnes.<\/p>\n<p>\u2013 Vi har gode treningsfasiliteter her som gj\u00f8r at per n\u00e5<br \/>\nst\u00f8tter vi dem best med at de kommer hit. S\u00e5 f\u00e5r vi se hva de politiske<br \/>\nbeslutningene blir, sier J\u00f8rstad.<\/p>\n<p>\u2013 Viktigste signalet<\/p>\n<p>I tillegg har det skjedd mye rundt Gr\u00f8nland den siste tiden. USAs president Donald Trump fortsetter \u00e5 uttrykke stor interesse for \u00e5 overta \u00f8ya i Arktis.<\/p>\n<p>Sandvik sier Norge har v\u00e6rt veldig tydelige rundt Gr\u00f8nland.<\/p>\n<p>\u2013 Det \u00e5 si klart ifra tror jeg er det viktigste<br \/>\nsignalet vi gj\u00f8r, samtidig som vi fortsetter \u00e5 v\u00e6re p\u00e5driver for \u00f8kt<br \/>\noppmerksomhet i Arktis. Isen trekker seg tilbake, Kina har erkl\u00e6rt seg selv som<br \/>\nen n\u00e6r-arktisk nasjon, s\u00e5 det er et strategisk kappl\u00f8p og konkurranse i<br \/>\nArktis. Det gjelder alle de arktiske nasjonene, sier forsvarsministeren.<\/p>\n<p>\u2013 Flesteparten av de arktiske nasjonene, alts\u00e5 sju av \u00e5tte<br \/>\nland, er jo medlem av Nato, og vi b\u00f8r kunne finne ut hvordan vi gj\u00f8r det godt<br \/>\nsammen, sier Sandvik.<\/p>\n<p>Svarer om Svalbard<\/p>\n<p>Hvis USA tar Gr\u00f8nland, kan det da skje noe med Svalbard? Russland har interesser p\u00e5 den norske \u00f8ya i henhold til Svalbard-traktaten.<\/p>\n<p>Sandvik er krystallklar p\u00e5 at det er uaktuelt at Russland skal eventuelt kopiere en amerikansk annektering av Gr\u00f8nland p\u00e5 Svalbard.\u00a0<\/p>\n<p>\u2013 I den<br \/>\ngeopolitiske, geostrategiske situasjonen i Arktis, s\u00e5 er Svalbard helt<br \/>\navgj\u00f8rende. Det er helt opplagt at det skal v\u00e6re under Nato-kontroll. Og hvis russene skulle true det, s\u00e5 truer man Nato, og man truer<br \/>\nda ikke minst medlemmene i USA, Storbritannia, og kontinentet. <\/p>\n<p>                <img decoding=\"async\" src=\"https:\/\/www.europesays.com\/no\/wp-content\/uploads\/2026\/01\/477287.webp.jpeg\" width=\"480\" height=\"322\" title=\"BES\u00d8K: Forsvarsministeren var innom oppl\u00e6ringen av ukrainske soldater p\u00e5 V\u00e6rnes.\" alt=\"\" loading=\"lazy\" style=\"\"\/><\/p>\n<p>\n            BES\u00d8K: Forsvarsministeren var innom oppl\u00e6ringen av ukrainske soldater p\u00e5 V\u00e6rnes.<br \/>\n            Foto: Jo Straube, Forsvarets forum\n        <\/p>\n<p>If\u00f8lge Sandvik vil kontroll p\u00e5 Svalbard sikre Russland fritt leide for<br \/>\nub\u00e5tene og Nordfl\u00e5ten.\u00a0<\/p>\n<p>\u2013 Og derfor er det en av grunnene til at<br \/>\nNorge er opptatt av at Arktis m\u00e5 v\u00e6re mer synlig i Nato-sammenheng, sier forsvarsministeren.<\/p>\n<p>Han ramser opp at russerne stadig tester nye v\u00e5pen, langtflyvende<br \/>\nmissiler, og undervannsdroner. De har i det siste f\u00e5tt nye ub\u00e5ter, fregatt og flere andre kapasiteter.\u00a0<\/p>\n<p>\u2013 Det er derfor vi som flere \u00f8ker oppmerksomheten om Arktis<br \/>\nfra v\u00e5re allierte, sier Sandvik.<\/p>\n","protected":false},"excerpt":{"rendered":"Nyheter Forsvarsminister Tore O. Sandvik sier at en norsk innsats i Ukraina skal diskuteres fremover. Han er ogs\u00e5&hellip;\n","protected":false},"author":2,"featured_media":132910,"comment_status":"","ping_status":"","sticky":false,"template":"","format":"standard","meta":{"footnotes":""},"categories":[5],"tags":[20,21,24,25,15,19,22,23,17,18,13,30,28,29,14,16,26,27],"class_list":{"0":"post-132909","1":"post","2":"type-post","3":"status-publish","4":"format-standard","5":"has-post-thumbnail","7":"category-overskrifter","8":"tag-breaking-news","9":"tag-breakingnews","10":"tag-featured-news","11":"tag-featurednews","12":"tag-headlines","13":"tag-hovedoppslag","14":"tag-latest-news","15":"tag-latestnews","16":"tag-main-news","17":"tag-mainnews","18":"tag-news","19":"tag-no","20":"tag-norge","21":"tag-norway","22":"tag-nyheter","23":"tag-overskrifter","24":"tag-top-stories","25":"tag-topstories"},"share_on_mastodon":{"url":"https:\/\/pubeurope.com\/@no\/115864818413540035","error":""},"_links":{"self":[{"href":"https:\/\/www.europesays.com\/no\/wp-json\/wp\/v2\/posts\/132909","targetHints":{"allow":["GET"]}}],"collection":[{"href":"https:\/\/www.europesays.com\/no\/wp-json\/wp\/v2\/posts"}],"about":[{"href":"https:\/\/www.europesays.com\/no\/wp-json\/wp\/v2\/types\/post"}],"author":[{"embeddable":true,"href":"https:\/\/www.europesays.com\/no\/wp-json\/wp\/v2\/users\/2"}],"replies":[{"embeddable":true,"href":"https:\/\/www.europesays.com\/no\/wp-json\/wp\/v2\/comments?post=132909"}],"version-history":[{"count":0,"href":"https:\/\/www.europesays.com\/no\/wp-json\/wp\/v2\/posts\/132909\/revisions"}],"wp:featuredmedia":[{"embeddable":true,"href":"https:\/\/www.europesays.com\/no\/wp-json\/wp\/v2\/media\/132910"}],"wp:attachment":[{"href":"https:\/\/www.europesays.com\/no\/wp-json\/wp\/v2\/media?parent=132909"}],"wp:term":[{"taxonomy":"category","embeddable":true,"href":"https:\/\/www.europesays.com\/no\/wp-json\/wp\/v2\/categories?post=132909"},{"taxonomy":"post_tag","embeddable":true,"href":"https:\/\/www.europesays.com\/no\/wp-json\/wp\/v2\/tags?post=132909"}],"curies":[{"name":"wp","href":"https:\/\/api.w.org\/{rel}","templated":true}]}}