{"id":132915,"date":"2026-01-09T11:11:09","date_gmt":"2026-01-09T11:11:09","guid":{"rendered":"https:\/\/www.europesays.com\/no\/132915\/"},"modified":"2026-01-09T11:11:09","modified_gmt":"2026-01-09T11:11:09","slug":"vil-kutte-antall-kommuner-og-gjore-sykelonnsgrep","status":"publish","type":"post","link":"https:\/\/www.europesays.com\/no\/132915\/","title":{"rendered":"Vil kutte antall kommuner og gj\u00f8re sykel\u00f8nnsgrep"},"content":{"rendered":"\n<p class=\"_lead_o9xde_2 _lead_xtcu6_50 layout-component text-serif-m layout-normal text-serif-l layout-component layout-wide layout-padded _wide_17hqh_1 layout-padded\">H\u00f8yres vil kutte antall kommuner, kutte i offentlig ansatte og reform av sykel\u00f8nnen, if\u00f8lge interne dokumenter VG har sett. <\/p>\n<p><img alt=\"NY H\u00d8YRE-LEDELSE: Ola Svenneby (foresl\u00e5tt som nestleder), Henrik Asheim (foresl\u00e5tt som nestleder) og Ine Eriksen S\u00f8reide (foresl\u00e5tt som leder) er etter alle solemerker H\u00f8yre nye ledelse etter landsm\u00f8tet i februar.  Foto: Gorm Kallestad \/ NTB\" class=\"_image_qp4xg_65 layout-component layout-wide\" data-fullscreen- data-track-element-type=\"Article image fullscreen\" data-track-name=\"ImageFullscreen\" fetchpriority=\"high\" decoding=\"sync\" loading=\"eager\" height=\"3986\" itemprop=\"image\"  src=\"https:\/\/www.europesays.com\/no\/wp-content\/uploads\/2026\/01\/fc545760-1b22-4009-a6ea-75cf9a4437a4.jpeg\"  style=\"object-position:0% 0%\" width=\"5980\"\/>NY H\u00d8YRE-LEDELSE: Ola Svenneby (foresl\u00e5tt som nestleder), Henrik Asheim (foresl\u00e5tt som nestleder) og Ine Eriksen S\u00f8reide (foresl\u00e5tt som leder) er etter alle solemerker H\u00f8yre nye ledelse etter landsm\u00f8tet i februar.  Foto: Gorm Kallestad \/ NTB<\/p>\n<ul aria-hidden=\"true\" class=\"_images_ntbth_112\">\n<li><a class=\"_link_ntbth_117\" href=\"https:\/\/www.vg.no\/forfatter\/eirik-roesvik\" style=\"z-index:1\" title=\"Eirik R\u00f8svik\" rel=\"nofollow noopener\" target=\"_blank\"><img alt=\"Bilde av Eirik R\u00f8svik\" class=\"_image_ntbth_93\" fetchpriority=\"low\" loading=\"lazy\" decoding=\"async\" itemprop=\"image\"  src=\"https:\/\/www.europesays.com\/no\/wp-content\/uploads\/2026\/01\/e89b2909-ac93-4edd-8a78-19e4fd985be5.jpeg\"  width=\"480\"\/><\/a><\/li>\n<\/ul>\n<p> Oppdatert fredag 9. januar kl. 12:10    <\/p>\n<ul class=\"_list_o9xde_3 _list_64s2r_85 _unordered_o9xde_106 text-sans-m\">\n<li class=\"_item_o9xde_30\">H\u00f8yre vil kutte kommuner og offentlig ansatte, og reformere sykel\u00f8nnen, if\u00f8lge interne dokumenter VG har sett. <\/li>\n<li class=\"_item_o9xde_30\">Partiet foresl\u00e5r ogs\u00e5 betydelige skattekutt og en nasjonal skrivepr\u00f8ve.<\/li>\n<li class=\"_item_o9xde_30\">Dette fremg\u00e5r av to politiske dokumenter som skal vedtas p\u00e5 H\u00f8yres landsm\u00f8te den 13.-15. februar i \u00e5r.<\/li>\n<\/ul>\n<p>Vis mer <\/p>\n<p class=\"_paragraph_o9xde_4 _paragraph_xtcu6_10 layout-component text-serif-m layout-normal text-serif-m layout-padded\">Dette er deler av H\u00f8yres nye politiske kurs etter fjor\u00e5rets krisevalg. <\/p>\n<p class=\"_paragraph_o9xde_4 _paragraph_xtcu6_10 layout-component text-serif-m layout-normal text-serif-m layout-padded\">H\u00f8yre \u00f8nsker ogs\u00e5 betydelige kutt i inntektsskatten, innf\u00f8re en ny nasjonal pr\u00f8ve i skriving og stoppe tilrettelegging for religi\u00f8s tilbedelse i skoletider.<\/p>\n<p class=\"_paragraph_o9xde_4 _paragraph_xtcu6_10 layout-component text-serif-m layout-normal text-serif-m layout-padded\">De vil ogs\u00e5 foresl\u00e5 at hver krone \u00f8kning i CO\u2082-avgift skal kompenseres med et skattekutt p\u00e5 2 kroner for folk eller bedrifter. <\/p>\n<p class=\"_paragraph_o9xde_4 _paragraph_xtcu6_10 layout-component text-serif-m layout-normal text-serif-m layout-padded\">H\u00f8yre skal velge ny ledelse og utarbeide ny politikk p\u00e5 landsm\u00f8tet sitt den 13\u201315. februar i \u00e5r. Der skal de ogs\u00e5 vedta to storresolusjoner om \u00abOmstilling\u00bb og \u00abSkole\u00bb. VG har f\u00e5tt sett begge dokumentene. <\/p>\n<p class=\"_paragraph_o9xde_4 _paragraph_xtcu6_10 layout-component text-serif-m layout-normal text-serif-m layout-padded\">Nettavisen <a href=\"https:\/\/www.nettavisen.no\/nyheter\/interne-dokumenter-avslorer-slik-blir-det-nye-hoyre\/s\/5-95-2815591\" class=\"_link_o9xde_39\" rel=\"nofollow noopener\" target=\"_blank\">omtalte fredag morgen<\/a> innholdet i \u00abOmstilling\u00bb-resolusjonen. <\/p>\n<p>\u00d8nsker sykel\u00f8nns-reform<\/p>\n<p class=\"_paragraph_o9xde_4 _paragraph_xtcu6_10 layout-component text-serif-m layout-normal text-serif-m layout-padded\">Et av omr\u00e5dene som kan skape kontroverser dersom det blir vedtatt vil v\u00e6re \u00f8nsket om \u00e5 endre den norske sykel\u00f8nnsordningen. <\/p>\n<p class=\"_paragraph_o9xde_4 _paragraph_xtcu6_10 layout-component text-serif-m layout-normal text-serif-m layout-padded\">H\u00f8yres \u00f8nsker nemlig \u00e5 evaluere og ta initiativ til en reform av sykel\u00f8nnsordningen i samarbeid med partene i arbeidslivet, hvis resolusjonen blir vedtatt uten endringer p\u00e5 dette punktet. <\/p>\n<p><img alt=\"INVITERES INN: LO-leder Kine Asper Vistnes og daglig leder i NHO Ole Erik Almlid under \u00e5rskonferansen til NHO p\u00e5 Nova Spektrum i Lillestr\u00f8m onsdag  Foto: G\u00f8ran Bohlin \/ VG\" class=\"_image_qp4xg_65 layout-component layout-normal\" data-fullscreen- data-track-element-type=\"Article image fullscreen\" data-track-name=\"ImageFullscreen\" decoding=\"async\" loading=\"lazy\" height=\"4111\" itemprop=\"image\"  src=\"https:\/\/www.europesays.com\/no\/wp-content\/uploads\/2026\/01\/9c2ef3c6-b6bd-4281-b5f3-e76d0420559a.jpeg\"  style=\"object-position:0% 0%\" width=\"5534\"\/>INVITERES INN: LO-leder Kine Asper Vistnes og daglig leder i NHO Ole Erik Almlid under \u00e5rskonferansen til NHO p\u00e5 Nova Spektrum i Lillestr\u00f8m onsdag  Foto: G\u00f8ran Bohlin \/ VG<\/p>\n<p class=\"_paragraph_o9xde_4 _paragraph_xtcu6_10 layout-component text-serif-m layout-normal text-serif-m layout-padded\">De vil gj\u00f8re gradert sykemelding til hovedregel, med unntak for de som \u00ab\u00e5penbart ikke kan jobbe\u00bb. De vil ogs\u00e5 g\u00e5 gjennom diagnosekategorier for sykemelding og skjerpe adgangen til \u00e5 sykmelde p\u00e5 flere omr\u00e5der. <\/p>\n<p class=\"_paragraph_o9xde_4 _paragraph_xtcu6_10 layout-component text-serif-m layout-normal text-serif-m layout-padded\">I tillegg vil de s\u00f8rge for at fastlegene gj\u00f8r en arbeidsevnevurdering i hver enkelt sykemelding, og de vil g\u00e5 gjennom takstsystemet for fastlegene for \u00e5 sikre bedre oppf\u00f8lging av langtidssyke og hyppigere bruk av alternativer til sykemelding. <\/p>\n<p><img decoding=\"async\" alt=\"Bilde av Anna Molberg\" class=\"_image_ygndg_42\" height=\"27\" itemprop=\"image\" loading=\"lazy\"  src=\"https:\/\/www.europesays.com\/no\/wp-content\/uploads\/2026\/01\/96db6337-b029-4cfd-9e13-84307866fe82.jpeg\"  width=\"40\"\/><strong class=\"_name_ygndg_51 title-serif-xs\">Anna Molberg<\/strong><\/p>\n<p class=\"_paragraph_o9xde_4 text-sans-m _description_ygndg_56\">Stortingsrepresentant<\/p>\n<p class=\"_paragraph_o9xde_4 _paragraph_xtcu6_10 layout-component text-serif-m layout-normal text-serif-m layout-padded\">H\u00f8yres Anna Molberg \u00f8nsker tillegg i en dissens \u00e5 fjerne fagforeningsfradraget og fradrag for kontigent til arbeidsgiverorganisasjon, og gi pengene til skattelette til alle som jobber. <\/p>\n<p class=\"_paragraph_o9xde_4 _paragraph_xtcu6_10 layout-component text-serif-m layout-normal text-serif-m layout-padded\">\u2013 Vi \u00f8nsker et mye saftigere fradrag for alle som er i jobb, istedenfor \u00e5 favorisere kun de som er organiserte i dag. Vi vil omprioritere til et st\u00f8rre arbeidsfradrag til alle som er i jobb, sier Molberg til VG.<\/p>\n<p>Kutte antall kommuner<\/p>\n<p class=\"_paragraph_o9xde_4 _paragraph_xtcu6_10 layout-component text-serif-m layout-normal text-serif-m layout-padded\">H\u00f8yres kommunereform \u2013 og reverseringen av deler av den \u2013 har skapt mye politisk konflikt de siste femten \u00e5rene. N\u00e5 \u00f8nsker H\u00f8yre nok en gang \u00e5 kaste seg inn i et nytt fors\u00f8k p\u00e5 \u00e5 kutte antall kommuner. <\/p>\n<p class=\"_paragraph_o9xde_4 _paragraph_xtcu6_10 layout-component text-serif-m layout-normal text-serif-m layout-padded\">I resolusjonen st\u00e5r det at de \u00f8nsker \u00e5 redusere antall kommuner \u00abbetydelig\u00bb, og sette ned en kommisjon som skal foresl\u00e5 hvordan en ny kommunestruktur kan etableres i samarbeid med kommunene og \u00abmed respekt for p\u00e5g\u00e5ende prosesser\u00bb. <\/p>\n<p><img alt=\"MYE STRID: Erna Solberg og Trygve Slagsvold Vedum kjempet hardt om kommuner i mange \u00e5r.   Foto: Ole Martin Wold \/ VG\" class=\"_image_qp4xg_65 layout-component layout-normal\" data-fullscreen- data-track-element-type=\"Article image fullscreen\" data-track-name=\"ImageFullscreen\" decoding=\"async\" loading=\"lazy\" height=\"4000\" itemprop=\"image\"  src=\"https:\/\/www.europesays.com\/no\/wp-content\/uploads\/2026\/01\/7c1a1baf-ee89-4548-9597-bc2f4a37dea7.jpeg\"  style=\"object-position:0% 0%\" width=\"6000\"\/>MYE STRID: Erna Solberg og Trygve Slagsvold Vedum kjempet hardt om kommuner i mange \u00e5r.   Foto: Ole Martin Wold \/ VG<\/p>\n<p class=\"_paragraph_o9xde_4 _paragraph_xtcu6_10 layout-component text-serif-m layout-normal text-serif-m layout-padded\">I forslaget st\u00e5r det at f\u00e6rre kommuner er n\u00f8dvendig for \u00e5 sette kommunene i stand til \u00e5 levere gode tjenester til innbyggerne. De skriver videre at de \u00f8nsker \u00e5 redusere kommunenes kostnader, \u00f8ke det lokale selvstyret og fjerne un\u00f8dvendig statlig styring. <\/p>\n<p class=\"_paragraph_o9xde_4 _paragraph_xtcu6_10 layout-component text-serif-m layout-normal text-serif-m layout-padded\">For \u00e5 f\u00e5 til dette vil de gi kommunene mer i frie inntekter, redusere antall p\u00e5bud, forbud, reguleringer og lovp\u00e5lagte oppgaver kraftig. Flertallet i resolusjonskomiteen \u00f8nsker \u00e5 oppheve bemanningsnormer, mens et mindretall skriver at de \u00f8nsker \u00e5 \u00abendre og gj\u00f8re bemanningsnormene mer fleksible\u00bb.<\/p>\n<p class=\"_paragraph_o9xde_4 _paragraph_xtcu6_10 layout-component text-serif-m layout-normal text-serif-m layout-padded\">De \u00f8nsker ogs\u00e5 \u00e5 legge ned fylkeskommunen og overf\u00f8re oppgavene til kommunene og staten. <\/p>\n<p>Byr\u00e5krati-kutt og exit-reform<\/p>\n<p class=\"_paragraph_o9xde_4 _paragraph_xtcu6_10 layout-component text-serif-m layout-normal text-serif-m layout-padded\">H\u00f8yre-planene g\u00e5r ogs\u00e5 ut p\u00e5 \u00e5 \u00abkraftig redusere\u00bb det de kaller regelbyrden i byr\u00e5kratiet \u2013 og st\u00f8rrelsen p\u00e5 direktorater, statlige foretak og offentlige etater. <\/p>\n<p class=\"_paragraph_o9xde_4 _paragraph_xtcu6_10 layout-component text-serif-m layout-normal text-serif-m layout-padded\"><strong class=\"_strong_o9xde_25\">\u00abAmbisjonen b\u00f8r v\u00e6re minst fem prosent f\u00e6rre administrative \u00e5rsverk i offentlig sektor\u00bb, skriver de.<\/strong><\/p>\n<p class=\"_paragraph_o9xde_4 _paragraph_xtcu6_10 layout-component text-serif-m layout-normal text-serif-m layout-padded\">De \u00f8nsker ogs\u00e5 \u00e5 sikre et \u00ablavere og mer forutsigbart skatteniv\u00e5\u00bb som skal sikre at norske bedrifter, bedriftseiere og gr\u00fcndere har konkurransedyktige betingelser sammenlignet med v\u00e5re naboland. <\/p>\n<p class=\"_paragraph_o9xde_4 _paragraph_xtcu6_10 layout-component text-serif-m layout-normal text-serif-m layout-padded\">De vil ogs\u00e5 gj\u00f8re det lettere \u00e5 kj\u00f8pe aksjer i bedriften man jobber i, endre opsjonsskatten og reformere exit-skatten for \u00e5 lokke investorer tilbake til Norge.<\/p>\n<p>Obligatorisk barnehage\u00e5r<\/p>\n<p class=\"_paragraph_o9xde_4 _paragraph_xtcu6_10 layout-component text-serif-m layout-normal text-serif-m layout-padded\">I skoleresolusjonen legges det opp til en mer praktisk og variert skole med mer fysisk aktivitet, der skjermtid erstattes av mer \u00ablesetid og skrivetid p\u00e5 skolen\u00bb. Flere fysiske b\u00f8ker og penn og papir. Men ogs\u00e5 trening p\u00e5 sosiale og emosjonelle ferdigheter, s\u00e6rlig knyttet til utholdenhet og konsentrasjon. <\/p>\n<p class=\"_paragraph_o9xde_4 _paragraph_xtcu6_10 layout-component text-serif-m layout-normal text-serif-m layout-padded\">Skolepolitisk talsperson, Mathilde Tybring Gjedde, har allerede fortalt om flere av partiets ambisjoner i skolepolitikken i et intervju med <a href=\"https:\/\/www.vg.no\/nyheter\/i\/aJ2mB5\/mathilde-tybring-gjedde-hoeyre-skal-gjenskape-skolen-som-skolepartiet\" data-track-element-type=\"Link\" data-track-id=\"link:aJ2mB5\" class=\"_link_o9xde_39\" rel=\"nofollow noopener\" target=\"_blank\">VG<\/a>. <\/p>\n<p><img alt=\"SKOLESJEF: Mathilde Tybring-Gjedde.  Foto: Frank Ertesv\u00e5g \/ VG\" class=\"_image_qp4xg_65 layout-component layout-normal\" data-fullscreen- data-track-element-type=\"Article image fullscreen\" data-track-name=\"ImageFullscreen\" decoding=\"async\" loading=\"lazy\" height=\"5712\" itemprop=\"image\"  src=\"https:\/\/www.europesays.com\/no\/wp-content\/uploads\/2026\/01\/170d6e5e-54eb-4e5d-afd5-9520830e2e37.png\"  style=\"object-position:0% 0%\" width=\"4284\"\/>SKOLESJEF: Mathilde Tybring-Gjedde.  Foto: Frank Ertesv\u00e5g \/ VG<\/p>\n<p class=\"_paragraph_o9xde_4 _paragraph_xtcu6_10 layout-component text-serif-m layout-normal text-serif-m layout-padded\">Skoleplanen har en egen plan for \u00e5 styrke integreringen i skolen. <\/p>\n<p class=\"_paragraph_o9xde_4 _paragraph_xtcu6_10 layout-component text-serif-m layout-normal text-serif-m layout-padded\">I levek\u00e5rsutsatte omr\u00e5der \u00f8nsker partiet \u00e5 innf\u00f8re obligatorisk barnehage \u00e5ret f\u00f8r skolestart for barn med svake spr\u00e5kferdigheter. De vil ha en ukes sommerskole i lesing og regning i levek\u00e5rsutsatte omr\u00e5der, der foreldrene aktivt m\u00e5 melde barna av dersom de ikke \u00f8nsker \u00e5 delta.<\/p>\n<p class=\"_paragraph_o9xde_4 _paragraph_xtcu6_10 layout-component text-serif-m layout-normal text-serif-m layout-padded\">Et mindretall i komiteen vil ogs\u00e5 vurdere \u00e5 redusere antall \u00e5r i grunnskolen fra 10 til 9 \u00e5r, og \u00e5pne for et frivillig 10. skole\u00e5r for elever som trenger det.<\/p>\n<p class=\"_paragraph_o9xde_4 _paragraph_xtcu6_10 layout-component text-serif-m layout-normal text-serif-m layout-padded\">Partiet \u00f8nsker ogs\u00e5 \u00e5 stoppe tilrettelegging for det de kaller religi\u00f8s tilbedelse i skoletiden. Det betyr at det ikke vil v\u00e6re \u00e5pning for b\u00f8nnerom, har Tybring-Gjedde bekreftet i et intervju med <a href=\"https:\/\/www.nettavisen.no\/nyheter\/vil-forby-muslimske-bonnerom-heier-pa-skolegudstjenester\/s\/5-95-2810038\" class=\"_link_o9xde_39\" rel=\"nofollow noopener\" target=\"_blank\">Nettavisen<\/a>. <\/p>\n<p class=\"_paragraph_o9xde_4 _paragraph_xtcu6_10 layout-component text-serif-m layout-normal text-serif-m layout-padded\">Skoleplanen legger ogs\u00e5 opp til egne fors\u00f8k for \u00e5 tiltrekke seg l\u00e6rere og barnehagel\u00e6rere i levek\u00e5rsutsatte omr\u00e5der. For eksempel kan det v\u00e6re sletting av studiegjeld, \u00f8kt kontaktl\u00e6rertilskudd eller \u00f8kt l\u00f8nn mot mer arbeidstid i skolen.<\/p>\n","protected":false},"excerpt":{"rendered":"H\u00f8yres vil kutte antall kommuner, kutte i offentlig ansatte og reform av sykel\u00f8nnen, if\u00f8lge interne dokumenter VG har&hellip;\n","protected":false},"author":2,"featured_media":132916,"comment_status":"","ping_status":"","sticky":false,"template":"","format":"standard","meta":{"footnotes":""},"categories":[10],"tags":[20,21,24,25,15,1213,22,23,13,30,28,281,29,14,16,804,26,27,205],"class_list":{"0":"post-132915","1":"post","2":"type-post","3":"status-publish","4":"format-standard","5":"has-post-thumbnail","7":"category-norge","8":"tag-breaking-news","9":"tag-breakingnews","10":"tag-featured-news","11":"tag-featurednews","12":"tag-headlines","13":"tag-hoyre-h","14":"tag-latest-news","15":"tag-latestnews","16":"tag-news","17":"tag-no","18":"tag-norge","19":"tag-norsk-politikk","20":"tag-norway","21":"tag-nyheter","22":"tag-overskrifter","23":"tag-skole","24":"tag-top-stories","25":"tag-topstories","26":"tag-vgsamfunn"},"share_on_mastodon":{"url":"https:\/\/pubeurope.com\/@no\/115864842224939242","error":""},"_links":{"self":[{"href":"https:\/\/www.europesays.com\/no\/wp-json\/wp\/v2\/posts\/132915","targetHints":{"allow":["GET"]}}],"collection":[{"href":"https:\/\/www.europesays.com\/no\/wp-json\/wp\/v2\/posts"}],"about":[{"href":"https:\/\/www.europesays.com\/no\/wp-json\/wp\/v2\/types\/post"}],"author":[{"embeddable":true,"href":"https:\/\/www.europesays.com\/no\/wp-json\/wp\/v2\/users\/2"}],"replies":[{"embeddable":true,"href":"https:\/\/www.europesays.com\/no\/wp-json\/wp\/v2\/comments?post=132915"}],"version-history":[{"count":0,"href":"https:\/\/www.europesays.com\/no\/wp-json\/wp\/v2\/posts\/132915\/revisions"}],"wp:featuredmedia":[{"embeddable":true,"href":"https:\/\/www.europesays.com\/no\/wp-json\/wp\/v2\/media\/132916"}],"wp:attachment":[{"href":"https:\/\/www.europesays.com\/no\/wp-json\/wp\/v2\/media?parent=132915"}],"wp:term":[{"taxonomy":"category","embeddable":true,"href":"https:\/\/www.europesays.com\/no\/wp-json\/wp\/v2\/categories?post=132915"},{"taxonomy":"post_tag","embeddable":true,"href":"https:\/\/www.europesays.com\/no\/wp-json\/wp\/v2\/tags?post=132915"}],"curies":[{"name":"wp","href":"https:\/\/api.w.org\/{rel}","templated":true}]}}