{"id":132917,"date":"2026-01-09T11:12:10","date_gmt":"2026-01-09T11:12:10","guid":{"rendered":"https:\/\/www.europesays.com\/no\/132917\/"},"modified":"2026-01-09T11:12:10","modified_gmt":"2026-01-09T11:12:10","slug":"kommet-for-langt-e24","status":"publish","type":"post","link":"https:\/\/www.europesays.com\/no\/132917\/","title":{"rendered":"\u2013 Kommet for langt \u2013 E24"},"content":{"rendered":"<p class=\"fullWidthDesktop hyperion-css-71ztg2\" data-test-tag=\"lead-text\">Frp g\u00e5r mot R\u00f8dt og mener det er for sent \u00e5 snu om elektrifisering av Melk\u00f8ya. De vil bruke forurensende gasskraft til \u00e5 sikre nok kraft i nord.<\/p>\n<p><img decoding=\"async\" class=\"image-asset hyperion-css-u06ts1\" data-test-tag=\"image-asset\" src=\"https:\/\/www.europesays.com\/no\/wp-content\/uploads\/2026\/01\/cb48f4eb-0444-4b01-8a11-9503f66c2040.jpeg\"  alt=\"Kristoffer Sivertsen (t.v.) og Tor Mikkel Wara i Frp mener det er for sent \u00e5 stanse elektrifiseringen av Melk\u00f8ya. De vil fortsette med forurensende gasskraft for \u00e5 unng\u00e5 en kraftskvis i Nord-Norge fra rundt 2030.\"  loading=\"eager\" fetchpriority=\"high\" style=\"aspect-ratio:1900 \/ 1325\"\/>Kristoffer Sivertsen (t.v.) og Tor Mikkel Wara i Frp mener det er for sent \u00e5 stanse elektrifiseringen av Melk\u00f8ya. De vil fortsette med forurensende gasskraft for \u00e5 unng\u00e5 en kraftskvis i Nord-Norge fra rundt 2030. Foto: Kjetil Malkenes Hovland, E24Publisert: Publisert: <\/p>\n<p>For mindre enn 30 minutter siden<\/p>\n<p>Kortversjonen<\/p>\n<ul class=\"hyperion-css-pkq1ci\" data-test-tag=\"list\">\n<li class=\"hyperion-css-12h2ush\">Frp mener det er for sent \u00e5 stoppe elektrifiseringen av Melk\u00f8ya, siden lisenspartnerne allerede har investert mange milliarder kroner i prosjektet.<\/li>\n<li class=\"hyperion-css-12h2ush\">Partiet \u00e5pner for \u00e5 bruke gasskraft uten CO\u2082-fangst for \u00e5 sikre nok kraft i Nord-Norge etter 2030.<\/li>\n<li class=\"hyperion-css-12h2ush\">R\u00f8dt-nestleder Sofie Marhaug anklager Frp for \u00e5 gi etter for lobbypress fra Equinor og andre sterke akt\u00f8rer.<\/li>\n<\/ul>\n<p class=\"hyperion-css-10lbhat\">Oppsummeringen er laget av AI-verkt\u00f8yet ChatGPT og kvalitetssikret av E24s journalister<\/p>\n<p>Vis mer <\/p>\n<ul class=\"hyperion-css-pte5x0\">\n<li aria-label=\"link\" class=\"narrow-button hyperion-css-1sz7d3n\">Kopier lenke<\/li>\n<li aria-label=\"link\" class=\"wide-button hyperion-css-1sz7d3n\">Kopier lenke<\/li>\n<li aria-label=\"facebook\" class=\"narrow-button hyperion-css-1sz7d3n\">Del p\u00e5 Facebook<\/li>\n<li aria-label=\"facebook\" class=\"wide-button hyperion-css-1sz7d3n\">Del p\u00e5 Facebook<\/li>\n<li aria-label=\"email\" class=\"narrow-button hyperion-css-1sz7d3n\">Del med e-post<\/li>\n<li aria-label=\"email\" class=\"wide-button hyperion-css-1sz7d3n\">Del med e-post<\/li>\n<\/ul>\n<p class=\"hyperion-css-1lemvax\">Equinor <a data-test-tag=\"internal-link\" href=\"https:\/\/e24.no\/energi-og-klima\/i\/jl7bXe\/regjeringen-godkjenner-omstridt-melkoeya-prosjekt\" class=\"hyperion-css-1rezu2g\" rel=\"nofollow noopener\" target=\"\" aria-label=\"fikk i 2023 tillatelse\">fikk i 2023 tillatelse<\/a> til \u00e5 erstatte forurensende gasskraft p\u00e5 Melk\u00f8ya-anlegget i Hammerfest med ren str\u00f8m fra nettet.<\/p>\n<p class=\"hyperion-css-1lemvax\">Det har skapt bekymring for kraftmangel og dyr str\u00f8m, og flere partier har krevd omkamp om prosjektet.<\/p>\n<p class=\"hyperion-css-1lemvax\">Tor Mikkel Wara og Kristoffer Sivertsen i Frp mener imidlertid at det er for sent \u00e5 ta tilbake kraften fra prosjektet, slik <a aria-label=\"R\u00f8dt har foresl\u00e5tt\" class=\"default hyperion-css-1rezu2g\" href=\"https:\/\/stortinget.no\/no\/Saker-og-publikasjoner\/Saker\/Sak\/?p=104881\" rel=\"noopener nofollow noreferrer\" data-test-tag=\"external-link\" target=\"_blank\">R\u00f8dt har foresl\u00e5tt<\/a>.<\/p>\n<p class=\"hyperion-css-1lemvax\"><strong>\u2013 Vi vil ikke st\u00f8tte R\u00f8dts forslag om \u00e5 trekke tilbake konsesjonen for elektrifiseringen av Melk\u00f8ya. Vi mener fortsatt at prosjektet er en d\u00e5rlig id\u00e9, fordi det er dyrt og fordi det bruker opp str\u00f8mmen. Men prosjektet er rett og slett kommet for langt, sier Wara.<\/strong><\/p>\n<p class=\"hyperion-css-1lemvax\">If\u00f8lge Frp er Melk\u00f8ya-prosjektet halvferdig, og lisenspartnerne har allerede investert rundt ti milliarder kroner og inng\u00e5tt en rekke kontrakter.<\/p>\n<p class=\"hyperion-css-1lemvax\">\u2013 Melk\u00f8ya er et d\u00e5rlig milj\u00f8tiltak, fordi det er for dyrt, men vi m\u00e5 bare innse at toget er g\u00e5tt og gj\u00f8re det beste ut av det, sier Wara.<\/p>\n<p><a data-test-tag=\"teaser-small:link-internal\" href=\"https:\/\/e24.no\/energi-og-klima\/i\/wrPAko\/saa-dyr-kan-stroemmen-bli-lengst-nord\" class=\"imagePosition-top inline hyperion-css-6238vu\" rel=\"nofollow noopener\" target=\"\" aria-label=\"S\u00e5 dyr kan str\u00f8mmen bli lengst nord\"><\/p>\n<p>Les ogs\u00e5<\/p>\n<p>S\u00e5 dyr kan str\u00f8mmen bli lengst nord<\/p>\n<p><\/a>\u2013 Strekker ut en h\u00e5nd<\/p>\n<p class=\"hyperion-css-1lemvax\">Frp er bekymret for at prosjektet skal f\u00f8re til <a data-test-tag=\"internal-link\" href=\"https:\/\/e24.no\/energi-og-klima\/i\/wrPAko\/saa-dyr-kan-stroemmen-bli-lengst-nord\" class=\"hyperion-css-1rezu2g\" rel=\"nofollow noopener\" target=\"\" aria-label=\"\u00f8kte kraftpriser i nord\">\u00f8kte kraftpriser i nord<\/a>.<\/p>\n<p class=\"hyperion-css-1lemvax\">Statsminister Jonas Gahr St\u00f8re har sagt at <a aria-label=\"det skal produseres like mye fornybar kraft i Finnmark som det Melk\u00f8ya trenger\" class=\"default hyperion-css-1rezu2g\" href=\"https:\/\/www.vg.no\/nyheter\/i\/76gv0W\/jonas-gahr-stoere-om-melkoeya-braaket-satser-alt-paa-vindkraft\" rel=\"noopener nofollow noreferrer\" data-test-tag=\"external-link\" target=\"_blank\">det skal produseres like mye fornybar kraft i Finnmark som det Melk\u00f8ya trenger<\/a> innen 2030, p\u00e5peker Wara.<\/p>\n<p class=\"hyperion-css-1lemvax\">\u2013 Det er de ikke i n\u00e6rheten av \u00e5 klare, og det er et problem, sier han.<\/p>\n<p class=\"hyperion-css-1lemvax\">Frp vil derfor stille krav om \u00e5 forsyne hele Melk\u00f8yas kraftbehov med gasskraft uten CO\u2082-fangst. De vil i tillegg at kraftverket skal slippe CO\u2082-avgift, siden det uansett er en del av EUs kvotesystem.<\/p>\n<p class=\"hyperion-css-1lemvax\"><strong>\u2013 N\u00e5 strekker vi ut en h\u00e5nd for \u00e5 hjelpe regjeringen med det kraftl\u00f8ftet som de ikke har klart \u00e5 gjennomf\u00f8re, sier Kristoffer Sivertsen (Frp).<\/strong><\/p>\n<p class=\"hyperion-css-1lemvax\">\u2013 Vi m\u00e5 unng\u00e5 at Nord-Norge havner i en kraftskvis. Det er holdt av store mengder kraft til Melk\u00f8ya, og det er stor frustrasjon i n\u00e6ringslivet over at det ikke er kraft til andre satsinger.<\/p>\n<p><a data-test-tag=\"teaser-small:link-internal\" href=\"https:\/\/e24.no\/energi-og-klima\/i\/Pdr2l6\/equinor-om-foreslaatt-melkoeya-stans-vi-har-ingen-plan-b\" class=\"imagePosition-top inline hyperion-css-6238vu\" rel=\"nofollow noopener\" target=\"\" aria-label=\"Equinor om foresl\u00e5tt Melk\u00f8ya-stans: \u2013 Vi har ingen plan B\"><\/p>\n<p>Les ogs\u00e5<\/p>\n<p>Equinor om foresl\u00e5tt Melk\u00f8ya-stans: \u2013 Vi har ingen plan B<\/p>\n<p><\/a>\u2013 Fryktelig dyr l\u00f8sning<\/p>\n<p class=\"hyperion-css-1lemvax\">\u2013 \u00c5pner dere ogs\u00e5 for \u00e5 st\u00f8tte et gasskraft med rensing hvis det m\u00e5 til for \u00e5 f\u00e5 flertall?<\/p>\n<p class=\"hyperion-css-1lemvax\">\u2013 Det er en fryktelig dyr l\u00f8sning som ikke er kommersielt klar enda. Det vil g\u00e5 hardt ut over skattebetalerne, sier Sivertsen.<\/p>\n<p class=\"hyperion-css-1lemvax\">\u2013 V\u00e5r l\u00f8sning er bedre, rimeligere og er klar her og n\u00e5. S\u00e5 er det opp til de andre partiene \u00e5 vise kortene, og vise om de \u00f8nsker \u00e5 hjelpe Nord-Norge eller om de \u00f8nsker dyre klimatiltak.<\/p>\n<p><a data-test-tag=\"teaser-small:link-internal\" href=\"https:\/\/e24.no\/energi-og-klima\/i\/Q7B2gR\/mer-kraft-og-nett-i-nord-melkoeya-er-en-motor\" class=\"imagePosition-top inline hyperion-css-6238vu\" rel=\"nofollow noopener\" target=\"\" aria-label=\"Mer kraft og nett i nord: \u2013 Melk\u00f8ya er en motor\"><\/p>\n<p>Les ogs\u00e5<\/p>\n<p>Mer kraft og nett i nord: \u2013 Melk\u00f8ya er en motor<\/p>\n<p><\/a><\/p>\n<p class=\"hyperion-css-1lemvax\">I praksis betyr dette at Frp \u00f8nsker \u00e5 fortsette med dagens forurensende gasskraft p\u00e5 Melk\u00f8ya. Da m\u00e5 kapasiteten p\u00e5 kraftverket utvides, eller s\u00e5 m\u00e5 det bygges enda et gasskraftverk som kan forsyne hele eller deler av Melk\u00f8yas kraftbehov.<\/p>\n<p class=\"hyperion-css-1lemvax\">Frp vil ikke si hvem som skal ta regningen.<\/p>\n<p class=\"hyperion-css-1lemvax\">\u2013 Enten kan Equinor gj\u00f8re det, eller s\u00e5 kan vi f\u00e5 noen andre til \u00e5 gj\u00f8re det. Poenget v\u00e5rt er \u00e5 dekke kraftbehovet. Hvordan St\u00f8re har tenkt \u00e5 l\u00f8se det, vet jeg ikke. Men dette er den billigste m\u00e5ten \u00e5 l\u00f8se det p\u00e5. Den dyreste m\u00e5ten \u00e5 l\u00f8se det p\u00e5 er trolig et gasskraftverk med fangst og lagring av CO\u2082, sier Wara.<\/p>\n<p class=\"hyperion-css-1lemvax\">\u2013 Det <a data-test-tag=\"internal-link\" href=\"https:\/\/e24.no\/energi-og-klima\/i\/mPxWM4\/gasskraft-med-rensing-paa-melkoeya-koster-4045-milliarder\" class=\"hyperion-css-1rezu2g\" rel=\"nofollow noopener\" target=\"\">kan koste 40\u201345 milliarder<\/a>, if\u00f8lge Equinor?<\/p>\n<p class=\"hyperion-css-1lemvax\">\u2013 Ja, s\u00e5 det er helt urealistisk.<\/p>\n<p><a data-test-tag=\"teaser-small:link-internal\" href=\"https:\/\/e24.no\/energi-og-klima\/i\/d45bKO\/kan-stanse-omstridt-kraft-fra-land-alvorlig\" class=\"imagePosition-top inline hyperion-css-6238vu\" rel=\"nofollow noopener\" target=\"\" aria-label=\"Kan stanse omstridt kraft fra land: \u2013 Alvorlig\"><\/p>\n<p>Les ogs\u00e5<\/p>\n<p>Kan stanse omstridt kraft fra land: \u2013 Alvorlig<\/p>\n<p><\/a>\u2013 Gir etter for lobbymakten<\/p>\n<p class=\"hyperion-css-1lemvax\">R\u00f8dt-nestleder Sofie Marhaug er kritisk til at Frp ikke vil st\u00f8tte deres forslag, og h\u00e5per at partiet snur.<\/p>\n<p class=\"hyperion-css-1lemvax\">\u2013 Jeg er uenig i at toget er g\u00e5tt. Det \u00e5 tvinge Equinor til \u00e5 se p\u00e5 alternative l\u00f8sninger p\u00e5 Melk\u00f8ya er ikke det samme som \u00e5 si at inng\u00e5tte kontrakter skal sies opp. Alternative l\u00f8sninger vil heller gi flere oppdrag til leverand\u00f8rindustrien, sier hun.<\/p>\n<p class=\"hyperion-css-1lemvax\"><strong>\u2013 Det har v\u00e6rt <\/strong><a data-test-tag=\"internal-link\" href=\"https:\/\/e24.no\/energi-og-klima\/i\/d45bKO\/kan-stanse-omstridt-kraft-fra-land-alvorlig\" class=\"hyperion-css-1rezu2g\" rel=\"nofollow noopener\" target=\"\"><strong>et sterkt press<\/strong><\/a><strong> fra Offshore Norge, toppledelsen i Equinor, Fornybar Norge og veldig mange sterke akt\u00f8rer i denne saken. N\u00e5 gir Frp etter for den lobbymakten, heller enn \u00e5 f\u00f8lge opp sitt eget partiprogram og egne l\u00f8fter, sier Marhaug.<\/strong><\/p>\n<p><img decoding=\"async\" class=\"image-asset hyperion-css-u06ts1\" data-test-tag=\"image-asset\" src=\"https:\/\/www.europesays.com\/no\/wp-content\/uploads\/2026\/01\/bb146340-0742-4d1b-9f02-378cea27f438.jpeg\"  alt=\"Sofie Marhaug (R).\"  loading=\"eager\" fetchpriority=\"high\" style=\"aspect-ratio:1900 \/ 1223\"\/>Sofie Marhaug (R). Foto: Ole Berg-Rusten \/ NTB<a data-test-tag=\"teaser-small:link-internal\" href=\"https:\/\/e24.no\/energi-og-klima\/i\/6qwxzO\/kraftsluket-paa-melkoeya-frykter-dyr-stroem-og-fortsatte-utslipp\" class=\"imagePosition-top inline hyperion-css-6238vu\" rel=\"nofollow noopener\" target=\"\" aria-label=\"Kraftsluket p\u00e5 Melk\u00f8ya: Frykter dyr str\u00f8m og fortsatte utslipp\"><\/p>\n<p>Les ogs\u00e5<\/p>\n<p>Kraftsluket p\u00e5 Melk\u00f8ya: Frykter dyr str\u00f8m og fortsatte utslipp<\/p>\n<p><\/a><\/p>\n<p class=\"hyperion-css-1lemvax\">Marhaug p\u00e5peker at regjeringen allerede har planer om \u00e5 la det eksisterende gasskraftverket p\u00e5 Melk\u00f8ya drives videre uten CO\u2082-rensing hvis det ikke blir bygget ut ny kraft i Finnmark innen 2030.<\/p>\n<p class=\"hyperion-css-1lemvax\">\u2013 Frps forslag sl\u00e5r inn \u00e5pne d\u00f8rer. N\u00e5 svikter de velgerne sine i Finnmark, ved \u00e5 ikke stoppe den galskapen som denne elektrifiseringen er.<\/p>\n<p class=\"hyperion-css-1lemvax\">Sivertsen er uenig.<\/p>\n<p class=\"hyperion-css-1lemvax\">\u2013 Det stemmer overhodet ikke. V\u00e5rt forslag er i tr\u00e5d med v\u00e5rt landsm\u00f8tevedtak, sier han.<\/p>\n<p class=\"hyperion-css-1lemvax\">\u2013 R\u00f8dt hadde den beste muligheten p\u00e5 lenge til \u00e5 stoppe elektrifiseringen i forbindelse med budsjettforliket, men i stedet for \u00e5 prioritere Nord-Norge valgte de \u00e5 v\u00e6re n\u00e6ringsfiendtlige og <a data-test-tag=\"internal-link\" href=\"https:\/\/e24.no\/energi-og-klima\/i\/d4dz3z\/mineral-kritikk-mot-stoltenberg-gedigen-gavepakke-til-kina\" class=\"hyperion-css-1rezu2g\" rel=\"nofollow noopener\" target=\"\" aria-label=\"stoppe havbunnsmineraler\">stoppe havbunnsmineraler<\/a>, som kunne gitt arbeidsplasser over hele Norge.<\/p>\n<p><a data-test-tag=\"teaser-small:link-internal\" href=\"https:\/\/e24.no\/energi-og-klima\/i\/d4dz3z\/mineral-kritikk-mot-stoltenberg-gedigen-gavepakke-til-kina\" class=\"imagePosition-top inline hyperion-css-6238vu\" rel=\"nofollow noopener\" target=\"\" aria-label=\"Mineral-kritikk mot Stoltenberg: \u2013 Gedigen gavepakke til Kina\"><\/p>\n<p>Les ogs\u00e5<\/p>\n<p>Mineral-kritikk mot Stoltenberg: \u2013 Gedigen gavepakke til Kina<\/p>\n<p><\/a>\u2013 Ryddig beslutning<\/p>\n<p class=\"hyperion-css-1lemvax\">Bransjeorganisasjonen Offshore Norge er forn\u00f8yde med signalene fra Frp.<\/p>\n<p class=\"hyperion-css-1lemvax\">\u2013 Dette er en ryddig beslutning som sikrer viktige arbeidsplasser, sier Offshore Norge-sjef Hildegunn T. Blindheim i en kommentar.<\/p>\n<p class=\"hyperion-css-1lemvax\">\u2013 I en tid hvor Norge skal levere all den oljen og gassen vi kan til Europa gir dette n\u00e6ringen forutsigbarhet. Dette er konstruktivt av Frp, som har lyttet til n\u00e6ringens bekymringer og vi h\u00e5per vi n\u00e5 kan se fremover og at omkampenes tid er forbi.<\/p>\n<p><img decoding=\"async\" class=\"image-asset hyperion-css-u06ts1\" data-test-tag=\"image-asset\" src=\"https:\/\/www.europesays.com\/no\/wp-content\/uploads\/2026\/01\/fc2dbdf2-9adf-4d62-a8f0-930ee0a26df6.jpeg\"  alt=\"Hildegunn T. Blindheim er administrerende direkt\u00f8r i Offshore Norge.\"  loading=\"eager\" fetchpriority=\"high\" style=\"aspect-ratio:1900 \/ 1267\"\/>Hildegunn T. Blindheim er administrerende direkt\u00f8r i Offshore Norge. Foto: Skjalg B\u00f8hmer Vold\u00c5pner for forlenget gasskraft<\/p>\n<p class=\"hyperion-css-1lemvax\">Ogs\u00e5 Senterpartiet er bekymret for kraftsituasjonen og str\u00f8mprisene i Nord-Norge n\u00e5r Melk\u00f8ya-prosjektet settes i drift.<\/p>\n<p class=\"hyperion-css-1lemvax\">\u2013 Vi mener at gasskraftverket p\u00e5 Melk\u00f8ya m\u00e5 drives videre enten med eller uten karbonfangst. Vi vil derfor foresl\u00e5 at regjeringen m\u00e5 starte jobben med \u00e5 forlenge konsesjonen for gasskraftverket p\u00e5 Melk\u00f8ya ogs\u00e5 ut over 2033, sier Maren Gr\u00f8the (Sp).<\/p>\n<p><img decoding=\"async\" class=\"image-asset hyperion-css-u06ts1\" data-test-tag=\"image-asset\" src=\"https:\/\/www.europesays.com\/no\/wp-content\/uploads\/2026\/01\/62136809-13e1-4b9f-ba8d-1a091dfeafcc.jpeg\"  alt=\"Stortingsrepresentant Maren Gr\u00f8the (Sp).\"  loading=\"eager\" fetchpriority=\"high\" style=\"aspect-ratio:1900 \/ 1267\"\/>Stortingsrepresentant Maren Gr\u00f8the (Sp). Foto: Cornelius Poppe \/ NTB<\/p>\n<p class=\"hyperion-css-1lemvax\">\u2013 Men det vil kunne <a data-test-tag=\"internal-link\" href=\"https:\/\/e24.no\/energi-og-klima\/i\/6qwxzO\/kraftsluket-paa-melkoeya-frykter-dyr-stroem-og-fortsatte-utslipp\" class=\"hyperion-css-1rezu2g\" rel=\"nofollow noopener\" target=\"\">koste mye \u00e5 drive gasskraftverket videre<\/a>?<\/p>\n<p class=\"hyperion-css-1lemvax\"><strong>\u2013 Kostnaden for Finnmark er st\u00f8rre hvis gasskraftverket ikke drives videre. Da man godkjente Melk\u00f8ya-prosjektet var det med forutsetning om \u00f8kt kraftproduksjon i omr\u00e5det. Det har vist seg krevende og kostbart \u00e5 gjennomf\u00f8re, sier Gr\u00f8the.<\/strong><\/p>\n<p class=\"hyperion-css-1lemvax\">\u2013 Vi tror dette kan v\u00e6re et overkommelig og mulig tiltak som sikrer kraft til \u00e5 drive Melk\u00f8ya videre, og ogs\u00e5 sikrer at vi unng\u00e5r kraftkrise i nord. S\u00e5 m\u00e5 vi komme tilbake til hvordan kostnadene skal fordeles.<\/p>\n<p class=\"hyperion-css-1lemvax\">B\u00e5de Senterpartiet og R\u00f8dt \u00e5pner for \u00e5 diskutere andre mulige l\u00f8sninger p\u00e5 kraftbehovet lengst nord i landet.<\/p>\n<p>Diskuterer flere forslag om elektrifisering<\/p>\n<p class=\"hyperion-css-ffjyk2\">Disse forslagene behandles for tiden av Stortinget:<\/p>\n<p>Vis mer<\/p>\n","protected":false},"excerpt":{"rendered":"Frp g\u00e5r mot R\u00f8dt og mener det er for sent \u00e5 snu om elektrifisering av Melk\u00f8ya. De vil&hellip;\n","protected":false},"author":2,"featured_media":132918,"comment_status":"","ping_status":"","sticky":false,"template":"","format":"standard","meta":{"footnotes":""},"categories":[5],"tags":[20,21,24,25,15,19,22,23,17,18,13,30,28,29,14,16,26,27],"class_list":{"0":"post-132917","1":"post","2":"type-post","3":"status-publish","4":"format-standard","5":"has-post-thumbnail","7":"category-overskrifter","8":"tag-breaking-news","9":"tag-breakingnews","10":"tag-featured-news","11":"tag-featurednews","12":"tag-headlines","13":"tag-hovedoppslag","14":"tag-latest-news","15":"tag-latestnews","16":"tag-main-news","17":"tag-mainnews","18":"tag-news","19":"tag-no","20":"tag-norge","21":"tag-norway","22":"tag-nyheter","23":"tag-overskrifter","24":"tag-top-stories","25":"tag-topstories"},"share_on_mastodon":{"url":"https:\/\/pubeurope.com\/@no\/115864845968555463","error":""},"_links":{"self":[{"href":"https:\/\/www.europesays.com\/no\/wp-json\/wp\/v2\/posts\/132917","targetHints":{"allow":["GET"]}}],"collection":[{"href":"https:\/\/www.europesays.com\/no\/wp-json\/wp\/v2\/posts"}],"about":[{"href":"https:\/\/www.europesays.com\/no\/wp-json\/wp\/v2\/types\/post"}],"author":[{"embeddable":true,"href":"https:\/\/www.europesays.com\/no\/wp-json\/wp\/v2\/users\/2"}],"replies":[{"embeddable":true,"href":"https:\/\/www.europesays.com\/no\/wp-json\/wp\/v2\/comments?post=132917"}],"version-history":[{"count":0,"href":"https:\/\/www.europesays.com\/no\/wp-json\/wp\/v2\/posts\/132917\/revisions"}],"wp:featuredmedia":[{"embeddable":true,"href":"https:\/\/www.europesays.com\/no\/wp-json\/wp\/v2\/media\/132918"}],"wp:attachment":[{"href":"https:\/\/www.europesays.com\/no\/wp-json\/wp\/v2\/media?parent=132917"}],"wp:term":[{"taxonomy":"category","embeddable":true,"href":"https:\/\/www.europesays.com\/no\/wp-json\/wp\/v2\/categories?post=132917"},{"taxonomy":"post_tag","embeddable":true,"href":"https:\/\/www.europesays.com\/no\/wp-json\/wp\/v2\/tags?post=132917"}],"curies":[{"name":"wp","href":"https:\/\/api.w.org\/{rel}","templated":true}]}}