{"id":132923,"date":"2026-01-09T11:17:10","date_gmt":"2026-01-09T11:17:10","guid":{"rendered":"https:\/\/www.europesays.com\/no\/132923\/"},"modified":"2026-01-09T11:17:10","modified_gmt":"2026-01-09T11:17:10","slug":"ice-donald-trump-trumps-bruk-av-ice-minner-om-autoritaere-regimer","status":"publish","type":"post","link":"https:\/\/www.europesays.com\/no\/132923\/","title":{"rendered":"Ice, Donald Trump | \u2013 Trumps bruk av ICE minner om autorit\u00e6re regimer"},"content":{"rendered":"\n<p>Hendelsen skjedde onsdag i forbindelse med en ICE-aksjon i et boligomr\u00e5de sentralt i Minneapolis i delstaten Minnesota. <\/p>\n<p>Se videoen her:<\/p>\n<p>    Vil du se neste video?<\/p>\n<p>    <a href=\"https:\/\/www.nettavisen.no\/nyheter\/ukrainsk-jagerfly-odelegger-for-vladimir-putin-i-pokrovsk\/v\/5-95-2807927\" class=\"recommend-poster\" data-adp-clicklabel=\"video-recommend\" data-adp-clickvalue=\"poster\" rel=\"nofollow noopener\" target=\"_blank\"><br \/>\n      <img decoding=\"async\" width=\"200\" height=\"200\" loading=\"lazy\" src=\"https:\/\/www.europesays.com\/no\/wp-content\/uploads\/2026\/01\/JAGERFLY+BREDDE.jpg\" alt=\"\" class=\"brick-c-cFOWSL\" style=\"--brick-image-ratio: 200 \/ 200;\"\/><\/p>\n<p>Nye bilder: Rammer Putin hardt0:41<\/p>\n<p>    <\/a><\/p>\n<p>        En kvinne ble skutt og drept av ICE i Minneapolis onsdag. Ordf\u00f8reren i byen regelrett slakter byr\u00e5et.<\/p>\n<p>Trump-administrasjonen hevder ICE-agenten handlet i selvforsvar, mens lokale myndigheter omtaler den f\u00f8derale offisielle versjon av hendelsen som \u00abpropaganda\u00bb og \u00abs\u00f8ppel\u00bb, skriver <a href=\"https:\/\/www.nytimes.com\/2026\/01\/08\/us\/minnesota-ice-shooting-news.html\" rel=\"Follow nofollow noopener\" target=\"_blank\">The New York Times<\/a>.<\/p>\n<p>USAs sikkerhetsminister Kristi Noem anklager 37-\u00e5ringen for fors\u00f8k p\u00e5 \u00e5 kj\u00f8re over ICE-agenten som l\u00f8snet de d\u00f8delige skuddene.<\/p>\n<p>Lokale myndigheter mener kvinnen ikke utgjorde noen som helst fare overfor ICE-agenten.<\/p>\n<p>Videoopptak av hendelsen viser at ICE-agenter tiln\u00e6rmer seg et kj\u00f8ret\u00f8y som st\u00e5r midt i veien. Agentene ber kvinnen bak rattet om \u00e5 g\u00e5 ut av bilen, og den ene ICE-agenten fors\u00f8ker \u00e5 \u00e5pne bild\u00f8ren. Da pr\u00f8ver kvinnen \u00e5 kj\u00f8re av g\u00e5rde.<\/p>\n<p>Analyser av videoen gjort av amerikanske medier, viser tilsynelatende at kj\u00f8ret\u00f8yet svinger unna ICE-agenten idet han \u00e5pner ild mot kvinnen i bilen.<\/p>\n<p>Politimyndigheten p\u00e5 delstatsniv\u00e5 skulle i utgangspunktet etterforske saken, men hevder at FBI (f\u00f8deralt politi) har overtatt etterforskningen og blokkert lokale politimyndigheters tilgang p\u00e5 bevismateriale.<\/p>\n<p>Saken har utl\u00f8st voldsomme reaksjoner mot ICE, og sv\u00e6rt mange p\u00e5 sosiale medier omtaler hendelsen som et regelrett drap. Minneapolis-borgermester Jacob Frey hadde et krystallklart budskap til ICE etter den fatale hendelsen p\u00e5 onsdag.<\/p>\n<p><b>\u2013 Kom dere til helvete ut av Minneapolis. Vi vil ikke ha dere her, sa han p\u00e5 en <a href=\"https:\/\/www.ms.now\/chris-jansing-reports\/watch\/minneapolis-mayor-ice-get-the-f-out-of-minneapolis-2480058947916\" rel=\"Follow nofollow noopener\" target=\"_blank\">pressekonferanse<\/a>. <\/b><\/p>\n<p>   <img decoding=\"async\" width=\"512\" height=\"512\" fetchpriority=\"low\"  loading=\"lazy\"  src=\"https:\/\/www.europesays.com\/no\/wp-content\/uploads\/2026\/01\/NTB_5IdBax-pM24.jpg\" alt=\"Renee Nicole Good, who was shot dead in her car by a federal agent in Minneapolis on Wednesday, takes a selfie in this undated picture obtained from social media. Picture taken with a phone. Social Media\/via REUTERS  THIS IMAGE HAS BEEN SUPPLIED BY A THIRD PARTY. NO RESALES. NO ARCHIVES. BEST QUALITY AVAILABLE&#10;&#10;Verification lines: &#10;-Identity of Renee Nicole Good verified from file imagery published in social media accounts linked to her family and former school, Old Dominion University.&#10;-Date and location could not be verified \" class=\"brick-c-cFOWSL\" style=\"--brick-image-ratio: 512 \/ 512;\"\/><\/p>\n<p>      SKUTT TIL D\u00d8DE: Renee Nicole Good ble skutt og drept i bilen sin av en f\u00f8deral ICE-agent i Minneapolis onsdag.<br \/>\n      Foto: SOCIAL MEDIA\n    <\/p>\n<p>  \u2013 Totalt uansvarlig<\/p>\n<p>Hilmar Mjelde er USA-ekspert og professor i statsvitenskap ved H\u00f8gskulen p\u00e5 Vestlandet.<\/p>\n<p>\u2013 Hva er din vurdering av Minneapolis-hendelsen, var det selvforsvar eller drap, Mjelde?<\/p>\n<p><b>\u2013 Hvorfor skal vi konkludere innen 24 timer? Jeg skj\u00f8nner ikke dette behovet folk har for straks \u00e5 sl\u00e5 fast at det var det ene eller andre som skjedde. \u00c5stedet er knapt ryddet opp. Vi kan alle se at det fremst\u00e5r som uforholdsmessig bruk av d\u00f8delig makt, men folk trekker to streker basert p\u00e5 et lite fragment av et videoklipp. Det er totalt uansvarlig. La etterforskningen g\u00e5 sin gang, svarer Mjelde. <\/b><\/p>\n<p>ICE st\u00e5r for U.S. Immigration and Customs Enforcement og er en f\u00f8deral amerikansk lovh\u00e5ndhevelses- og immigrasjonsmyndighet underlagt Department of Homeland Security (sikkerhetsdepartementet). Etaten ble opprettet i 2003 i kj\u00f8lvannet av terrorangrepene i 2001.<\/p>\n<p>ICE har som oppgave \u00e5 h\u00e5ndheve immigrasjonslovgivningen og etterforske grenseoverskridende kriminalitet.<\/p>\n<p>En del videoer og bilder viser at mange ICE-agenter tilsynelatende har en brutal og aggressiv fremtoning, og de v\u00e6pnede og maskerte agentene kan hos mange vekke assosiasjoner til militsgrupper i autorit\u00e6re stater.<\/p>\n<p>    Vil du se neste video?<\/p>\n<p>    <a href=\"https:\/\/www.nettavisen.no\/nyheter\/ukrainsk-jagerfly-odelegger-for-vladimir-putin-i-pokrovsk\/v\/5-95-2807927\" class=\"recommend-poster\" data-adp-clicklabel=\"video-recommend\" data-adp-clickvalue=\"poster\" rel=\"nofollow noopener\" target=\"_blank\"><br \/>\n      <img decoding=\"async\" width=\"200\" height=\"200\" loading=\"lazy\" src=\"https:\/\/www.europesays.com\/no\/wp-content\/uploads\/2026\/01\/JAGERFLY+BREDDE.jpg\" alt=\"\" class=\"brick-c-cFOWSL\" style=\"--brick-image-ratio: 200 \/ 200;\"\/><\/p>\n<p>Nye bilder: Rammer Putin hardt0:41<\/p>\n<p>    <\/a><\/p>\n<p>        Nye bilder fra ICE-drapet av 37 \u00e5r gamle Renee Nicole Macklin Good vekker sterke reaksjoner.<\/p>\n<p>Enkelte aviskommentatorene har stemplet ICE som <a href=\"https:\/\/www.theguardian.com\/commentisfree\/2025\/may\/13\/democrats-abolish-ice-trump\" rel=\"Follow nofollow noopener\" target=\"_blank\">Trumps private milits<\/a>.<\/p>\n<p>\u2013 Har ICE utviklet seg til \u00e5 bli en slags milits under Trump, Mjelde?<\/p>\n<p>\u2013 Nei, jeg syns ikke milits er et godt begrep her. Det b\u00e6rer tankene i retning av en gruppe bev\u00e6pnede sivile som deltar i en politisk konflikt. ICE er f\u00f8derale politifolk. De har en spesialoppgave, knyttet til h\u00e5ndheving av innvandringslovverk, men de ligner mest en politistyrke, sier Mjelde.<\/p>\n<p><b>Les ogs\u00e5: <a class=\"simple-relation related-teaser article--c-eRUmMG article--c-eRUmMG-fZoQSp-design-nettavisen article--c-eRUmMG-gwthdJ-cv\" href=\"https:\/\/www.nettavisen.no\/to-personer-er-skutt-av-grensevakter-i-portland\/s\/5-95-2815668\" rel=\"nofollow noopener\" target=\"_blank\">To personer er skutt av grensevakter i Portland<\/a><\/b><\/p>\n<p>   <img decoding=\"async\" width=\"3000\" height=\"2000\" fetchpriority=\"low\"  loading=\"lazy\"  src=\"https:\/\/www.europesays.com\/no\/wp-content\/uploads\/2026\/01\/NTB_xJOp_SdHRcE.jpg\" alt=\"US Border Patrol agents detain an unidentified man of Somali descent in Minneapolis, Minnesota, on January 8, 2026. A US Immigration and Customs Enforcement (ICE) agent shot and killed an American woman on the streets of Minneapolis January 7, leading to huge protests and outrage from local leaders who rejected White House claims she was a domestic terrorist. The woman, identified in local media as 37-year-old Renee Nicole Good, was hit at point blank range as she apparently tried to drive away from agents who were crowding around her car, which they said was blocking their way. (Photo by Octavio JONES \/ AFP)\" class=\"brick-c-cFOWSL\" style=\"--brick-image-ratio: 3000 \/ 2000;\"\/><\/p>\n<p>      PROTESTER: ICE-agenter p\u00e5griper en uidentifisert mann av somalisk opprinnelse i Minneapolis i Minnesota. D\u00f8dsfallet til en trebarnsmor denne uken har utl\u00f8st store protester i byen og delstaten.<br \/>\n      Foto: OCTAVIO JONES\n    <\/p>\n<p><b>\u2013 N\u00e5r det er sagt, minner Trumps bruk av b\u00e5de ICE og nasjonalgarden om noe vi kjenner fra autorit\u00e6re regimer, fordi det dreier seg om \u00e5 sette inn noen av de kraftigste virkemidlene staten har mot egen befolkning. Bekjempelse av kriminalitet og illegal innvandring er oppgaver staten skal utf\u00f8re, men volumet p\u00e5 innsatsen og fremferden virker voldsom og ofte uforholdsmessig, sier Mjelde. <\/b><\/p>\n<p>\u2013 ICE virker \u00e5 ha blitt mer aggressive i fremferden, og n\u00e5r de skal rekruttere s\u00e5 mange nye politifolk p\u00e5 kort tid, g\u00e5r det trolig ut over profesjonaliteten, sier han.<\/p>\n<p>Mjelde viser til Trumps beordring om \u00e5 sende nasjonalgarden til flere amerikanske storbyer for \u00e5 bekjempe kriminalitet, ofte i strid med lokale myndigheters \u00f8nsker.<\/p>\n<p>Bensin p\u00e5 b\u00e5let<\/p>\n<p>\u2013 I hvor stor grad tror du den siste ICE-hendelsen vil bidra til ytterligere splittelse i USA, og hva kan bli de videre konsekvensene? <\/p>\n<p>\u2013 Hendelsen er bensin p\u00e5 b\u00e5let. Trumps deportasjonspolitikk og den hardhendte virkemiddelbruken hans, den p\u00e5g\u00e5ende politiske striden rundt den store trygdemisbruksskandalen i Minnesota, de helt sprikende oppfatningene av hva som skjedde i denne konkrete episoden, medienes massive fokus p\u00e5 hendelsen, sier Mjelde.<\/p>\n<p>\u2013 Det skjedde attp\u00e5til kun halvannen kilometer fra der George Floyd ble drept. Alt dette tilsier at dette blir en nasjonal sak i alle fall i en ukes tid, sier Mjelde.<\/p>\n<p>Les ogs\u00e5: <a class=\"simple-relation related-teaser article--c-eRUmMG article--c-eRUmMG-fZoQSp-design-nettavisen article--c-eRUmMG-gwthdJ-cv\" href=\"https:\/\/www.nettavisen.no\/renee-good-37-ble-drept-i-skytingen-i-minneapolis-vance-og-trump-stotter-ice\/s\/5-95-2813508\" rel=\"nofollow noopener\" target=\"_blank\">Renee Good (37) ble drept i skytingen i Minneapolis: Vance og Trump st\u00f8tter ICE<\/a><\/p>\n<p>   <img decoding=\"async\" width=\"6000\" height=\"4000\" fetchpriority=\"low\"  loading=\"lazy\"  src=\"https:\/\/www.europesays.com\/no\/wp-content\/uploads\/2026\/01\/NTB_Xz8RLMAdPXM.jpg\" alt=\"A message opposing U.S. Immigration and Customs Enforcement (ICE) is painted in the snow in front of a house, a day after the fatal shooting of Renee Nicole Good by an ICE agent, in Minneapolis, Minnesota, U.S., January 8, 2026.   REUTERS\/Brian Snyder\" class=\"brick-c-cFOWSL\" style=\"--brick-image-ratio: 6000 \/ 4000;\"\/><\/p>\n<p>      BLODIG BUDSKAP: Budskapet uttrykker motstand mot ICE (Immigration and Customs Enforcement) er malt i sn\u00f8en foran et hus, dagen etter at Renee Nicole Good ble drept av en ICE-agent i Minneapolis.<br \/>\n      Foto: Brian Snyder\n    <\/p>\n<p>\u2013 Samtidig er det midtvinters i USA. Det vil legge en demper p\u00e5 gateprotestene. Det kan ogs\u00e5 hende at luften har g\u00e5tt litt ut av demonstrasjonsballongen etter s\u00e5 mange episoder med politivold de siste \u00e5rene. Folk har ikke uendelig med ork til \u00e5 ta til gatene. Gateprotestene virker \u00e5 ha toppet seg under Floyd-drapet i 2020 og dabbet noe av deretter, sier han.<\/p>\n<p>Afroamerikaneren George Floyd (46) d\u00f8de etter en voldelig politip\u00e5gripelse i Minneapolis i Minnesota i mai 2020. Hendelsen utl\u00f8ste voldsomme demonstrasjoner og protester i byen, som spredde seg raskt til byer over hele landet.<\/p>\n<p>Mjelde viser ogs\u00e5 til den p\u00e5g\u00e5ende trygdesvindelskandalen i Minnesota der titalls personer er siktet og d\u00f8mt for \u00e5 ha svindlet store bel\u00f8p: Skandalen har f\u00e5tt nasjonal oppmerksomhet og blitt en politisk krise, og f\u00f8rte til at Tim Walz valgte ikke \u00e5 stille til gjenvalg som delstatens guvern\u00f8r.<\/p>\n<p>    Vil du se neste video?<\/p>\n<p>    <a href=\"https:\/\/www.nettavisen.no\/nyheter\/ukrainsk-jagerfly-odelegger-for-vladimir-putin-i-pokrovsk\/v\/5-95-2807927\" class=\"recommend-poster\" data-adp-clicklabel=\"video-recommend\" data-adp-clickvalue=\"poster\" rel=\"nofollow noopener\" target=\"_blank\"><br \/>\n      <img decoding=\"async\" width=\"200\" height=\"200\" loading=\"lazy\" src=\"https:\/\/www.europesays.com\/no\/wp-content\/uploads\/2026\/01\/JAGERFLY+BREDDE.jpg\" alt=\"\" class=\"brick-c-cFOWSL\" style=\"--brick-image-ratio: 200 \/ 200;\"\/><\/p>\n<p>Nye bilder: Rammer Putin hardt0:41<\/p>\n<p>    <\/a><\/p>\n<p>        Sikkerhetsminister Kirsti Noem kaller den d\u00f8de kvinnen for en terrorist.<br \/>\n        \u2013 Slept hundre meter<\/p>\n<p>ICE-agenten som skj\u00f8t trebarnsmoren er identifisert som Jonathan Ross. Amerikanske medier, som viser til rettsdokumenter, skriver at Ross ble slept hundre meter langs veien av et kj\u00f8ret\u00f8y i forbindelse med en annen ICE-operasjon i Minnesota i fjor.<\/p>\n<p>Ross p\u00e5dro seg et s\u00e5r p\u00e5 underarmen og m\u00e5tte sy 20 sting. Episoden skjedde da Ross og andre ICE-agenter fors\u00f8kte \u00e5 p\u00e5gripe en mann fra Guatemala.<\/p>\n<p>  <a data-static=\"\" href=\"#skip-\" class=\"brick-c-fgNmNC\">Hopp over karusellen.<\/a><\/p>\n<p data-static=\"\" class=\"brick-c-fgNmNC\" id=\"carousel-title-\">Innholdskarusell med 20 artikler.<\/p>\n","protected":false},"excerpt":{"rendered":"Hendelsen skjedde onsdag i forbindelse med en ICE-aksjon i et boligomr\u00e5de sentralt i Minneapolis i delstaten Minnesota. Se&hellip;\n","protected":false},"author":2,"featured_media":132924,"comment_status":"","ping_status":"","sticky":false,"template":"","format":"standard","meta":{"footnotes":""},"categories":[12],"tags":[20,21,24,25,15,22,23,13,30,28,29,14,16,26,27,42,43,44,45],"class_list":{"0":"post-132923","1":"post","2":"type-post","3":"status-publish","4":"format-standard","5":"has-post-thumbnail","7":"category-verden","8":"tag-breaking-news","9":"tag-breakingnews","10":"tag-featured-news","11":"tag-featurednews","12":"tag-headlines","13":"tag-latest-news","14":"tag-latestnews","15":"tag-news","16":"tag-no","17":"tag-norge","18":"tag-norway","19":"tag-nyheter","20":"tag-overskrifter","21":"tag-top-stories","22":"tag-topstories","23":"tag-verden","24":"tag-world","25":"tag-world-news","26":"tag-worldnews"},"share_on_mastodon":{"url":"https:\/\/pubeurope.com\/@no\/115864865664578557","error":""},"_links":{"self":[{"href":"https:\/\/www.europesays.com\/no\/wp-json\/wp\/v2\/posts\/132923","targetHints":{"allow":["GET"]}}],"collection":[{"href":"https:\/\/www.europesays.com\/no\/wp-json\/wp\/v2\/posts"}],"about":[{"href":"https:\/\/www.europesays.com\/no\/wp-json\/wp\/v2\/types\/post"}],"author":[{"embeddable":true,"href":"https:\/\/www.europesays.com\/no\/wp-json\/wp\/v2\/users\/2"}],"replies":[{"embeddable":true,"href":"https:\/\/www.europesays.com\/no\/wp-json\/wp\/v2\/comments?post=132923"}],"version-history":[{"count":0,"href":"https:\/\/www.europesays.com\/no\/wp-json\/wp\/v2\/posts\/132923\/revisions"}],"wp:featuredmedia":[{"embeddable":true,"href":"https:\/\/www.europesays.com\/no\/wp-json\/wp\/v2\/media\/132924"}],"wp:attachment":[{"href":"https:\/\/www.europesays.com\/no\/wp-json\/wp\/v2\/media?parent=132923"}],"wp:term":[{"taxonomy":"category","embeddable":true,"href":"https:\/\/www.europesays.com\/no\/wp-json\/wp\/v2\/categories?post=132923"},{"taxonomy":"post_tag","embeddable":true,"href":"https:\/\/www.europesays.com\/no\/wp-json\/wp\/v2\/tags?post=132923"}],"curies":[{"name":"wp","href":"https:\/\/api.w.org\/{rel}","templated":true}]}}