{"id":132925,"date":"2026-01-09T11:18:19","date_gmt":"2026-01-09T11:18:19","guid":{"rendered":"https:\/\/www.europesays.com\/no\/132925\/"},"modified":"2026-01-09T11:18:19","modified_gmt":"2026-01-09T11:18:19","slug":"nyheter-huset-folk-jobbet-i-16-timer-for-a-gi-bostedslose-et-ekstra-sted-a-sove-i-sprengkulden-bergensavisen","status":"publish","type":"post","link":"https:\/\/www.europesays.com\/no\/132925\/","title":{"rendered":"Nyheter, Huset | Folk jobbet i 16 timer for \u00e5 gi bostedsl\u00f8se et ekstra sted \u00e5 sove i sprengkulden &#8211; Bergensavisen"},"content":{"rendered":"<ol>\n<li><a href=\"https:\/\/news.google.com\/rss\/articles\/CBMisgFBVV95cUxPNTNhU3QzcVpYUFRhQUd6M0NUcnpSMHhES3k2VnltSHB4N25CMDU4UTgzTUVKTzV1aDZoeUxTU3o1ZWtoeFg2MjFPc1N1X25ielE0YnRfQklmZnh1SFgyRHBoX0ZKQUt5LXJwb1pjUEdLMFRPbE9kUFEyektHTXNmenNhSzZ5Qmw3OF9kWEIwMENZNzZwNjdWaVF6NndzMEFGZHM1d3pibDFRbGtaYkp5bkZB?oc=5\" target=\"_blank\" rel=\"nofollow noopener\">Nyheter, Huset | Folk jobbet i 16 timer for \u00e5 gi bostedsl\u00f8se et ekstra sted \u00e5 sove i sprengkulden<\/a>&nbsp;&nbsp;Bergensavisen<\/li>\n<li><a href=\"https:\/\/news.google.com\/rss\/articles\/CBMioAFBVV95cUxOanVHaG1BYVFMLVVzMHBaN3RkT1FnTE5mNk5LZ2c2ZkpSOHNfVmFHVnVZbk00QjVmdFJpbVFka1FZbTdCSC1NVkdUcy1VLUxOLWVMSVpleEVzZlFzb0FUWnhmLVdHaHo3UEpkVnRhZmVPZzhIdmRnVEk4dWt3OWFXYWtiTDMxTk1zRExaSHc5UmVEWEk3UzdDejR3empKVXo1?oc=5\" target=\"_blank\" rel=\"nofollow noopener\">Bergen oppretter \u00e5tte nye akuttovernattingsplasser i kulden<\/a>&nbsp;&nbsp;NRK<\/li>\n<li><a href=\"https:\/\/news.google.com\/rss\/articles\/CBMisgFBVV95cUxOZWZkRFJhMy1WZzNPT1haMmxiVlhad1NkZVoyQV9fV1piVERJM2kwSzBPOUpSbUVsam96Zk9hWTFCWTlaSEYtWEk4S0ZsS3VXV25NVjg5Tmw0VWNLUFYwektxQVlvU0cyMlRFLUpCelJZcVQzX2VDVVlJeUFSdmxUN3EtaUx2ZHUxQXBuZVZmRTVERURQbTh5cmN1SnFPcFpFbVJLS1BoZFpadTNUVjJhVmtR?oc=5\" target=\"_blank\" rel=\"nofollow noopener\">Tilbyr flere akutt-overnattingsplasser<\/a>&nbsp;&nbsp;Bergens Tidende<\/li>\n<li><a href=\"https:\/\/news.google.com\/rss\/articles\/CBMioAFBVV95cUxQVlRGYTlReGp6b3NXdmo1ZzN0VnhGT2FYUHp0SDJXMHdzZG9BT2xYOHFybWRsSjBNSlZDNjNwaDZERTNlVXhtU3VTVHVxcmIybGQ1cG5FcUZSYkpSNUlkREVIX3JpT1IyY1pOSUtvbFpZRmdvc0tydWMxemVITDNacWF1VHJRWEhuNDZiaGxTckdkZFBnRnFVMlI1aGItcW85?oc=5\" target=\"_blank\" rel=\"nofollow noopener\">Natthuset, Nyheter | Hjeml\u00f8se m\u00e5 tilbringe natten i kulden: \u2013 Man vet ikke hvor man skal g\u00e5<\/a>&nbsp;&nbsp;Bergensavisen<\/li>\n<li><a href=\"https:\/\/news.google.com\/rss\/articles\/CBMisgFBVV95cUxPeGVQT2ZzWVZpLW9XdHpobm5ZamFvcDRZOGVJLXhFZmpUUWk0Z05aWlVrdjRJcS1pdUNpNkNRTEV6MmdvOFltTTJwQ21QRms4Y0FlUFlFSGFFWkdZRm5qWlRtaUtfamw1M0h2T25xdmwtODJYNFZEZHJnT3hZeDRVM1lpX1Rzb3B3Nm9mZjZCZDQ4VU5rc05nczFUU2RqdGN3SVVsZDJ4VzhGSVBVUU9UVVVn?oc=5\" target=\"_blank\" rel=\"nofollow noopener\">Flere mangler soveplass i kulden \u2013 foresl\u00e5r kontor og r\u00e5dhuskantine som n\u00f8dl\u00f8sning<\/a>&nbsp;&nbsp;NRK<\/li>\n<\/ol>\n","protected":false},"excerpt":{"rendered":"Nyheter, Huset | Folk jobbet i 16 timer for \u00e5 gi bostedsl\u00f8se et ekstra sted \u00e5 sove i&hellip;\n","protected":false},"author":2,"featured_media":132926,"comment_status":"","ping_status":"","sticky":false,"template":"","format":"standard","meta":{"footnotes":""},"categories":[10],"tags":[20,21,24,25,15,22,23,13,30,28,29,14,16,26,27],"class_list":{"0":"post-132925","1":"post","2":"type-post","3":"status-publish","4":"format-standard","5":"has-post-thumbnail","7":"category-norge","8":"tag-breaking-news","9":"tag-breakingnews","10":"tag-featured-news","11":"tag-featurednews","12":"tag-headlines","13":"tag-latest-news","14":"tag-latestnews","15":"tag-news","16":"tag-no","17":"tag-norge","18":"tag-norway","19":"tag-nyheter","20":"tag-overskrifter","21":"tag-top-stories","22":"tag-topstories"},"share_on_mastodon":{"url":"https:\/\/pubeurope.com\/@no\/115864869526811873","error":""},"_links":{"self":[{"href":"https:\/\/www.europesays.com\/no\/wp-json\/wp\/v2\/posts\/132925","targetHints":{"allow":["GET"]}}],"collection":[{"href":"https:\/\/www.europesays.com\/no\/wp-json\/wp\/v2\/posts"}],"about":[{"href":"https:\/\/www.europesays.com\/no\/wp-json\/wp\/v2\/types\/post"}],"author":[{"embeddable":true,"href":"https:\/\/www.europesays.com\/no\/wp-json\/wp\/v2\/users\/2"}],"replies":[{"embeddable":true,"href":"https:\/\/www.europesays.com\/no\/wp-json\/wp\/v2\/comments?post=132925"}],"version-history":[{"count":0,"href":"https:\/\/www.europesays.com\/no\/wp-json\/wp\/v2\/posts\/132925\/revisions"}],"wp:featuredmedia":[{"embeddable":true,"href":"https:\/\/www.europesays.com\/no\/wp-json\/wp\/v2\/media\/132926"}],"wp:attachment":[{"href":"https:\/\/www.europesays.com\/no\/wp-json\/wp\/v2\/media?parent=132925"}],"wp:term":[{"taxonomy":"category","embeddable":true,"href":"https:\/\/www.europesays.com\/no\/wp-json\/wp\/v2\/categories?post=132925"},{"taxonomy":"post_tag","embeddable":true,"href":"https:\/\/www.europesays.com\/no\/wp-json\/wp\/v2\/tags?post=132925"}],"curies":[{"name":"wp","href":"https:\/\/api.w.org\/{rel}","templated":true}]}}