{"id":132927,"date":"2026-01-09T11:19:07","date_gmt":"2026-01-09T11:19:07","guid":{"rendered":"https:\/\/www.europesays.com\/no\/132927\/"},"modified":"2026-01-09T11:19:07","modified_gmt":"2026-01-09T11:19:07","slug":"kongeornen-angrep-oline-1-tror-de-vet-hvorfor-nrk-trondelag-lokale-nyheter-tv-og-radio","status":"publish","type":"post","link":"https:\/\/www.europesays.com\/no\/132927\/","title":{"rendered":"Konge\u00f8rnen angrep Oline (1) \u2013 tror de vet hvorfor \u2013 NRK Tr\u00f8ndelag \u2013 Lokale nyheter, TV og radio"},"content":{"rendered":"<p>\u2013 Adferdsmessig kan ikke dette bli betraktet som angrep. Det sier Alv Ottar Folkestad, ornitolog og konge\u00f8rnekspert.<\/p>\n<p>Hendelsene tok sted september 2024, og vakte stor uro lokalt og fikk bred nasjonal og internasjonal oppmerksomhet.<\/p>\n<p>P\u00e5 bare <a href=\"https:\/\/www.nrk.no\/norge\/fire-kongeornangrep-pa-fem-dager_-_-helt-abnorm-adferd_-ifolge-ornitolog-1.17034928\" ec-id=\"pp:article:1.17034928\" ec-name=\"fem dager ble flere personer skadet av samme konge\u00f8rn.\" rel=\"nofollow noopener\" target=\"_blank\">fem dager ble flere personer skadet av samme konge\u00f8rn.<\/a><\/p>\n<p>Det mest alvorlige skjedde da \u00f8rnen satte kl\u00f8rne i Oline p\u00e5 ett \u00e5r. Oline m\u00e5tte sy i bakhodet og hadde skrapmerker under halsen og i ansiktet.<\/p>\n<p><strong>\u2013 Det har v\u00e6rt en del flashbacks for b\u00e5de v\u00e5r eldste s\u00f8nn og for meg som mor, men det g\u00e5r bedre med tiden, forteller mor Tonje Jakobsen.<\/strong><\/p>\n<p>Ingen forsto hvorfor \u00f8rnen grep tak i henne, men n\u00e5 vet vi litt mer.<\/p>\n<p>H\u00f8r om hva som skjedde med \u00f8rnen her: <\/p>\n<p>Knyttet mennesker til mat<\/p>\n<p>If\u00f8lge Folkestad er oppf\u00f8rselen helt uvanlig for ville konge\u00f8rner.<\/p>\n<p>\u2013 Dette er helt klassisk \u00f8rneunge som har blitt oppdratt i fangenskap og som er vant til \u00e5 f\u00e5 mat fra mennesker istedenfor foreldre, sier Folkestad.<\/p>\n<p><img decoding=\"async\"   src=\"data:image\/gif;base64,R0lGODlhAQABAIAAAAAAAP\/\/\/yH5BAEAAAAALAAAAAABAAEAAAIBRAA7\" loading=\"eager\" alt=\"Alv Ottar Folkestad p\u00e5 Runde\" title=\"Foto: Olaug Bj\u00f8rneset \/ NRK\"\/><\/p>\n<p class=\"\">Konge\u00f8rnekspert Alv Ottar Folkestad er sikker p\u00e5 hva som kan ha skjedd.<\/p>\n<p>Foto: Olaug Bj\u00f8rneset \/ NRK<\/p>\n<p>Han forklarer at unge konge\u00f8rner er helt avhengige av foreldrene i en lang periode f\u00f8r de er i stand til \u00e5 jakte selv.<\/p>\n<p>\u2013 <strong>Denne fuglen hadde et intenst behov for mat og s\u00f8kte mennesker fordi den ikke visste annet enn at mennesker betydde mat, sier Folkestad.<\/strong><\/p>\n<p>To mulige forklaringer<\/p>\n<p>Folkestad peker p\u00e5 to mulige teorier for hvordan \u00f8rna kan ha endt opp i en slik situasjon.<\/p>\n<p>Den ene er at privatpersoner har tatt seg til \u00f8rneungen og foret den over tid.<\/p>\n<p>\u2013 Folk kan ha tatt seg til rette og blitt litt gira p\u00e5 \u00e5 ta inn en \u00f8rneunge og gitt den mat. Da kobler den mat til mennesker og over tid kan det bli problematisk.<\/p>\n<p>Den andre teorien er at \u00f8rna har v\u00e6rt del av ulovlig oppdrett.<\/p>\n<p>\u2013 Det er mulig at noen har sluppet den fri fra fangenskap og trodd at n\u00e5r den er flyvedyktig s\u00e5 klarer den seg selv. I stedet har den sultet og opps\u00f8kt mennesker, forteller Folkestad.<\/p>\n<p>Familien til Oline er fortsatt preget av hendelsen<\/p>\n<p>Oline selv virker ikke \u00e5 ha noe minne fra hendelsen, men familien er forberedt p\u00e5 at det kan komme reaksjoner.<\/p>\n<p><img decoding=\"async\"   src=\"data:image\/gif;base64,R0lGODlhAQABAIAAAAAAAP\/\/\/yH5BAEAAAAALAAAAAABAAEAAAIBRAA7\" loading=\"eager\" alt=\"Oline og h\u00f8nene heime p\u00e5 garden.\" title=\"Foto: Sunniva Skurtveit \/ NRK\"\/><\/p>\n<p class=\"\">\u00d8rnen gikk etter Oline (1), men ikke h\u00f8nene hjemme p\u00e5 g\u00e5rdstunet p\u00e5 Svorkmo. <\/p>\n<p>Foto: Sunniva Skurtveit \/ NRK<\/p>\n<p><strong>\u2013 Vi synes det er veldig synd hvis folk driver \u00e5 mater \u00f8rner og tukler med naturen.<\/strong><\/p>\n<p>Etter hendelsen med Oline ble \u00f8rnen avlivet. Da var den halvparten av vekten den skulle ha v\u00e6rt og n\u00e6r d\u00f8dsgrensen, forteller Folkestad.<\/p>\n<p><img decoding=\"async\"   src=\"data:image\/gif;base64,R0lGODlhAQABAIAAAAAAAP\/\/\/yH5BAEAAAAALAAAAAABAAEAAAIBRAA7\" loading=\"eager\" alt=\"\u00d8rn\" title=\"Foto: Per K\u00e5re Vinterdal\"\/><\/p>\n<p class=\"\">AVLIVET: \u00d8rnen var helt mager da den ble skutt.<\/p>\n<p>Foto: Per K\u00e5re Vinterdal<\/p>\n<p>Publisert<\/p>\n<p>09.01.2026, kl. 11.35<\/p>\n","protected":false},"excerpt":{"rendered":"\u2013 Adferdsmessig kan ikke dette bli betraktet som angrep. Det sier Alv Ottar Folkestad, ornitolog og konge\u00f8rnekspert. Hendelsene&hellip;\n","protected":false},"author":2,"featured_media":132928,"comment_status":"","ping_status":"","sticky":false,"template":"","format":"standard","meta":{"footnotes":""},"categories":[5],"tags":[20,21,24,25,15,19,22,23,17,18,13,30,28,29,14,16,26,27],"class_list":{"0":"post-132927","1":"post","2":"type-post","3":"status-publish","4":"format-standard","5":"has-post-thumbnail","7":"category-overskrifter","8":"tag-breaking-news","9":"tag-breakingnews","10":"tag-featured-news","11":"tag-featurednews","12":"tag-headlines","13":"tag-hovedoppslag","14":"tag-latest-news","15":"tag-latestnews","16":"tag-main-news","17":"tag-mainnews","18":"tag-news","19":"tag-no","20":"tag-norge","21":"tag-norway","22":"tag-nyheter","23":"tag-overskrifter","24":"tag-top-stories","25":"tag-topstories"},"share_on_mastodon":{"url":"https:\/\/pubeurope.com\/@no\/115864873537245354","error":""},"_links":{"self":[{"href":"https:\/\/www.europesays.com\/no\/wp-json\/wp\/v2\/posts\/132927","targetHints":{"allow":["GET"]}}],"collection":[{"href":"https:\/\/www.europesays.com\/no\/wp-json\/wp\/v2\/posts"}],"about":[{"href":"https:\/\/www.europesays.com\/no\/wp-json\/wp\/v2\/types\/post"}],"author":[{"embeddable":true,"href":"https:\/\/www.europesays.com\/no\/wp-json\/wp\/v2\/users\/2"}],"replies":[{"embeddable":true,"href":"https:\/\/www.europesays.com\/no\/wp-json\/wp\/v2\/comments?post=132927"}],"version-history":[{"count":0,"href":"https:\/\/www.europesays.com\/no\/wp-json\/wp\/v2\/posts\/132927\/revisions"}],"wp:featuredmedia":[{"embeddable":true,"href":"https:\/\/www.europesays.com\/no\/wp-json\/wp\/v2\/media\/132928"}],"wp:attachment":[{"href":"https:\/\/www.europesays.com\/no\/wp-json\/wp\/v2\/media?parent=132927"}],"wp:term":[{"taxonomy":"category","embeddable":true,"href":"https:\/\/www.europesays.com\/no\/wp-json\/wp\/v2\/categories?post=132927"},{"taxonomy":"post_tag","embeddable":true,"href":"https:\/\/www.europesays.com\/no\/wp-json\/wp\/v2\/tags?post=132927"}],"curies":[{"name":"wp","href":"https:\/\/api.w.org\/{rel}","templated":true}]}}