{"id":132931,"date":"2026-01-09T11:25:08","date_gmt":"2026-01-09T11:25:08","guid":{"rendered":"https:\/\/www.europesays.com\/no\/132931\/"},"modified":"2026-01-09T11:25:08","modified_gmt":"2026-01-09T11:25:08","slug":"farlig-is-trygg-is-politiet-advarer-der-er-det-notorisk-utrygt","status":"publish","type":"post","link":"https:\/\/www.europesays.com\/no\/132931\/","title":{"rendered":"Farlig is, Trygg is | Politiet advarer: \u2013 Der er det notorisk utrygt"},"content":{"rendered":"\n<p>(<a href=\"https:\/\/www.ba.no\/politiet-advarer-der-er-det-notorisk-utrygt\/s\/5-8-3276514\" rel=\"Follow nofollow noopener\" target=\"_blank\">Bergensavisen<\/a>): \u2013 Noen vann er kanskje trygge n\u00e5, men Nord\u00e5svannet er notorisk utrygt, fastsl\u00e5r politioverbetjent \u00d8ystein Samsonsen i Bergen s\u00f8r.<\/p>\n<p>Han p\u00e5peker at Nord\u00e5svannet er et brakkvann, som er en blanding av salt- og ferskvann.<\/p>\n<p>\u2013 Flo og fj\u00e6re gj\u00f8r isen som er der ustabil, p\u00e5peker Samsonsen.<\/p>\n<p>Sluttet med ism\u00e5ling<\/p>\n<p>Tidligere \u00e5r har Bergen kommune drevet med rapportering av hvilke vann i Bergen som er trygge \u00e5 begi seg ut p\u00e5 p\u00e5 vinterstid, men det sluttet de med i 2024.<\/p>\n<p>De peker p\u00e5 ressursbruk, \u00f8konomi og generelt milde vintre i Bergen som \u00e5rsaken.<\/p>\n<p>Privatpersoner kan imidlertid m\u00e5le og registrere selv til Varsom.no, hvor de har et iskart som oppdateres.<\/p>\n<p>   <img decoding=\"async\" width=\"6192\" height=\"4128\" fetchpriority=\"low\"  loading=\"lazy\"  src=\"https:\/\/www.europesays.com\/no\/wp-content\/uploads\/2026\/01\/EWB_0812.jpg\" alt=\"\" class=\"brick-c-cFOWSL\" style=\"--brick-image-ratio: 6192 \/ 4128;\"\/><\/p>\n<p>      F\u00c5 TRYGGE: Sv\u00e6rt f\u00e5 steder i Bergen har trygg is.<br \/>\n      Foto: Emil Weatherhead Breistein (BA)\n    <\/p>\n<p>I skrivende stund er det sv\u00e6rt f\u00e5 vann i Bergen som ser ut til \u00e5 ha en istykkelse p\u00e5 ti centimeter, som er Varsom sitt krav for \u00e5 sikre at isen faktisk er trygg.<\/p>\n<p>I isvarselet Varsom la ut for Vestland for en uke siden, som da gjelder frem til i dag, skriver de f\u00f8lgende:<\/p>\n<p>\u2013 Vi venter rask islegging p\u00e5 sm\u00e5 vann i lavlandet, og mot slutten av uken ser det ut til at mange vann kan ha 10 cm solid is, som er v\u00e5r anbefaling. Men ikke glem at isen alltid er tynnere ved innl\u00f8p, utl\u00f8p og i trange sund.<\/p>\n<p>\u2013 V\u00e6r sv\u00e6rt forsiktig<\/p>\n<p>Samsonsen i politiet understreker at de ikke har anledning til \u00e5 rykke ut p\u00e5 alle meldingene de f\u00e5r om folk som g\u00e5r p\u00e5 utrygg is.<\/p>\n<p><b>\u2013 Vi kan ikke forby det, men vi oppfordrer alle til \u00e5 v\u00e6re sv\u00e6rt forsiktige med \u00e5 ferdes p\u00e5 isen. S\u00e6rlig det som ikke er 100 prosent ferskvann.<\/b><\/p>\n<p>   <img decoding=\"async\" width=\"8256\" height=\"5504\" fetchpriority=\"low\"  loading=\"lazy\"  src=\"https:\/\/www.europesays.com\/no\/wp-content\/uploads\/2026\/01\/EWB_0806.jpg\" alt=\"\" class=\"brick-c-cFOWSL\" style=\"--brick-image-ratio: 8256 \/ 5504;\"\/><\/p>\n<p>      IS: Pass p\u00e5, sier politiet.<br \/>\n      Foto: Emil Weatherhead Breistein (BA)\n    <\/p>\n<p>P\u00e5 aktuelle Nord\u00e5svannet har det ikke v\u00e6rt noen redningsaksjoner s\u00e5 langt denne vinteren.<\/p>\n<p>BA har imidlertid omtalt dramatiske situasjoner flere \u00e5r tidligere &#8211; som i 2014, da en sk\u00f8ytel\u00f8per falt gjennom isen og ble reddet av noen ungdommer, og i 2021 da tre personer ble observert p\u00e5 isen ved Marmor\u00f8yene.<\/p>\n","protected":false},"excerpt":{"rendered":"(Bergensavisen): \u2013 Noen vann er kanskje trygge n\u00e5, men Nord\u00e5svannet er notorisk utrygt, fastsl\u00e5r politioverbetjent \u00d8ystein Samsonsen i&hellip;\n","protected":false},"author":2,"featured_media":132932,"comment_status":"","ping_status":"","sticky":false,"template":"","format":"standard","meta":{"footnotes":""},"categories":[10],"tags":[20,21,24,25,15,22,23,13,30,28,29,14,16,26,27],"class_list":{"0":"post-132931","1":"post","2":"type-post","3":"status-publish","4":"format-standard","5":"has-post-thumbnail","7":"category-norge","8":"tag-breaking-news","9":"tag-breakingnews","10":"tag-featured-news","11":"tag-featurednews","12":"tag-headlines","13":"tag-latest-news","14":"tag-latestnews","15":"tag-news","16":"tag-no","17":"tag-norge","18":"tag-norway","19":"tag-nyheter","20":"tag-overskrifter","21":"tag-top-stories","22":"tag-topstories"},"share_on_mastodon":{"url":"https:\/\/pubeurope.com\/@no\/115864896970493387","error":""},"_links":{"self":[{"href":"https:\/\/www.europesays.com\/no\/wp-json\/wp\/v2\/posts\/132931","targetHints":{"allow":["GET"]}}],"collection":[{"href":"https:\/\/www.europesays.com\/no\/wp-json\/wp\/v2\/posts"}],"about":[{"href":"https:\/\/www.europesays.com\/no\/wp-json\/wp\/v2\/types\/post"}],"author":[{"embeddable":true,"href":"https:\/\/www.europesays.com\/no\/wp-json\/wp\/v2\/users\/2"}],"replies":[{"embeddable":true,"href":"https:\/\/www.europesays.com\/no\/wp-json\/wp\/v2\/comments?post=132931"}],"version-history":[{"count":0,"href":"https:\/\/www.europesays.com\/no\/wp-json\/wp\/v2\/posts\/132931\/revisions"}],"wp:featuredmedia":[{"embeddable":true,"href":"https:\/\/www.europesays.com\/no\/wp-json\/wp\/v2\/media\/132932"}],"wp:attachment":[{"href":"https:\/\/www.europesays.com\/no\/wp-json\/wp\/v2\/media?parent=132931"}],"wp:term":[{"taxonomy":"category","embeddable":true,"href":"https:\/\/www.europesays.com\/no\/wp-json\/wp\/v2\/categories?post=132931"},{"taxonomy":"post_tag","embeddable":true,"href":"https:\/\/www.europesays.com\/no\/wp-json\/wp\/v2\/tags?post=132931"}],"curies":[{"name":"wp","href":"https:\/\/api.w.org\/{rel}","templated":true}]}}