{"id":132937,"date":"2026-01-09T11:32:12","date_gmt":"2026-01-09T11:32:12","guid":{"rendered":"https:\/\/www.europesays.com\/no\/132937\/"},"modified":"2026-01-09T11:32:12","modified_gmt":"2026-01-09T11:32:12","slug":"ulykke-tjome-rykket-ut-til-ulykke-mellom-buss-og-atv","status":"publish","type":"post","link":"https:\/\/www.europesays.com\/no\/132937\/","title":{"rendered":"Ulykke, Tj\u00f8me | Rykket ut til ulykke mellom buss og ATV"},"content":{"rendered":"\n<p>KIokken 10.30 fredag formiddag rykket n\u00f8detatene ut til \u00d8stveien p\u00e5 Tj\u00f8me.<\/p>\n<p>Politiet melder at det har oppst\u00e5tt en trafikkulykke hvor det har v\u00e6rt et sammenst\u00f8t mellom en buss og en ATV.<\/p>\n<p>\u2013 De involverte er v\u00e5kne og bevisste, meldte politiet.<\/p>\n<p><b>N\u00f8detatene har forlatt stedet. En ATV st\u00e5r igjen i gr\u00f8ften langs \u00d8stveien<\/b><\/p>\n<p>\u2013 Ingen i bussen ble skadet og bussen kunne kj\u00f8re videre. F\u00f8rer av ATV fremst\u00e5r uskadd, men sjekkes av ambulansepersonell, opplyser politiets operasjonsleder, Roger Aaser.<\/p>\n<p>N\u00f8detatene har rykket ut p\u00e5 flere hendelser i morgentimene fredag:<\/p>\n<p>  <a href=\"https:\/\/www.tb.no\/5-76-2764628\" class=\"related-teaser has-image default-story-teaser article--c-eRUmMG article--c-eRUmMG-jKCPdD-design-default\" rel=\"nofollow noopener\" target=\"_blank\"><\/p>\n<p>    <img decoding=\"async\" loading=\"lazy\"  src=\"https:\/\/www.europesays.com\/no\/wp-content\/uploads\/2026\/01\/photo+%284%29.jpg\" alt=\"\" class=\"brick-c-cFOWSL\" style=\"\"\/><\/p>\n<p>\n            Les ogs\u00e5<\/p>\n<p>              Brann i enebolig i F\u00e6rder\n        <\/p>\n<p>  <\/a><\/p>\n<p>  <a href=\"https:\/\/www.tb.no\/5-76-2764622\" class=\"related-teaser has-image default-story-teaser article--c-eRUmMG article--c-eRUmMG-jKCPdD-design-default\" rel=\"nofollow noopener\" target=\"_blank\"><\/p>\n<p>    <img decoding=\"async\" loading=\"lazy\"  src=\"https:\/\/www.europesays.com\/no\/wp-content\/uploads\/2026\/01\/photo+%281%29.jpg\" alt=\"\" class=\"brick-c-cFOWSL\" style=\"\"\/><\/p>\n<p>\n            Les ogs\u00e5<\/p>\n<p>              R\u00f8ykutvikling fra bolig\n        <\/p>\n<p>  <\/a><\/p>\n","protected":false},"excerpt":{"rendered":"KIokken 10.30 fredag formiddag rykket n\u00f8detatene ut til \u00d8stveien p\u00e5 Tj\u00f8me. Politiet melder at det har oppst\u00e5tt en&hellip;\n","protected":false},"author":2,"featured_media":132938,"comment_status":"","ping_status":"","sticky":false,"template":"","format":"standard","meta":{"footnotes":""},"categories":[10],"tags":[36,2919,20,21,2760,24,25,15,22,23,13,30,28,29,14,16,1510,5127,26,27,51],"class_list":{"0":"post-132937","1":"post","2":"type-post","3":"status-publish","4":"format-standard","5":"has-post-thumbnail","7":"category-norge","8":"tag-art","9":"tag-atv","10":"tag-breaking-news","11":"tag-breakingnews","12":"tag-buss","13":"tag-featured-news","14":"tag-featurednews","15":"tag-headlines","16":"tag-latest-news","17":"tag-latestnews","18":"tag-news","19":"tag-no","20":"tag-norge","21":"tag-norway","22":"tag-nyheter","23":"tag-overskrifter","24":"tag-story","25":"tag-tjome","26":"tag-top-stories","27":"tag-topstories","28":"tag-ulykke"},"share_on_mastodon":{"url":"https:\/\/pubeurope.com\/@no\/115864924562634926","error":""},"_links":{"self":[{"href":"https:\/\/www.europesays.com\/no\/wp-json\/wp\/v2\/posts\/132937","targetHints":{"allow":["GET"]}}],"collection":[{"href":"https:\/\/www.europesays.com\/no\/wp-json\/wp\/v2\/posts"}],"about":[{"href":"https:\/\/www.europesays.com\/no\/wp-json\/wp\/v2\/types\/post"}],"author":[{"embeddable":true,"href":"https:\/\/www.europesays.com\/no\/wp-json\/wp\/v2\/users\/2"}],"replies":[{"embeddable":true,"href":"https:\/\/www.europesays.com\/no\/wp-json\/wp\/v2\/comments?post=132937"}],"version-history":[{"count":0,"href":"https:\/\/www.europesays.com\/no\/wp-json\/wp\/v2\/posts\/132937\/revisions"}],"wp:featuredmedia":[{"embeddable":true,"href":"https:\/\/www.europesays.com\/no\/wp-json\/wp\/v2\/media\/132938"}],"wp:attachment":[{"href":"https:\/\/www.europesays.com\/no\/wp-json\/wp\/v2\/media?parent=132937"}],"wp:term":[{"taxonomy":"category","embeddable":true,"href":"https:\/\/www.europesays.com\/no\/wp-json\/wp\/v2\/categories?post=132937"},{"taxonomy":"post_tag","embeddable":true,"href":"https:\/\/www.europesays.com\/no\/wp-json\/wp\/v2\/tags?post=132937"}],"curies":[{"name":"wp","href":"https:\/\/api.w.org\/{rel}","templated":true}]}}