{"id":132943,"date":"2026-01-09T11:40:06","date_gmt":"2026-01-09T11:40:06","guid":{"rendered":"https:\/\/www.europesays.com\/no\/132943\/"},"modified":"2026-01-09T11:40:06","modified_gmt":"2026-01-09T11:40:06","slug":"bandmedlemmer-trekker-seg-og-festival-avslutter-samarbeidet-med-ki-bandet-vestavind-nrk-kultur-og-underholdning","status":"publish","type":"post","link":"https:\/\/www.europesays.com\/no\/132943\/","title":{"rendered":"Bandmedlemmer trekker seg og festival avslutter samarbeidet med \u00abKI-bandet\u00bb Vestavind \u2013 NRK Kultur og underholdning"},"content":{"rendered":"<p>\u2013 Vi visste at det var brukt KI til \u00e5 lage noen av sangene, men ikke at det var s\u00e5pass mye, sier Martin Hystad.<\/p>\n<p>Trommeslageren har v\u00e6rt fulltidsmusiker i over 15 \u00e5r i Oslo og har n\u00e5 dratt hjem til Vestlandet. For en stund siden sa han ja til \u00e5 spille p\u00e5 festivaler i sommer med bandet Vestavind.<\/p>\n<p><img decoding=\"async\"   src=\"data:image\/gif;base64,R0lGODlhAQABAIAAAAAAAP\/\/\/yH5BAEAAAAALAAAAAABAAEAAAIBRAA7\" loading=\"eager\" alt=\"Vestavind\" title=\"Foto: Janne Skjervik \/ Vestavind\"\/><\/p>\n<p class=\"\">Bassisten Frode Hammersland og trommis Martin Hystad trekker seg bandet Vestavind. <\/p>\n<p>Foto: Janne Skjervik \/ Vestavind<\/p>\n<p>Tatt bandet av plakaten<\/p>\n<p>Vestavind ble popul\u00e6re ved hjelp av hits som, utenom sangteksten, var laget av KI-appen Suno. Det bekreftet han som startet bandet, Ole Morten Simonsen, til NRK.<\/p>\n<p>Bandet skulle fremf\u00f8re b\u00e5de \u00abKI-hitene\u00bb, men ogs\u00e5 flere andre sanger, som et ekte band p\u00e5 festivaler i sommer. Etter at NRK fortalte om saken har en av festivalene, Countryfestivalen p\u00e5 Skj\u00e5k, tatt Vestavind av plakaten.<\/p>\n<p>\u2013 Vi \u00f8nsker ikke \u00e5 bidra til at KI-produserte l\u00e5ter tar over i musikkbransjen. Derfor har vi valgt \u00e5 avbryte v\u00e5rt samarbeid med bandet, skrev festivalen i en pressemelding.<\/p>\n<p>\u2013 Har ikke stilt mange nok sp\u00f8rsm\u00e5l<\/p>\n<p>N\u00e5 trekker ogs\u00e5 to av bandmedlemmene seg fra prosjektet, bassisten Frode Hammersland og trommis Martin Hystad.<\/p>\n<p>\u2013 Jeg har nok ikke stilt mange nok sp\u00f8rsm\u00e5l om i hvor stor grad disse sangene var KI-skapte. Men n\u00e5 er det klart for meg at jeg ikke kan st\u00e5 inne for denne m\u00e5ten \u00e5 lage musikk p\u00e5, sier Hystad.<\/p>\n<p><img decoding=\"async\"   src=\"data:image\/gif;base64,R0lGODlhAQABAIAAAAAAAP\/\/\/yH5BAEAAAAALAAAAAABAAEAAAIBRAA7\" loading=\"eager\" alt=\"en mann if\u00f8rt svart skjorte (Bildebeskrivelsen er laget av en KI-tjeneste)\" title=\"Foto: JORN OLAV MYHRE \/ Privat\"\/><\/p>\n<p class=\"\">Martin Hystad har jobbet lenge som trommeslager.<\/p>\n<p>Foto: JORN OLAV MYHRE \/ Privat<\/p>\n<p>NRK har ogs\u00e5 v\u00e6rt i kontakt med den andre som har trukket seg, Frode Hammersland, som stiller seg bak det Hystad sier.<\/p>\n<p>Begge understreker at det ikke er noe ondt blod mellom dem og bandstarter Ole Morten Simonsen.<\/p>\n<p><img decoding=\"async\"   src=\"data:image\/gif;base64,R0lGODlhAQABAIAAAAAAAP\/\/\/yH5BAEAAAAALAAAAAABAAEAAAIBRAA7\" loading=\"eager\" alt=\"Artist Erlend Gunstveit i en video p\u00e5 Instagram\" title=\"Foto: Skjermdump fra Instagram\"\/><\/p>\n<p class=\"\">Erlend Gunstveit gikk hardt ut mot festivalene som har booket Vestavind, i en video p\u00e5 Instagram.<\/p>\n<p>Foto: Skjermdump fra Instagram<\/p>\n<p>\u2013 En skam<\/p>\n<p>Musiker Erlend Gunstveit har v\u00e6rt en av dem som har v\u00e6rt sv\u00e6rt kritisk til bookingen av bandet, blant annet i en video p\u00e5 sin Instagram.<\/p>\n<p><strong>\u2013 Det er en skam for musikkbransjen, sier han i videoen.<\/strong><\/p>\n<p>\u2013 Jeg er utrolig skuffa over at folk ikke gj\u00f8r en grundigere bookingjobb, sier musikeren til NRK.<\/p>\n<p><img decoding=\"async\"   src=\"data:image\/gif;base64,R0lGODlhAQABAIAAAAAAAP\/\/\/yH5BAEAAAAALAAAAAABAAEAAAIBRAA7\" loading=\"eager\" alt=\"En musiker st\u00e5r p\u00e5 en scene, if\u00f8rt denimjakke og caps, spiller gitar. Omgivelsene har en moderne, treveggsinteri\u00f8r. Det er svakt lyssetting som fokuserer p\u00e5 musikeren. En annen person kan ses i bakgrunnen, men er delvis ute av fokus. (Bildebeskrivelsen er laget av en KI-tjeneste)\" title=\"Foto: Vetle Hjortland\"\/><\/p>\n<p class=\"\">\u2013 En uting, sier Erlend Gunstveit om at et \u00abKI-band\u00bb st\u00e5r p\u00e5 flere festivalplakater i \u00e5r.<\/p>\n<p>Foto: Vetle Hjortland<\/p>\n<p>Gunstveit sier han har f\u00e5tt massiv respons p\u00e5 videoen fra andre i bransjen:<\/p>\n<p><strong>\u2013 Jeg har f\u00e5tt meldinger fra publikummere, arrang\u00f8rer og spesielt mange meldinger fra artister og l\u00e5tskrivere. Mange t\u00f8r ikke st\u00e5 fram og kritisere dette fordi de er redde for \u00e5 ikke bli booket og gj\u00f8re seg upopul\u00e6re blant arrang\u00f8rer.<\/strong><\/p>\n<p>Musikeren mener det er \u00abspesielt alvorlig\u00bb for unge, lovende artister som trenger en scene.<\/p>\n<p>\u2013 Det er ikke nok plasser og scener til alle artistene som jobber knallhardt hver dag, p\u00e5peker han.<\/p>\n<p>Ole Morten Simonsen, som startet Vestavind, sier at de hittil ikke har f\u00e5tt noen andre avlysninger.<\/p>\n<p>\u2013 Vi hadde gledet oss til \u00e5 spille p\u00e5 Countryfestivalen i Skj\u00e5k, i likhet med andre festivaler vi har f\u00e5tt tilbud om \u00e5 spille p\u00e5, sier han til NRK.<\/p>\n<p>Bandet m\u00e5 ogs\u00e5 bytte navn, p\u00e5 grunn av en navnekonflikt med et annet band, if\u00f8lge <a href=\"https:\/\/www.bomlo-nytt.no\/nyhende\/n\/d4OKOJ\/vestavind-fraa-fleire-kantar\" ec-id=\"https:\/\/www.bomlo-nytt.no\/nyhende\/n\/d4OKOJ\/vestavind-fraa-fleire-kantar\" ec-name=\"B\u00f8mlo-nytt\" rel=\"nofollow noopener\" target=\"_blank\">B\u00f8mlo-nytt<\/a>.<\/p>\n<p><img decoding=\"async\"   src=\"data:image\/gif;base64,R0lGODlhAQABAIAAAAAAAP\/\/\/yH5BAEAAAAALAAAAAABAAEAAAIBRAA7\" loading=\"eager\" alt=\"Trude Storheim\" title=\"Foto: Ilja C. Hendel\"\/><\/p>\n<p class=\"\">Statssekret\u00e6r Trude Storheim (Ap) sier det stadig oppst\u00e5r nye problemstillinger relatert til KI og kulturlivet.<\/p>\n<p>Foto: Ilja C. Hendel<\/p>\n<p>Kulturdepartementet: \u2013 Vi tar uroen p\u00e5 alvor<\/p>\n<p>Statssekret\u00e6r Trude Storheim (Ap) sier til NRK at kultur- og likestillings\u00addepartementet ikke skal blande seg i hva norske festivaler velger \u00e5 ha p\u00e5 plakaten.<\/p>\n<p><strong>\u2013 Men vi forst\u00e5r godt at dette vekker uro i bransjen. Festivaler er en viktig arena for musikerne, s\u00e5 vi skj\u00f8nner at dette kan v\u00e6re frustrerende, sier hun.<\/strong><\/p>\n<p>Statssekret\u00e6ren er \u00e5pen for at det kan komme tydeligere reguleringer framover.<\/p>\n<p>Hun p\u00e5peker at en <a href=\"https:\/\/www.regjeringen.no\/no\/dokumenter\/nou-2025-7\/id3110550\/\" ec-id=\"https:\/\/www.regjeringen.no\/no\/dokumenter\/nou-2025-7\/id3110550\/\" ec-name=\"utredning fra musikkutvalget\" rel=\"nofollow noopener\" target=\"_blank\">utredning fra musikkutvalget<\/a>, som foresl\u00e5r tydeligere reguleringer, har v\u00e6rt p\u00e5 h\u00f8ring. H\u00f8ringssvarene er n\u00e5 under gjennomgang.<\/p>\n<p>\u2013 Vi tar uroen p\u00e5 alvor, sier Storheim.<\/p>\n<p>Publisert<\/p>\n<p>09.01.2026, kl. 12.06<\/p>\n","protected":false},"excerpt":{"rendered":"\u2013 Vi visste at det var brukt KI til \u00e5 lage noen av sangene, men ikke at det&hellip;\n","protected":false},"author":2,"featured_media":132944,"comment_status":"","ping_status":"","sticky":false,"template":"","format":"standard","meta":{"footnotes":""},"categories":[5],"tags":[20,21,24,25,15,19,22,23,17,18,13,30,28,29,14,16,26,27],"class_list":{"0":"post-132943","1":"post","2":"type-post","3":"status-publish","4":"format-standard","5":"has-post-thumbnail","7":"category-overskrifter","8":"tag-breaking-news","9":"tag-breakingnews","10":"tag-featured-news","11":"tag-featurednews","12":"tag-headlines","13":"tag-hovedoppslag","14":"tag-latest-news","15":"tag-latestnews","16":"tag-main-news","17":"tag-mainnews","18":"tag-news","19":"tag-no","20":"tag-norge","21":"tag-norway","22":"tag-nyheter","23":"tag-overskrifter","24":"tag-top-stories","25":"tag-topstories"},"share_on_mastodon":{"url":"https:\/\/pubeurope.com\/@no\/115864955914645247","error":""},"_links":{"self":[{"href":"https:\/\/www.europesays.com\/no\/wp-json\/wp\/v2\/posts\/132943","targetHints":{"allow":["GET"]}}],"collection":[{"href":"https:\/\/www.europesays.com\/no\/wp-json\/wp\/v2\/posts"}],"about":[{"href":"https:\/\/www.europesays.com\/no\/wp-json\/wp\/v2\/types\/post"}],"author":[{"embeddable":true,"href":"https:\/\/www.europesays.com\/no\/wp-json\/wp\/v2\/users\/2"}],"replies":[{"embeddable":true,"href":"https:\/\/www.europesays.com\/no\/wp-json\/wp\/v2\/comments?post=132943"}],"version-history":[{"count":0,"href":"https:\/\/www.europesays.com\/no\/wp-json\/wp\/v2\/posts\/132943\/revisions"}],"wp:featuredmedia":[{"embeddable":true,"href":"https:\/\/www.europesays.com\/no\/wp-json\/wp\/v2\/media\/132944"}],"wp:attachment":[{"href":"https:\/\/www.europesays.com\/no\/wp-json\/wp\/v2\/media?parent=132943"}],"wp:term":[{"taxonomy":"category","embeddable":true,"href":"https:\/\/www.europesays.com\/no\/wp-json\/wp\/v2\/categories?post=132943"},{"taxonomy":"post_tag","embeddable":true,"href":"https:\/\/www.europesays.com\/no\/wp-json\/wp\/v2\/tags?post=132943"}],"curies":[{"name":"wp","href":"https:\/\/api.w.org\/{rel}","templated":true}]}}