{"id":132947,"date":"2026-01-09T11:43:07","date_gmt":"2026-01-09T11:43:07","guid":{"rendered":"https:\/\/www.europesays.com\/no\/132947\/"},"modified":"2026-01-09T11:43:07","modified_gmt":"2026-01-09T11:43:07","slug":"spania-slar-ned-pa-det-kriminelle-nettverket-black-axe-i-landsomfattende-razziaer","status":"publish","type":"post","link":"https:\/\/www.europesays.com\/no\/132947\/","title":{"rendered":"Spania sl\u00e5r ned p\u00e5 det kriminelle nettverket &laquo;Black Axe&raquo; i landsomfattende razziaer &#8211;"},"content":{"rendered":"<p>Spanske myndigheter har arrestert 34 personer i en omfattende aksjon rettet mot det internasjonale kriminelle nettverket Black Axe, og har dermed sl\u00e5tt til mot en av Europas mest aktive nettbaserte svindelgrupper.<\/p>\n<p>Politirazziaer ble gjennomf\u00f8rt i flere regioner, fra Sevilla til Barcelona, som en del av en koordinert etterforskning st\u00f8ttet av Europol og knyttet til parallelle etterforskninger i Tyskland. Etterforskerne sier at gruppen var involvert i storstilt \u00f8konomisk svindel, hvitvasking av penger og dokumentforfalskning.<\/p>\n<blockquote class=\"twitter-tweet\" data-theme=\"dark\"><p><a href=\"https:\/\/twitter.com\/Europol\/status\/2009546993660531050?ref_src=twsrc%5Etfw\" rel=\"nofollow noopener\" target=\"_blank\"><\/p><\/blockquote>\n<p>Black Axe oppsto i Nigeria for flere ti\u00e5r siden som en studentorganisasjon, men har siden forvandlet seg til en transnasjonal kriminell organisasjon. Europeiske politimyndigheter beskriver den som sv\u00e6rt strukturert, med et sterkt fokus p\u00e5 \u00f8konomisk kriminalitet og bedrageri p\u00e5 nettet.<\/p>\n<p>If\u00f8lge Europol utnyttet nettverket \u00f8konomisk s\u00e5rbare personer i Spania og rekrutterte dem som &laquo;pengemuldyr&raquo; for \u00e5 flytte ulovlige midler gjennom bankkontoer og betalingsplattformer. Mange av de rekrutterte var spanske statsborgere som bodde i omr\u00e5der med h\u00f8y arbeidsledighet.<\/p>\n<p>Myndighetene ansl\u00e5r at gruppen tappet ofrene for mer enn 5,9 millioner euro, og advarte om at lignende nettverk fortsatt er aktive over hele Europa, ettersom nettkriminalitet fortsetter \u00e5 ekspandere raskere enn tradisjonelle politiverkt\u00f8y.<\/p>\n<p><script async src=\"https:\/\/platform.twitter.com\/widgets.js\" charset=\"utf-8\"><\/script><\/p>\n","protected":false},"excerpt":{"rendered":"Spanske myndigheter har arrestert 34 personer i en omfattende aksjon rettet mot det internasjonale kriminelle nettverket Black Axe,&hellip;\n","protected":false},"author":2,"featured_media":132948,"comment_status":"","ping_status":"","sticky":false,"template":"","format":"standard","meta":{"footnotes":""},"categories":[57],"tags":[30,28,29,65,63,64,66,70,69,67,68],"class_list":{"0":"post-132947","1":"post","2":"type-post","3":"status-publish","4":"format-standard","5":"has-post-thumbnail","7":"category-vitenskap-og-teknologi","8":"tag-no","9":"tag-norge","10":"tag-norway","11":"tag-science","12":"tag-science-and-technology","13":"tag-scienceandtechnology","14":"tag-technology","15":"tag-teknologi","16":"tag-vitenskap","17":"tag-vitenskap-og-teknologi","18":"tag-vitenskapteknologi"},"share_on_mastodon":{"url":"https:\/\/pubeurope.com\/@no\/115864967772900627","error":""},"_links":{"self":[{"href":"https:\/\/www.europesays.com\/no\/wp-json\/wp\/v2\/posts\/132947","targetHints":{"allow":["GET"]}}],"collection":[{"href":"https:\/\/www.europesays.com\/no\/wp-json\/wp\/v2\/posts"}],"about":[{"href":"https:\/\/www.europesays.com\/no\/wp-json\/wp\/v2\/types\/post"}],"author":[{"embeddable":true,"href":"https:\/\/www.europesays.com\/no\/wp-json\/wp\/v2\/users\/2"}],"replies":[{"embeddable":true,"href":"https:\/\/www.europesays.com\/no\/wp-json\/wp\/v2\/comments?post=132947"}],"version-history":[{"count":0,"href":"https:\/\/www.europesays.com\/no\/wp-json\/wp\/v2\/posts\/132947\/revisions"}],"wp:featuredmedia":[{"embeddable":true,"href":"https:\/\/www.europesays.com\/no\/wp-json\/wp\/v2\/media\/132948"}],"wp:attachment":[{"href":"https:\/\/www.europesays.com\/no\/wp-json\/wp\/v2\/media?parent=132947"}],"wp:term":[{"taxonomy":"category","embeddable":true,"href":"https:\/\/www.europesays.com\/no\/wp-json\/wp\/v2\/categories?post=132947"},{"taxonomy":"post_tag","embeddable":true,"href":"https:\/\/www.europesays.com\/no\/wp-json\/wp\/v2\/tags?post=132947"}],"curies":[{"name":"wp","href":"https:\/\/api.w.org\/{rel}","templated":true}]}}