{"id":132949,"date":"2026-01-09T11:45:10","date_gmt":"2026-01-09T11:45:10","guid":{"rendered":"https:\/\/www.europesays.com\/no\/132949\/"},"modified":"2026-01-09T11:45:10","modified_gmt":"2026-01-09T11:45:10","slug":"varsler-avgjorelse-blir-en-suppe","status":"publish","type":"post","link":"https:\/\/www.europesays.com\/no\/132949\/","title":{"rendered":"Varsler avgj\u00f8relse: &#8211; Blir en suppe"},"content":{"rendered":"<p class=\"kicker \" style=\"\">Toll:<\/p>\n<p>    Fredag kan USAs h\u00f8yesterett komme med en avgj\u00f8relse i tollsaken mot president Donald Trump. &#8211; Det kommer til \u00e5 bli et helsike.\u00a0<\/p>\n<p>\n    RISIKERER NEDERLAG: Det kan komme en avgj\u00f8relse fra H\u00f8yesterett om lovligheten av president Donald Trumps omfattende globale tollsatser fredag. Administrasjonen risikerer \u00e5 m\u00e5tte tilbakebetale enorme summer. Foto: Evelyn Hockstein \/ NTB\n  <\/p>\n<p>    Kort fortalt<\/p>\n<p lang=\"nb-NO\">USAs h\u00f8yesterett forventes \u00e5 avgi en avgj\u00f8relse i tollsaken mot Donald Trump fredag.<\/p>\n<p lang=\"nb-NO\">Avgj\u00f8relsen kan p\u00e5virke 150 milliarder dollar i tollinntekter som er samlet inn.<\/p>\n<p lang=\"nb-NO\">Finansminister Scott Bessent forventer fortsatt tollinnkreving uansett utfallet.<\/p>\n<p lang=\"nb-NO\">Flere selskaper frykter kaos og vanskeligheter med \u00e5 f\u00e5 refusjon.<\/p>\n<p class=\"italic ai-disclaimer\" data-lab-italic=\"italic\">Sammendraget er laget av ChatGPT og godkjent av B\u00f8rsen.<\/p>\n<p>      Vis mer<br \/>\n      Vis mindre<\/p>\n<p>Fredag ettermiddag norsk tid er det ventet at\u00a0USAs h\u00f8yesterett kan komme med en avgj\u00f8relse i tollsaken mot president Donald Trump. <\/p>\n<p>Det melder nyhetsbyr\u00e5et <a href=\"https:\/\/www.reuters.com\/legal\/government\/importers-brace-150-billion-tariff-refund-fight-if-trump-loses-supreme-court-2026-01-08\/\" rel=\"nofollow noopener\" target=\"_blank\">Reuters<\/a> og <a href=\"https:\/\/www.cnbc.com\/2026\/01\/08\/the-supreme-court-may-rule-friday-on-trumps-tariffs-heres-whats-at-stake-for-the-economy.html\" rel=\"nofollow noopener\" target=\"_blank\">CNBC<\/a>.\u00a0<\/p>\n<p>Det er ikke varslet en formell beslutning, men\u00a0retten skal etter planen offentliggj\u00f8re ferske kjennelser fredag, der det spekuleres bredt i at tollsaken kan st\u00e5 p\u00e5 agendaen. <\/p>\n<p>    <a itemprop=\"url\" href=\"https:\/\/borsen.dagbladet.no\/nyheter\/x-faktor-kan-endre-alt\/84055958\" rel=\"nofollow noopener\" target=\"_blank\"><\/p>\n<p>        <img loading=\"lazy\" decoding=\"async\" src=\"https:\/\/www.europesays.com\/no\/wp-content\/uploads\/2026\/01\/1767959108_359_84056143.webp.webp\" width=\"980\" height=\"441\" title=\"X-faktor: Kan endre alt\" alt=\"\" class=\"lazyload\" style=\"--aspect-ratio-image: 2.22; \"\/><\/p>\n<p>        X-faktor: Kan endre alt<\/p>\n<p>    <\/a><\/p>\n<p>Vil finne smutthull\t<\/p>\n<p> If\u00f8lge CNN skal retten avgj\u00f8re lovligheten av Trumps tollsatser, og vurdere hvorvidt en samlet tollinntekt p\u00e5 150 milliarder dollar i fjor, faktisk har blitt innkrevd p\u00e5 rettmessig vis.\u00a0<\/p>\n<p> Dersom retten konkluderer i Trumps disfav\u00f8r, risikerer USA \u00e5 m\u00e5tte tilbakebetale de som allerede har betalt avgifter. Den endelige avgj\u00f8relsen kan imidlertid ogs\u00e5 havne et sted midt imellom.<\/p>\n<p>        Onsdag 2. april presenterte Donald Trump de nye tollsatsene mot nesten alle land i verden. S\u00e5 g\u00e5r han for tidlig av scenen. Reporter: Marte Nyl\u00f8kken Helseth. <\/p>\n<p class=\"font-weight-bold m-font-weight-bold\" data-lab-font_weight=\"font-weight-bold\">Finansminister Scott Bessent uttalte torsdag at han venter en \u00ablapskaus\u00bb av en avgj\u00f8relse. Han fastholder at administrasjonen vil fortsette \u00e5 kreve inn toll, uansett avgj\u00f8relsen fra H\u00f8yesterett.\u00a0<\/p>\n<p>&#8211; Det som ikke er tvilsomt, er v\u00e5r evne til \u00e5 fortsette \u00e5 kreve inn toll p\u00e5 omtrent samme niv\u00e5, m\u00e5lt i samlede inntekter, fortalte Bessent under et arrangement i Minneapolis, gjengitt av CNBC.\u00a0<\/p>\n<p>&#8211; Det som er tvilsomt, og det er virkelig synd for det amerikanske folk, er at presidenten mister fleksibiliteten til \u00e5 bruke toll b\u00e5de av hensyn til nasjonal sikkerhet og som forhandlingsverkt\u00f8y, dersom han taper.<\/p>\n<p>    <a itemprop=\"url\" href=\"https:\/\/borsen.dagbladet.no\/nyheter\/slar-januar-alarm-et-prissjokk\/83956145\" rel=\"nofollow noopener\" target=\"_blank\"><\/p>\n<p>        <img loading=\"lazy\" decoding=\"async\" src=\"https:\/\/www.europesays.com\/no\/wp-content\/uploads\/2026\/01\/1767959109_373_83956160.webp.webp\" width=\"980\" height=\"441\" title=\"Sl\u00e5r januar-alarm: - Et prissjokk\" alt=\"\" class=\"lazyload\" style=\"--aspect-ratio-image: 2.22; \"\/><\/p>\n<p>        Sl\u00e5r januar-alarm: &#8211; Et prissjokk<\/p>\n<p>    <\/a><\/p>\n<p>&#8211; Vil v\u00e6re d\u00e5rlig\t<\/p>\n<p>Sjef\u00f8konom i Interactive Brokers, Jose Torres, peker p\u00e5 flere ringvirkninger dersom USA mister inntektene fra tollsatsene.<\/p>\n<p>&#8211; Hvis retten blokkerer tollsatsene, kommer administrasjonen til \u00e5 finne omveier. President Trump er sv\u00e6rt ambisi\u00f8s n\u00e5r det gjelder \u00e5 f\u00e5 gjennom denne planen, til tross for de potensielle kontroversene som kan f\u00f8lge en slik avgj\u00f8relse.<\/p>\n<p class=\"font-weight-bold m-font-weight-bold\" data-lab-font_weight=\"font-weight-bold\">Han mener en tollblokkade blant annet vil sl\u00e5 negativt ut med tanke p\u00e5 \u00e5 flytte produksjon hjem til USA.\u00a0<\/p>\n<p>&#8211; Det vil v\u00e6re d\u00e5rlig for statsfinansene, og rentene vil g\u00e5 opp. Men det vil v\u00e6re bra for selskapsresultatene. Innsatsfaktorene blir billigere, og handelen g\u00e5r smidigere.<\/p>\n<p>    <a itemprop=\"url\" href=\"https:\/\/borsen.dagbladet.no\/nyheter\/na-kommer-smellen-betydelig\/83681870\" rel=\"nofollow noopener\" target=\"_blank\"><\/p>\n<p>        <img loading=\"lazy\" decoding=\"async\" src=\"https:\/\/www.europesays.com\/no\/wp-content\/uploads\/2026\/01\/83681953.webp.webp\" width=\"980\" height=\"441\" title=\"N\u00e5 kommer smellen: - Betydelig\" alt=\"\" class=\"lazyload\" style=\"--aspect-ratio-image: 2.22; \"\/><\/p>\n<p>        N\u00e5 kommer smellen: &#8211; Betydelig<\/p>\n<p>    <\/a><\/p>\n<p>&#8211; Et helsike\t<\/p>\n<p>Flere virksomheter frykter at avgj\u00f8relsen til H\u00f8yesterett vil skape fullstendig kaos, og at presidenten ikke vil gj\u00f8re det enkelt for dem \u00e5 f\u00e5 refusjon dersom tollsatsene underkjennes.\u00a0<\/p>\n<p>En av dem er Jim Estill, administrerende direkt\u00f8r i Danby Appliances, et kanadisk selskap som selger hvitevarer gjennom butikkkjeder som blant annet Home Depot. <\/p>\n<p class=\"font-weight-bold m-font-weight-bold\" data-lab-font_weight=\"font-weight-bold\">Virksomheten er blant dem som er omfattet av Trumps tollregime, og som hittil har betalt 7 millioner dollar i tollavgifter.\u00a0<\/p>\n<p> &#8211; Det ligger ikke i statens DNA \u00e5 gi tilbake penger. Og Trump har ikke et \u00f8nske om \u00e5 gi tilbake penger.\u00a0Det kommer bare til \u00e5 bli et helsike, sl\u00e5r han fast overfor Reuters.\u00a0<\/p>\n","protected":false},"excerpt":{"rendered":"Toll: Fredag kan USAs h\u00f8yesterett komme med en avgj\u00f8relse i tollsaken mot president Donald Trump. &#8211; Det kommer&hellip;\n","protected":false},"author":2,"featured_media":132950,"comment_status":"","ping_status":"","sticky":false,"template":"","format":"standard","meta":{"footnotes":""},"categories":[12],"tags":[15357,20,21,55,24,25,15,3426,22,23,13,30,28,29,14,16,365,26,27,50,42,43,44,45],"class_list":{"0":"post-132949","1":"post","2":"type-post","3":"status-publish","4":"format-standard","5":"has-post-thumbnail","7":"category-verden","8":"tag-avgjorelser","9":"tag-breaking-news","10":"tag-breakingnews","11":"tag-donald-trump","12":"tag-featured-news","13":"tag-featurednews","14":"tag-headlines","15":"tag-hoyesterett","16":"tag-latest-news","17":"tag-latestnews","18":"tag-news","19":"tag-no","20":"tag-norge","21":"tag-norway","22":"tag-nyheter","23":"tag-overskrifter","24":"tag-toll","25":"tag-top-stories","26":"tag-topstories","27":"tag-usa","28":"tag-verden","29":"tag-world","30":"tag-world-news","31":"tag-worldnews"},"share_on_mastodon":{"url":"https:\/\/pubeurope.com\/@no\/115864975635320398","error":""},"_links":{"self":[{"href":"https:\/\/www.europesays.com\/no\/wp-json\/wp\/v2\/posts\/132949","targetHints":{"allow":["GET"]}}],"collection":[{"href":"https:\/\/www.europesays.com\/no\/wp-json\/wp\/v2\/posts"}],"about":[{"href":"https:\/\/www.europesays.com\/no\/wp-json\/wp\/v2\/types\/post"}],"author":[{"embeddable":true,"href":"https:\/\/www.europesays.com\/no\/wp-json\/wp\/v2\/users\/2"}],"replies":[{"embeddable":true,"href":"https:\/\/www.europesays.com\/no\/wp-json\/wp\/v2\/comments?post=132949"}],"version-history":[{"count":0,"href":"https:\/\/www.europesays.com\/no\/wp-json\/wp\/v2\/posts\/132949\/revisions"}],"wp:featuredmedia":[{"embeddable":true,"href":"https:\/\/www.europesays.com\/no\/wp-json\/wp\/v2\/media\/132950"}],"wp:attachment":[{"href":"https:\/\/www.europesays.com\/no\/wp-json\/wp\/v2\/media?parent=132949"}],"wp:term":[{"taxonomy":"category","embeddable":true,"href":"https:\/\/www.europesays.com\/no\/wp-json\/wp\/v2\/categories?post=132949"},{"taxonomy":"post_tag","embeddable":true,"href":"https:\/\/www.europesays.com\/no\/wp-json\/wp\/v2\/tags?post=132949"}],"curies":[{"name":"wp","href":"https:\/\/api.w.org\/{rel}","templated":true}]}}