{"id":132951,"date":"2026-01-09T11:47:45","date_gmt":"2026-01-09T11:47:45","guid":{"rendered":"https:\/\/www.europesays.com\/no\/132951\/"},"modified":"2026-01-09T11:47:45","modified_gmt":"2026-01-09T11:47:45","slug":"helgelandssykehuset-helse-og-omsorg-helgelandssykehuset-forlenger-besoksstopp-smittebelastningen-kan-oke","status":"publish","type":"post","link":"https:\/\/www.europesays.com\/no\/132951\/","title":{"rendered":"Helgelandssykehuset, Helse og omsorg | Helgelandssykehuset forlenger bes\u00f8ksstopp: \u2013 Smittebelastningen kan \u00f8ke"},"content":{"rendered":"\n<p>\u2013 Vinterens influensautbrudd p\u00e5g\u00e5r fortsatt, og i store deler av landet kan det se ut til at smittetoppen er n\u00e5dd. P\u00e5 Helgeland startet utbruddet noe senere, og det er derfor mulig at den h\u00f8yeste smittebelastningen enn\u00e5 ikke er n\u00e5dd i regionen, informerer klinikksjef for medisinsk klinikk, Ole Johnny Pettersen. i en pressemelding.<\/p>\n<p>P\u00e5 grunn av smittepresset i samfunnet holdes sengepostene ved Helgelandssykehuset midlertidig stengt for bes\u00f8kende.<\/p>\n<p>\u2013 Tiltaket er iverksatt for \u00e5 forebygge smittespredning av influensa, covid-19 og andre luftveisinfeksjoner, samt for \u00e5 ivareta pasientsikkerheten og helsepersonellets arbeidsmilj\u00f8, sier Pettersen.<\/p>\n<p>Bes\u00f8ksrestriksjonene vil gjelde inntil smittepresset avtar. Det vil bli gitt ny informasjon n\u00e5r situasjonen endrer seg.<\/p>\n<p>  <a href=\"https:\/\/www.isandnessjoen.no\/5-108-189720\" class=\"related-teaser has-image default-story-teaser article--c-eRUmMG article--c-eRUmMG-jKCPdD-design-default\" rel=\"nofollow noopener\" target=\"_blank\"><\/p>\n<p>    <img decoding=\"async\" loading=\"lazy\"  src=\"https:\/\/www.europesays.com\/no\/wp-content\/uploads\/2026\/01\/5_108_154097+IMG_0094.jpg\" alt=\"\" class=\"brick-c-cFOWSL\" style=\"\"\/><\/p>\n<p>\n            Les ogs\u00e5<\/p>\n<p>              Stanser avdeling etter smitteutbrudd\n        <\/p>\n<p>  <\/a><\/p>\n","protected":false},"excerpt":{"rendered":"\u2013 Vinterens influensautbrudd p\u00e5g\u00e5r fortsatt, og i store deler av landet kan det se ut til at smittetoppen&hellip;\n","protected":false},"author":2,"featured_media":6042,"comment_status":"","ping_status":"","sticky":false,"template":"","format":"standard","meta":{"footnotes":""},"categories":[5],"tags":[465,36,20,21,24,25,15,40,39,19,22,23,17,18,13,30,28,29,14,16,1953,1510,26,27],"class_list":{"0":"post-132951","1":"post","2":"type-post","3":"status-publish","4":"format-standard","5":"has-post-thumbnail","7":"category-overskrifter","8":"tag-arbeidsliv","9":"tag-art","10":"tag-breaking-news","11":"tag-breakingnews","12":"tag-featured-news","13":"tag-featurednews","14":"tag-headlines","15":"tag-helgelandssykehuset","16":"tag-helse-og-omsorg","17":"tag-hovedoppslag","18":"tag-latest-news","19":"tag-latestnews","20":"tag-main-news","21":"tag-mainnews","22":"tag-news","23":"tag-no","24":"tag-norge","25":"tag-norway","26":"tag-nyheter","27":"tag-overskrifter","28":"tag-sandnessjoen","29":"tag-story","30":"tag-top-stories","31":"tag-topstories"},"share_on_mastodon":{"url":"https:\/\/pubeurope.com\/@no\/115864983690611140","error":""},"_links":{"self":[{"href":"https:\/\/www.europesays.com\/no\/wp-json\/wp\/v2\/posts\/132951","targetHints":{"allow":["GET"]}}],"collection":[{"href":"https:\/\/www.europesays.com\/no\/wp-json\/wp\/v2\/posts"}],"about":[{"href":"https:\/\/www.europesays.com\/no\/wp-json\/wp\/v2\/types\/post"}],"author":[{"embeddable":true,"href":"https:\/\/www.europesays.com\/no\/wp-json\/wp\/v2\/users\/2"}],"replies":[{"embeddable":true,"href":"https:\/\/www.europesays.com\/no\/wp-json\/wp\/v2\/comments?post=132951"}],"version-history":[{"count":0,"href":"https:\/\/www.europesays.com\/no\/wp-json\/wp\/v2\/posts\/132951\/revisions"}],"wp:featuredmedia":[{"embeddable":true,"href":"https:\/\/www.europesays.com\/no\/wp-json\/wp\/v2\/media\/6042"}],"wp:attachment":[{"href":"https:\/\/www.europesays.com\/no\/wp-json\/wp\/v2\/media?parent=132951"}],"wp:term":[{"taxonomy":"category","embeddable":true,"href":"https:\/\/www.europesays.com\/no\/wp-json\/wp\/v2\/categories?post=132951"},{"taxonomy":"post_tag","embeddable":true,"href":"https:\/\/www.europesays.com\/no\/wp-json\/wp\/v2\/tags?post=132951"}],"curies":[{"name":"wp","href":"https:\/\/api.w.org\/{rel}","templated":true}]}}