{"id":132958,"date":"2026-01-09T11:53:09","date_gmt":"2026-01-09T11:53:09","guid":{"rendered":"https:\/\/www.europesays.com\/no\/132958\/"},"modified":"2026-01-09T11:53:09","modified_gmt":"2026-01-09T11:53:09","slug":"brannsjef-etter-tragedien-noe-uventet-skjedde","status":"publish","type":"post","link":"https:\/\/www.europesays.com\/no\/132958\/","title":{"rendered":"Brannsjef etter tragedien: \u2013 Noe uventet skjedde"},"content":{"rendered":"\n<p class=\"_lead_o9xde_2 _lead_xtcu6_50 layout-component text-serif-m layout-normal text-serif-l layout-component layout-wide layout-padded _wide_17hqh_1 layout-padded\">Brannmennene Geir Otto Lein Johnson (58) og Roger Kvello Hansen (51) omkom i brannen i Verdal.<\/p>\n<p><img alt=\"Geir Otto Lein Johnson (58) og Roger Kvello Hansen (51). Foto: Politiet\" class=\"_image_qp4xg_65 layout-component layout-wide\" data-fullscreen- data-track-element-type=\"Article image fullscreen\" data-track-name=\"ImageFullscreen\" fetchpriority=\"high\" decoding=\"sync\" loading=\"eager\" height=\"1417\" itemprop=\"image\"  src=\"https:\/\/www.europesays.com\/no\/wp-content\/uploads\/2026\/01\/a67b7e47-483d-48b0-b327-3bedd4b5f357.jpeg\"  style=\"object-position:0% 0%\" width=\"1890\"\/>Geir Otto Lein Johnson (58) og Roger Kvello Hansen (51). Foto: PolitietRapporterer fra Verdal Oppdatert fredag 9. januar kl. 12:52     <\/p>\n<p class=\"_paragraph_o9xde_4 _paragraph_xtcu6_10 layout-component text-serif-m layout-normal text-serif-m layout-padded\">Natt til onsdag mistet to r\u00f8ykdykkere livet i en brann i <a href=\"https:\/\/www.vg.no\/tag\/verdal?utm_source=vg-article&amp;utm_medium=auto-tagger&amp;utm_campaign=L4n0Jp\" class=\"_link_o9xde_39\" rel=\"nofollow noopener\" target=\"_blank\">Verdal<\/a>. N\u00e5 frigis navn og bilder med samtykke fra de avd\u00f8des p\u00e5r\u00f8rende.<\/p>\n<p class=\"_paragraph_o9xde_4 _paragraph_xtcu6_10 layout-component text-serif-m layout-normal text-serif-m layout-padded\">Det var brannmennene Geir Otto Lein Johnson (58) og Roger Kvello Hansen (51) som omkom.<\/p>\n<p><img alt=\"Foto: Fredrik Ouren Jostad \/ VG\" class=\"_image_qp4xg_65 layout-component layout-normal\" data-fullscreen- data-track-element-type=\"Article image fullscreen\" data-track-name=\"ImageFullscreen\" decoding=\"async\" loading=\"lazy\" height=\"5464\" itemprop=\"image\"  src=\"https:\/\/www.europesays.com\/no\/wp-content\/uploads\/2026\/01\/dde30c3f-7e24-4fff-8f77-749650e5d1d6.jpeg\"  style=\"object-position:0% 0%\" width=\"8192\"\/>Foto: Fredrik Ouren Jostad \/ VG<\/p>\n<p class=\"_paragraph_o9xde_4 _paragraph_xtcu6_10 layout-component text-serif-m layout-normal text-serif-m layout-padded\">Geir Otto Johnson fikk i 2021 den h\u00f8ythengende brann\u00f8ksa etter \u00e5 ha v\u00e6rt ansatt ved brannstasjonen i Verdal i tjue \u00e5r. Han arbeidet p\u00e5 forebyggende avdeling i Brannvesenet Midt som feier.<\/p>\n<p class=\"_paragraph_o9xde_4 _paragraph_xtcu6_10 layout-component text-serif-m layout-normal text-serif-m layout-padded\">\u2013 Jeg har vekket kone og barn mange ganger. Men jeg er veldig stolt over at brannvesenet i Verdal er klare til utrykning i l\u00f8pet av fire minutter uansett n\u00e5r ting skjer, med deltidsmannskapene v\u00e5re, sa Johnson til lokalavisen <a href=\"https:\/\/www.innherred.no\/nyheter\/n\/mrvaav\/hedret-etter-tjue-aar-jeg-har-vaert-heldig-og-har-hatt-gode-kolleger\" class=\"_link_o9xde_39\" rel=\"nofollow noopener\" target=\"_blank\">Innherred<\/a> da han ble hedret av Brannmannskapenes forening i 2021.<\/p>\n<p class=\"_paragraph_o9xde_4 _paragraph_xtcu6_10 layout-component text-serif-m layout-normal text-serif-m layout-padded\">Av sine kollegaer blir Johnson beskrevet som en lun, god og varm person \u2013 en flott mann p\u00e5 alle m\u00e5ter, skriver kommunen. Han hadde alle de egenskapene man kan \u00f8nske seg hos en brannmann og medmenneske, forteller n\u00e6re kollegaer.<\/p>\n<p class=\"_paragraph_o9xde_4 _paragraph_xtcu6_10 layout-component text-serif-m layout-normal text-serif-m layout-padded\">Johnson var alltid den som m\u00f8tte tidligst p\u00e5 jobb og hadde kaffen klar n\u00e5r vi andre kom p\u00e5 jobb om morgenen if\u00f8lge sine kollegaer, som n\u00e5 opplever et stort tap.<\/p>\n<p class=\"_paragraph_o9xde_4 _paragraph_xtcu6_10 layout-component text-serif-m layout-normal text-serif-m layout-padded\">F\u00f8r han startet i brannvesenet jobbet Johnson som m\u00f8belsnekker.<\/p>\n<p class=\"_paragraph_o9xde_4 _paragraph_xtcu6_10 layout-component text-serif-m layout-normal text-serif-m layout-padded\">Under helikopterulykken i Verdal i 2002 var Geir Otto Johnson og en kollega de f\u00f8rste som kom frem til ulykken hvor to personer d\u00f8de. De var ikke p\u00e5 vakt, men kastet seg inn i tankbilen p\u00e5 brannstasjonen og kj\u00f8rte i retning Stiklestad, if\u00f8lge <a href=\"https:\/\/www.innherred.no\/nyheter\/n\/25LOPB\/tilbake-paa-ulykkesstedet-det-var-lite-tegn-til-haap\" class=\"_link_o9xde_39\" rel=\"nofollow noopener\" target=\"_blank\">Innherred<\/a>.<\/p>\n<p><img alt=\"Torsdag var det flagget p\u00e5 halv stang utenfor Verdals\u00f8ra barne- og ungdomsskole.  Foto: Fredrik Ouren Jostad \/ VG\" class=\"_image_qp4xg_65 layout-component layout-normal\" data-fullscreen- data-track-element-type=\"Article image fullscreen\" data-track-name=\"ImageFullscreen\" decoding=\"async\" loading=\"lazy\" height=\"5464\" itemprop=\"image\"  src=\"https:\/\/www.europesays.com\/no\/wp-content\/uploads\/2026\/01\/618285e5-c686-4486-afee-0b07e99e34b2.png\"  style=\"object-position:0% 0%\" width=\"8192\"\/>Torsdag var det flagget p\u00e5 halv stang utenfor Verdals\u00f8ra barne- og ungdomsskole.  Foto: Fredrik Ouren Jostad \/ VG<\/p>\n<p class=\"_paragraph_o9xde_4 _paragraph_xtcu6_10 layout-component text-serif-m layout-normal text-serif-m layout-padded\">Roger Kvello Hansen var avdelingsleder ved Verdals\u00f8ra ungdomsskole og deltidsbrannmann. Han har v\u00e6rt ansatt i Verdal kommune siden 1999.<\/p>\n<p class=\"_paragraph_o9xde_4 _paragraph_xtcu6_10 layout-component text-serif-m layout-normal text-serif-m layout-padded\">Han var ogs\u00e5 aktiv i Verdal idrettslag og hadde flere lederroller i fotballgruppa i klubben. Han satt ogs\u00e5 i styret i Stiklestad golfklubb.<\/p>\n<p class=\"_paragraph_o9xde_4 _paragraph_xtcu6_10 layout-component text-serif-m layout-normal text-serif-m layout-padded\">Hansen hadde jobbet som deltidsbrannmann i Brannvesenet Midt siden 2008.<\/p>\n<p><img alt=\"Foto: Fredrik Ouren Jostad \/ VG\" class=\"_image_qp4xg_65 layout-component layout-normal\" data-fullscreen- data-track-element-type=\"Article image fullscreen\" data-track-name=\"ImageFullscreen\" decoding=\"async\" loading=\"lazy\" height=\"5464\" itemprop=\"image\"  src=\"https:\/\/www.europesays.com\/no\/wp-content\/uploads\/2026\/01\/1767959588_909_39a4fa3f-807f-4890-a04f-060289ca4bac.png\"  style=\"object-position:0% 0%\" width=\"7282\"\/>Foto: Fredrik Ouren Jostad \/ VG<\/p>\n<p class=\"_paragraph_o9xde_4 _paragraph_xtcu6_10 layout-component text-serif-m layout-normal text-serif-m layout-padded\">D\u00f8dsfallene preger Verdals\u00f8ra.<\/p>\n<p class=\"_paragraph_o9xde_4 _paragraph_xtcu6_10 layout-component text-serif-m layout-normal text-serif-m layout-padded\">\u2013 Hele byen er preget av den tragiske hendelsen og mange legger ned roser og lys ved brannstasjonen. Det er viktig at vi tar vare p\u00e5 hverandre, sier prost Christine Waanders til VG.<\/p>\n<p class=\"_paragraph_o9xde_4 _paragraph_xtcu6_10 layout-component text-serif-m layout-normal text-serif-m layout-padded\">If\u00f8lge brannsjef H\u00e5vard Bye var ikke brannen spesielt stor da de f\u00f8rste mannskapene kom til stedet og det ble bestemt at man skulle g\u00e5 inn med r\u00f8ykdykkere. <\/p>\n<p class=\"_paragraph_o9xde_4 _paragraph_xtcu6_10 layout-component text-serif-m layout-normal text-serif-m layout-padded\">Mens r\u00f8ykdykkerne var inne i huset, utviklet brannen seg plutselig og voldsomt.<\/p>\n<p><img alt=\"Brannsjef H\u00e5vard Bye.  Foto: Fredrik Ouren Jostad \/ VG\" class=\"_image_qp4xg_65 layout-component layout-normal\" data-fullscreen- data-track-element-type=\"Article image fullscreen\" data-track-name=\"ImageFullscreen\" decoding=\"async\" loading=\"lazy\" height=\"4893\" itemprop=\"image\"  src=\"https:\/\/www.europesays.com\/no\/wp-content\/uploads\/2026\/01\/02c9d339-d696-4f22-9777-447a3a0b267c.jpeg\"  style=\"object-position:0% 0%\" width=\"6522\"\/>Brannsjef H\u00e5vard Bye.  Foto: Fredrik Ouren Jostad \/ VG<\/p>\n<p class=\"_paragraph_o9xde_4 _paragraph_xtcu6_10 layout-component text-serif-m layout-normal text-serif-m layout-padded\">32 minutter etter at brannvesenet ankom, ble det klart at r\u00f8ykdykkerne ikke lenger svarte p\u00e5 sambandet. Da var brannen s\u00e5 kraftig at det ikke lot seg gj\u00f8re \u00e5 sende inn nye r\u00f8ykdykkere for \u00e5 lete etter dem.<\/p>\n<p> Etterforskes<\/p>\n<p class=\"_paragraph_o9xde_4 _paragraph_xtcu6_10 layout-component text-serif-m layout-normal text-serif-m layout-padded\">Det lokale brannvesenet er i sorg over \u00e5 ha mistet to av sine egne. Brannsjef H\u00e5vard Bye var tydelig preget da han <a href=\"https:\/\/www.vg.no\/nyheter\/i\/xrPxJR\/brannsjef-sier-rutinene-ble-fulgt-noe-uventet-skjedde\" data-track-element-type=\"Link\" data-track-id=\"link:xrPxJR\" class=\"_link_o9xde_39\" rel=\"nofollow noopener\" target=\"_blank\">m\u00f8tte VG p\u00e5 brannstasjonen i Verdal p\u00e5 torsdag<\/a>. <\/p>\n<p class=\"_paragraph_o9xde_4 _paragraph_xtcu6_10 layout-component text-serif-m layout-normal text-serif-m layout-padded\">\u2013 Vi har et h\u00f8yt fokus p\u00e5 sikkerhet. At elleve personer tolker risikoen som liten, og s\u00e5 ender vi med den katastrofen her &#8230; Det tenker vi litt p\u00e5 n\u00e5, sa Bye.<\/p>\n<p class=\"_paragraph_o9xde_4 _paragraph_xtcu6_10 layout-component text-serif-m layout-normal text-serif-m layout-padded\">De to omkomne var erfarne r\u00f8ykdykkere som jobbet deltid i brannvesenet.<\/p>\n<p><img alt=\"Foto: Fredrik Ouren Jostad \/ VG\" class=\"_image_qp4xg_65 layout-component layout-normal\" data-fullscreen- data-track-element-type=\"Article image fullscreen\" data-track-name=\"ImageFullscreen\" decoding=\"async\" loading=\"lazy\" height=\"5464\" itemprop=\"image\"  src=\"https:\/\/www.europesays.com\/no\/wp-content\/uploads\/2026\/01\/1dbf71bb-d010-45a7-aee1-28537bb52006.png\"  style=\"object-position:0% 0%\" width=\"8192\"\/>Foto: Fredrik Ouren Jostad \/ VG<\/p>\n<p class=\"_paragraph_o9xde_4 _paragraph_xtcu6_10 layout-component text-serif-m layout-normal text-serif-m layout-padded\">Bye var ikke p\u00e5 stedet selv da huset brant. Han vet ikke hvorfor brannen plutselig utviklet seg s\u00e5 voldsomt.<\/p>\n<p class=\"_paragraph_o9xde_4 _paragraph_xtcu6_10 layout-component text-serif-m layout-normal text-serif-m layout-padded\">Politiet etterforsker n\u00e5 brannen i to spor \u2013 b\u00e5de hvordan brannen oppsto og foranledningen til at to personer omkom.<\/p>\n<p class=\"_paragraph_o9xde_4 _paragraph_xtcu6_10 layout-component text-serif-m layout-normal text-serif-m layout-padded\">\u2013 Vi har ingen indikasjoner p\u00e5 at det er gjort noe feil. Vurderingene som ble gjort p\u00e5 stedet, var riktige, sier Bye.<\/p>\n<p class=\"_paragraph_o9xde_4 _paragraph_xtcu6_10 layout-component text-serif-m layout-normal text-serif-m layout-padded\">Det er sjelden at brannfolk d\u00f8r i tjeneste. Fem personer har omkommet de siste 25 \u00e5rene.<\/p>\n","protected":false},"excerpt":{"rendered":"Brannmennene Geir Otto Lein Johnson (58) og Roger Kvello Hansen (51) omkom i brannen i Verdal. Geir Otto&hellip;\n","protected":false},"author":2,"featured_media":132959,"comment_status":"","ping_status":"","sticky":false,"template":"","format":"standard","meta":{"footnotes":""},"categories":[10],"tags":[5847,847,31,20,21,24,25,15,22,23,13,30,28,29,14,16,26,27,2133,46],"class_list":{"0":"post-132958","1":"post","2":"type-post","3":"status-publish","4":"format-standard","5":"has-post-thumbnail","7":"category-norge","8":"tag-branner","9":"tag-brannvesenet","10":"tag-breaking","11":"tag-breaking-news","12":"tag-breakingnews","13":"tag-featured-news","14":"tag-featurednews","15":"tag-headlines","16":"tag-latest-news","17":"tag-latestnews","18":"tag-news","19":"tag-no","20":"tag-norge","21":"tag-norway","22":"tag-nyheter","23":"tag-overskrifter","24":"tag-top-stories","25":"tag-topstories","26":"tag-verdal","27":"tag-vgai"},"share_on_mastodon":{"url":"https:\/\/pubeurope.com\/@no\/115865007106281292","error":""},"_links":{"self":[{"href":"https:\/\/www.europesays.com\/no\/wp-json\/wp\/v2\/posts\/132958","targetHints":{"allow":["GET"]}}],"collection":[{"href":"https:\/\/www.europesays.com\/no\/wp-json\/wp\/v2\/posts"}],"about":[{"href":"https:\/\/www.europesays.com\/no\/wp-json\/wp\/v2\/types\/post"}],"author":[{"embeddable":true,"href":"https:\/\/www.europesays.com\/no\/wp-json\/wp\/v2\/users\/2"}],"replies":[{"embeddable":true,"href":"https:\/\/www.europesays.com\/no\/wp-json\/wp\/v2\/comments?post=132958"}],"version-history":[{"count":0,"href":"https:\/\/www.europesays.com\/no\/wp-json\/wp\/v2\/posts\/132958\/revisions"}],"wp:featuredmedia":[{"embeddable":true,"href":"https:\/\/www.europesays.com\/no\/wp-json\/wp\/v2\/media\/132959"}],"wp:attachment":[{"href":"https:\/\/www.europesays.com\/no\/wp-json\/wp\/v2\/media?parent=132958"}],"wp:term":[{"taxonomy":"category","embeddable":true,"href":"https:\/\/www.europesays.com\/no\/wp-json\/wp\/v2\/categories?post=132958"},{"taxonomy":"post_tag","embeddable":true,"href":"https:\/\/www.europesays.com\/no\/wp-json\/wp\/v2\/tags?post=132958"}],"curies":[{"name":"wp","href":"https:\/\/api.w.org\/{rel}","templated":true}]}}