{"id":132962,"date":"2026-01-09T11:57:09","date_gmt":"2026-01-09T11:57:09","guid":{"rendered":"https:\/\/www.europesays.com\/no\/132962\/"},"modified":"2026-01-09T11:57:09","modified_gmt":"2026-01-09T11:57:09","slug":"15-meter-under-havoverflaten-kan-forskere-ha-lost-et-gammelt-mysterium-om-menneskets-sovn","status":"publish","type":"post","link":"https:\/\/www.europesays.com\/no\/132962\/","title":{"rendered":"15 meter under havoverflaten kan forskere ha l\u00f8st et gammelt mysterium om menneskets s\u00f8vn"},"content":{"rendered":"<p>I laboratorier og fra sitt naturlige milj\u00f8 i Key Largo, rundt 15 meter under havoverflaten, har forskerne observert at de gel\u00e9aktige virvell\u00f8se dyrene beveger seg langsommere om natten.<\/p>\n<p>Samtidig reagerer de langsomt p\u00e5 lys og mat, og de forblir stort sett ur\u00f8rlige i m\u00f8rke perioder. I tillegg tar de korte middagslurer, akkurat som noen av oss.<\/p>\n<p>Teamet oppdaget ogs\u00e5 at sj\u00f8anemonen Nematostella vectensis befinner seg i en s\u00f8vnlignende tilstand en tredjedel av tiden \u2013 men hovedsakelig om dagen.<\/p>\n","protected":false},"excerpt":{"rendered":"I laboratorier og fra sitt naturlige milj\u00f8 i Key Largo, rundt 15 meter under havoverflaten, har forskerne observert&hellip;\n","protected":false},"author":2,"featured_media":132963,"comment_status":"","ping_status":"","sticky":false,"template":"","format":"standard","meta":{"footnotes":""},"categories":[57],"tags":[30,28,29,65,63,64,66,70,69,67,68],"class_list":{"0":"post-132962","1":"post","2":"type-post","3":"status-publish","4":"format-standard","5":"has-post-thumbnail","7":"category-vitenskap-og-teknologi","8":"tag-no","9":"tag-norge","10":"tag-norway","11":"tag-science","12":"tag-science-and-technology","13":"tag-scienceandtechnology","14":"tag-technology","15":"tag-teknologi","16":"tag-vitenskap","17":"tag-vitenskap-og-teknologi","18":"tag-vitenskapteknologi"},"share_on_mastodon":{"url":"https:\/\/pubeurope.com\/@no\/115865022773569997","error":""},"_links":{"self":[{"href":"https:\/\/www.europesays.com\/no\/wp-json\/wp\/v2\/posts\/132962","targetHints":{"allow":["GET"]}}],"collection":[{"href":"https:\/\/www.europesays.com\/no\/wp-json\/wp\/v2\/posts"}],"about":[{"href":"https:\/\/www.europesays.com\/no\/wp-json\/wp\/v2\/types\/post"}],"author":[{"embeddable":true,"href":"https:\/\/www.europesays.com\/no\/wp-json\/wp\/v2\/users\/2"}],"replies":[{"embeddable":true,"href":"https:\/\/www.europesays.com\/no\/wp-json\/wp\/v2\/comments?post=132962"}],"version-history":[{"count":0,"href":"https:\/\/www.europesays.com\/no\/wp-json\/wp\/v2\/posts\/132962\/revisions"}],"wp:featuredmedia":[{"embeddable":true,"href":"https:\/\/www.europesays.com\/no\/wp-json\/wp\/v2\/media\/132963"}],"wp:attachment":[{"href":"https:\/\/www.europesays.com\/no\/wp-json\/wp\/v2\/media?parent=132962"}],"wp:term":[{"taxonomy":"category","embeddable":true,"href":"https:\/\/www.europesays.com\/no\/wp-json\/wp\/v2\/categories?post=132962"},{"taxonomy":"post_tag","embeddable":true,"href":"https:\/\/www.europesays.com\/no\/wp-json\/wp\/v2\/tags?post=132962"}],"curies":[{"name":"wp","href":"https:\/\/api.w.org\/{rel}","templated":true}]}}