{"id":132966,"date":"2026-01-09T12:00:32","date_gmt":"2026-01-09T12:00:32","guid":{"rendered":"https:\/\/www.europesays.com\/no\/132966\/"},"modified":"2026-01-09T12:00:32","modified_gmt":"2026-01-09T12:00:32","slug":"forerkort-synstest-hundrevis-kan-ha-mistet-forerkortet-ved-en-feil-etter-uegnet-synstest","status":"publish","type":"post","link":"https:\/\/www.europesays.com\/no\/132966\/","title":{"rendered":"F\u00f8rerkort, Synstest | Hundrevis kan ha mistet f\u00f8rerkortet ved en feil etter uegnet synstest"},"content":{"rendered":"\n<p>Det kommer frem i en ny doktoravhandling fra \u00f8yelege og forsker Thea Melsen Sudmann ved Universitetet i Oslo (UiO) og Oslo universitetssykehus, skriver <a href=\"https:\/\/www.uio.no\/forskning\/forskningsnytt\/apollon\/artikler\/2026\/1_forerkort.html\" rel=\"noopener nofollow\" target=\"_blank\">Apollon<\/a>.<\/p>\n<p>If\u00f8lge studien er dagens metode for \u00e5 teste sidesynet uegnet til \u00e5 vurdere om en person faktisk er skikket til \u00e5 kj\u00f8re bil. Sudmann peker p\u00e5 at s\u00e5 mange som to tredjedeler av de som har mistet f\u00f8rerkortet de siste ti \u00e5rene p\u00e5 grunn av denne testen, kan ha gjort det uten grunn.<\/p>\n<p>\u2013 Testen ble laget for \u00e5 m\u00e5le synsfunksjonen, men brukes i dag til \u00e5 vurdere om man er egnet til \u00e5 kj\u00f8re bil, poengterer Thea Melsen Sudmann til Apollon.<\/p>\n<p>Advarer mot frivillige tester<\/p>\n<p>Siden testen ble en del av det norske regelverket for ti \u00e5r siden, har optikere og \u00f8yeleger v\u00e6rt p\u00e5lagt \u00e5 gjennomf\u00f8re den ved mistanke om svekket sidesyn. Sudmann forklarer at hun synes det er tungt \u00e5 bruke et verkt\u00f8y hun vet fungerer d\u00e5rlig.<\/p>\n<p>\u2013 Det smerter meg \u00e5 gjennomf\u00f8re denne testen p\u00e5 pasientene mine. Det \u00e5 frata noen f\u00f8rerkortet p\u00e5 bakgrunn av en test som vi vet er d\u00e5rlig egnet, opplever jeg som vanskelig, selv om dette er et krav i regelverket som jeg er forpliktet til \u00e5 f\u00f8lge, beklager hun.<\/p>\n<p>Forskeren kommer ogs\u00e5 med en klar advarsel til de som vurderer \u00e5 ta testen uten at det er strengt n\u00f8dvendig, for eksempel i forbindelse med kj\u00f8p av nye briller.<\/p>\n<p>\u2013 Jeg anbefaler ingen \u00e5 ta denne testen frivillig, vilk\u00e5rlig eller som en ekstra sjekk ved kj\u00f8p av nye briller. Hvis man ikke best\u00e5r testen, er b\u00e5de leger og optikere forpliktet til \u00e5 varsle myndighetene. Da ryker f\u00f8rerkortet.<\/p>\n<p>Myndighetene vurderer endringer<\/p>\n<p>Helsedirektoratet er kjent med de nye forskningsresultatene. <\/p>\n<p>Avdelingsdirekt\u00f8r Helga Katharina Haug bekrefter at de n\u00e5 ser p\u00e5 om kravene b\u00f8r endres.<\/p>\n<p>\u2013 Forskningsresultatene gir grunn til \u00e5 vurdere om det er mulig at flere personer med synsfeltutfall kan kj\u00f8re bil uten at det gir \u00f8kt risiko i trafikken, p\u00e5peker Haug overfor Apollon.<\/p>\n<p>Direktoratet opplyser at arbeidet med \u00e5 vurdere helsekravene p\u00e5g\u00e5r, men at det forel\u00f8pig ikke er trukket noen endelig konklusjon.<\/p>\n","protected":false},"excerpt":{"rendered":"Det kommer frem i en ny doktoravhandling fra \u00f8yelege og forsker Thea Melsen Sudmann ved Universitetet i Oslo&hellip;\n","protected":false},"author":2,"featured_media":132967,"comment_status":"","ping_status":"","sticky":false,"template":"","format":"standard","meta":{"footnotes":""},"categories":[10],"tags":[36,20,21,24,25,2885,354,15,22,23,13,30,28,29,14,16,1510,15352,26,27],"class_list":{"0":"post-132966","1":"post","2":"type-post","3":"status-publish","4":"format-standard","5":"has-post-thumbnail","7":"category-norge","8":"tag-art","9":"tag-breaking-news","10":"tag-breakingnews","11":"tag-featured-news","12":"tag-featurednews","13":"tag-forskning","14":"tag-forerkort","15":"tag-headlines","16":"tag-latest-news","17":"tag-latestnews","18":"tag-news","19":"tag-no","20":"tag-norge","21":"tag-norway","22":"tag-nyheter","23":"tag-overskrifter","24":"tag-story","25":"tag-synstest","26":"tag-top-stories","27":"tag-topstories"},"share_on_mastodon":{"url":"https:\/\/pubeurope.com\/@no\/115865034591450129","error":""},"_links":{"self":[{"href":"https:\/\/www.europesays.com\/no\/wp-json\/wp\/v2\/posts\/132966","targetHints":{"allow":["GET"]}}],"collection":[{"href":"https:\/\/www.europesays.com\/no\/wp-json\/wp\/v2\/posts"}],"about":[{"href":"https:\/\/www.europesays.com\/no\/wp-json\/wp\/v2\/types\/post"}],"author":[{"embeddable":true,"href":"https:\/\/www.europesays.com\/no\/wp-json\/wp\/v2\/users\/2"}],"replies":[{"embeddable":true,"href":"https:\/\/www.europesays.com\/no\/wp-json\/wp\/v2\/comments?post=132966"}],"version-history":[{"count":0,"href":"https:\/\/www.europesays.com\/no\/wp-json\/wp\/v2\/posts\/132966\/revisions"}],"wp:featuredmedia":[{"embeddable":true,"href":"https:\/\/www.europesays.com\/no\/wp-json\/wp\/v2\/media\/132967"}],"wp:attachment":[{"href":"https:\/\/www.europesays.com\/no\/wp-json\/wp\/v2\/media?parent=132966"}],"wp:term":[{"taxonomy":"category","embeddable":true,"href":"https:\/\/www.europesays.com\/no\/wp-json\/wp\/v2\/categories?post=132966"},{"taxonomy":"post_tag","embeddable":true,"href":"https:\/\/www.europesays.com\/no\/wp-json\/wp\/v2\/tags?post=132966"}],"curies":[{"name":"wp","href":"https:\/\/api.w.org\/{rel}","templated":true}]}}