{"id":132968,"date":"2026-01-09T12:02:07","date_gmt":"2026-01-09T12:02:07","guid":{"rendered":"https:\/\/www.europesays.com\/no\/132968\/"},"modified":"2026-01-09T12:02:07","modified_gmt":"2026-01-09T12:02:07","slug":"dette-ma-bli-bedre-uansett-hvem-som-far-jobben","status":"publish","type":"post","link":"https:\/\/www.europesays.com\/no\/132968\/","title":{"rendered":"Dette m\u00e5 bli bedre uansett hvem som f\u00e5r jobben"},"content":{"rendered":"<p>        Andrew Kearns &#8211; CameraSport\n    <\/p>\n<p>Manchester United har et h\u00e5p om \u00e5 kvalifisere seg til neste sesongs Champions League, og har hatt mange muligheter i det siste til \u00e5 klatre opp p\u00e5 en av tabellplasseringene som vil gi Champions League-plass.\u00a0<\/p>\n<p>Dessverre har United misbrukt de mulighetene.\u00a0<\/p>\n<p>Uansett om det blir Michael Carrick, Ole Gunnar Solskj\u00e6r eller Darren Fletcher (eller noen helt andre for den saks skyld) som styrer ut sesongen, s\u00e5 er det uansett noe som m\u00e5 bli bedre resten av sesongen \u2013 og ogs\u00e5 i fortsettelsen:\u00a0<\/p>\n<p>                F\u00e5 med deg alt fra Supporterklubben<\/p>\n<ul>\n<li>Tilgang til alt innhold p\u00e5 united.no<\/li>\n<li>Tilgang til podkasten Uno+<\/li>\n<li>Billetter og turer til Old Trafford<\/li>\n<li>Gode rabatter i nettbutikken<\/li>\n<li>Medlemspris p\u00e5 Viaplay Total<\/li>\n<\/ul>\n<p class=\"price_description\">Kun kr 29,- \/m\u00e5ned. Betales \u00e5rlig.<\/p>\n<p>\n                    <a class=\"lab-paywall-teaser-offer-button\" href=\"https:\/\/api.united.no\/paywall\/order?providerUrl=https%3A%2F%2Fminside.united.no%2Fno%2Fcheckout%2Funitedmedlemsskap&amp;siteAlias=united&amp;&amp;siteId=2&amp;contentUrl=https%3A%2F%2Fwww.united.no%2Fnyheter%2Fdette-ma-bli-bedre-uansett-hvem-som-far-jobben%2F1413677\" rel=\"nofollow noopener\" target=\"_blank\">Bli medlem n\u00e5<\/a>\n                <\/p>\n","protected":false},"excerpt":{"rendered":"Andrew Kearns &#8211; CameraSport Manchester United har et h\u00e5p om \u00e5 kvalifisere seg til neste sesongs Champions League,&hellip;\n","protected":false},"author":2,"featured_media":132969,"comment_status":"","ping_status":"","sticky":false,"template":"","format":"standard","meta":{"footnotes":""},"categories":[59],"tags":[30,28,29,83,82],"class_list":{"0":"post-132968","1":"post","2":"type-post","3":"status-publish","4":"format-standard","5":"has-post-thumbnail","7":"category-sport","8":"tag-no","9":"tag-norge","10":"tag-norway","11":"tag-sport","12":"tag-sports"},"share_on_mastodon":{"url":"https:\/\/pubeurope.com\/@no\/115865042472999303","error":""},"_links":{"self":[{"href":"https:\/\/www.europesays.com\/no\/wp-json\/wp\/v2\/posts\/132968","targetHints":{"allow":["GET"]}}],"collection":[{"href":"https:\/\/www.europesays.com\/no\/wp-json\/wp\/v2\/posts"}],"about":[{"href":"https:\/\/www.europesays.com\/no\/wp-json\/wp\/v2\/types\/post"}],"author":[{"embeddable":true,"href":"https:\/\/www.europesays.com\/no\/wp-json\/wp\/v2\/users\/2"}],"replies":[{"embeddable":true,"href":"https:\/\/www.europesays.com\/no\/wp-json\/wp\/v2\/comments?post=132968"}],"version-history":[{"count":0,"href":"https:\/\/www.europesays.com\/no\/wp-json\/wp\/v2\/posts\/132968\/revisions"}],"wp:featuredmedia":[{"embeddable":true,"href":"https:\/\/www.europesays.com\/no\/wp-json\/wp\/v2\/media\/132969"}],"wp:attachment":[{"href":"https:\/\/www.europesays.com\/no\/wp-json\/wp\/v2\/media?parent=132968"}],"wp:term":[{"taxonomy":"category","embeddable":true,"href":"https:\/\/www.europesays.com\/no\/wp-json\/wp\/v2\/categories?post=132968"},{"taxonomy":"post_tag","embeddable":true,"href":"https:\/\/www.europesays.com\/no\/wp-json\/wp\/v2\/tags?post=132968"}],"curies":[{"name":"wp","href":"https:\/\/api.w.org\/{rel}","templated":true}]}}