{"id":13298,"date":"2025-08-20T15:05:11","date_gmt":"2025-08-20T15:05:11","guid":{"rendered":"https:\/\/www.europesays.com\/no\/13298\/"},"modified":"2025-08-20T15:05:11","modified_gmt":"2025-08-20T15:05:11","slug":"sport-toppidrett-kristoffer-39-blir-forst-pa-haugalandet","status":"publish","type":"post","link":"https:\/\/www.europesays.com\/no\/13298\/","title":{"rendered":"Sport, Toppidrett | Kristoffer (39) blir f\u00f8rst p\u00e5 Haugalandet"},"content":{"rendered":"\n<p><b>TOPPIDRETT:<\/b> For snart fire m\u00e5neder siden kom regionleder i Olympiatoppen S\u00f8rvest, Morten Eklund, med en aldri s\u00e5 liten gladnyhet i Haugesunds Avis.<\/p>\n<p><b>\u2013 N\u00e5 kan vi g\u00e5 i gang, sa Eklund forn\u00f8yd.<\/b><\/p>\n<p>Han snakket om det som ble kalt \u00abHaugalandsl\u00f8ftet\u00bb:<\/p>\n<p>At Olympiatoppen endelig skulle \u00e5pne sin egen avdeling p\u00e5 Haugalandet.<\/p>\n<p>  <a href=\"https:\/\/www.h-avis.no\/5-62-1852733\" class=\"related-teaser has-image default-story-teaser article--c-eRUmMG article--c-eRUmMG-jKCPdD-design-default\" rel=\"nofollow noopener\" target=\"_blank\"><\/p>\n<p>    <img decoding=\"async\" loading=\"lazy\"  src=\"https:\/\/www.europesays.com\/no\/wp-content\/uploads\/2025\/08\/IMG_9419.jpeg\" alt=\"\" class=\"brick-c-cFOWSL\" style=\"\"\/><\/p>\n<p>\n            Les ogs\u00e5<\/p>\n<p>              N\u00e5 skjer det endelig \u2013 Olympiatoppen til Haugalandet\n        <\/p>\n<p>  <\/a><br \/>\n  Bakgrunnen taler for seg<\/p>\n<p>N\u00e5 kan Eklund dele nok en gladnyhet:<\/p>\n<p>Olympiatoppen har nemlig ansatt Kristoffer Froestad (39) fra Haugesund som  p\u00e5 Haugalandet.<\/p>\n<p><b>\u2013 Vi i Olympiatoppen er veldig glade for at Kristoffer har takket ja til jobben. Han har solid erfaring fra b\u00e5de nasjonal og internasjonal toppidrett, er lokal og kjenner godt til idretten og de ulike milj\u00f8ene p\u00e5 Haugalandet. Med bakgrunn fra videreg\u00e5ende skole og jobben p\u00e5  har han spisskompetanse innen utvikling av unge og morgendagens ut\u00f8vere, sier Eklund.<\/b><\/p>\n<p>Han legger til at Froestad oppfyller Olympiatoppens kvalitetskrav.<\/p>\n<p><b>\u2013 Vi ser fram til \u00e5 \u00f8ke v\u00e5r tilstedev\u00e6relse i nordfylket, sier Eklund. <\/b><\/p>\n<p>            Bedre trening = flere talenter<\/p>\n<p>Det er takket v\u00e6re et spleiselag best\u00e5ende av Haugesund kommune, Olympiatoppen og sponsor Gassco at \u00abHaugalandsl\u00f8ftet\u00bb n\u00e5 er i gang.<\/p>\n<p>Primus motor  er glad for at den store dagen endelig har kommet, for dette har han jobbet lenge for \u00e5 f\u00e5 til.<\/p>\n<p><b>\u2013 N\u00e5 begynner vi p\u00e5 et langsiktig arbeid som skal s\u00f8rge for at regionens lokale idrettstalenter blir sett og fanget opp. Slik f\u00e5r de og deres trenere tilgang til den fagkunnskapen som Olympiatoppen besitter, sier Jacobsen<\/b>.<\/p>\n<p>Han legger til at det er like viktig at denne kunnskapen ogs\u00e5 n\u00e5r trenerne i alle idretter.<\/p>\n<p><b>\u2013 Jo bedre trenerne er, jo flere barn og unge blir v\u00e6rende lenger og utvikler talentene sine, sier Jacobsen.<\/b><\/p>\n<p>  <a href=\"https:\/\/www.h-avis.no\/5-62-1769179\" class=\"related-teaser has-image default-story-teaser article--c-eRUmMG article--c-eRUmMG-jKCPdD-design-default\" rel=\"nofollow noopener\" target=\"_blank\"><\/p>\n<p>    <img decoding=\"async\" loading=\"lazy\"  src=\"https:\/\/www.europesays.com\/no\/wp-content\/uploads\/2025\/08\/image_50385921.JPG\" alt=\"\" class=\"brick-c-cFOWSL\" style=\"\"\/><\/p>\n<p>\n            Les ogs\u00e5<\/p>\n<p>              Slik vil de l\u00f8fte idretten p\u00e5 Haugalandet: \u2013 Jeg tror det er liv laga\n        <\/p>\n<p>  <\/a><\/p>\n<p>  Ikke langt \u00e5 g\u00e5 til jobben<\/p>\n<p>Froestad er kanskje best kjent som h\u00e5ndballtrener.<\/p>\n<p>Selv om det p\u00e5 mange m\u00e5ter begynte med HHK for over ti \u00e5r siden, har han nesten like lenge hatt ansvaret for G17-landslaget.<\/p>\n<p>Som nevnt jobber Froestad ogs\u00e5 p\u00e5 HTG, der Olympiatoppen n\u00e5 f\u00e5r kontor.<\/p>\n<p>Han begynte som toppidrettsansvarlig p\u00e5 Haugalandet for litt over to uker siden.<\/p>\n<p><b>\u2013 Jeg brenner for idretten p\u00e5 Haugalandet og for toppidrett, s\u00e5 det var naturlig \u00e5 s\u00f8ke, sier Froestad. <\/b><\/p>\n<p>Han kaller det kjekt \u00e5 f\u00e5 , som kort forklart g\u00e5r ut p\u00e5 \u00e5 lede \u00abHaugalandsl\u00f8ftet\u00bb.<\/p>\n<p>Det betyr blant annet \u00e5 bygge et nettverk med spesialister innen b\u00e5de helse, ern\u00e6ring, idrettspsykologi og trening.<\/p>\n<p>Akkurat det har Froestad s\u00e5 vidt startet p\u00e5, men han h\u00e5per \u00e5 lyse ut flere stillinger snart.<\/p>\n<p>   <img decoding=\"async\" width=\"3200\" height=\"2137\" fetchpriority=\"low\"  loading=\"lazy\"  src=\"https:\/\/www.europesays.com\/no\/wp-content\/uploads\/2025\/08\/kristofferfroprivat.jpg\" alt=\"Tysv\u00e6r 14092014 Frakkagjerd H\u00e5ndballkamp i 1. div Haugaland H\u00e5ndball vs. Fjellhammar. HHK-trener Kristoffer Froestad\" class=\"brick-c-cFOWSL\" style=\"--brick-image-ratio: 3200 \/ 2137;\"\/><\/p>\n<p>    I KJENT STIL: Kristoffer Froestad var trener i HHK i flere \u00e5r. N\u00e5 jobber han som l\u00e6rer p\u00e5 HTG, samtidig som han har ansvaret for G17-landslaget og er prosjektansvarlig for \u00abTett p\u00e5 ung\u00bb i Norges H\u00e5ndballforbund.<br \/>\n    Foto: Jan K\u00e5re Ness\n  <\/p>\n<p>  Dr\u00f8mmen om OL<\/p>\n<p>Som Haugesunds Avis har skrevet tidligere, er m\u00e5let med \u00abHaugalandsl\u00f8ftet\u00bb \u00e5 legge til rette for morgendagens ut\u00f8vere.<\/p>\n<p>Froestad gir et eksempel p\u00e5 hva det betyr i praksis:<\/p>\n<p><b>\u2013 Hvis vi har en ut\u00f8ver p\u00e5 toppniv\u00e5 p\u00e5 Haugalandet, skal han eller hun f\u00e5 den hjelpen de trenger.<\/b><\/p>\n<p>Selv om han er helt ny som toppidrettsansvarlig, har Froestad allerede klare tanker om hva han h\u00e5per \u00e5 f\u00e5 til.<\/p>\n<p><b>\u2013 Jeg vil st\u00f8tte unge talenter p\u00e5 vei mot OL og bruke min erfaring til \u00e5 hjelpe dem \u00e5 n\u00e5 dr\u00f8mmene sine, sier Froestad.<\/b><\/p>\n<p>I fjor var det forresten ingen lokale deltakere i sommer-OL, noe som er det svakeste resultatet siden 1996:<\/p>\n","protected":false},"excerpt":{"rendered":"TOPPIDRETT: For snart fire m\u00e5neder siden kom regionleder i Olympiatoppen S\u00f8rvest, Morten Eklund, med en aldri s\u00e5 liten&hellip;\n","protected":false},"author":2,"featured_media":13299,"comment_status":"","ping_status":"","sticky":false,"template":"","format":"standard","meta":{"footnotes":""},"categories":[59],"tags":[36,30,28,29,2579,218,83,82,1510,2578],"class_list":{"0":"post-13298","1":"post","2":"type-post","3":"status-publish","4":"format-standard","5":"has-post-thumbnail","7":"category-sport","8":"tag-art","9":"tag-no","10":"tag-norge","11":"tag-norway","12":"tag-olympiatoppen","13":"tag-pluss","14":"tag-sport","15":"tag-sports","16":"tag-story","17":"tag-toppidrett"},"share_on_mastodon":{"url":"","error":""},"_links":{"self":[{"href":"https:\/\/www.europesays.com\/no\/wp-json\/wp\/v2\/posts\/13298","targetHints":{"allow":["GET"]}}],"collection":[{"href":"https:\/\/www.europesays.com\/no\/wp-json\/wp\/v2\/posts"}],"about":[{"href":"https:\/\/www.europesays.com\/no\/wp-json\/wp\/v2\/types\/post"}],"author":[{"embeddable":true,"href":"https:\/\/www.europesays.com\/no\/wp-json\/wp\/v2\/users\/2"}],"replies":[{"embeddable":true,"href":"https:\/\/www.europesays.com\/no\/wp-json\/wp\/v2\/comments?post=13298"}],"version-history":[{"count":0,"href":"https:\/\/www.europesays.com\/no\/wp-json\/wp\/v2\/posts\/13298\/revisions"}],"wp:featuredmedia":[{"embeddable":true,"href":"https:\/\/www.europesays.com\/no\/wp-json\/wp\/v2\/media\/13299"}],"wp:attachment":[{"href":"https:\/\/www.europesays.com\/no\/wp-json\/wp\/v2\/media?parent=13298"}],"wp:term":[{"taxonomy":"category","embeddable":true,"href":"https:\/\/www.europesays.com\/no\/wp-json\/wp\/v2\/categories?post=13298"},{"taxonomy":"post_tag","embeddable":true,"href":"https:\/\/www.europesays.com\/no\/wp-json\/wp\/v2\/tags?post=13298"}],"curies":[{"name":"wp","href":"https:\/\/api.w.org\/{rel}","templated":true}]}}