{"id":132988,"date":"2026-01-09T12:40:07","date_gmt":"2026-01-09T12:40:07","guid":{"rendered":"https:\/\/www.europesays.com\/no\/132988\/"},"modified":"2026-01-09T12:40:07","modified_gmt":"2026-01-09T12:40:07","slug":"langrenn-vinter-ol-2026-avlyser-renn-i-det-finske-ski-mesterskapet-katastrofe","status":"publish","type":"post","link":"https:\/\/www.europesays.com\/no\/132988\/","title":{"rendered":"Langrenn, Vinter-OL 2026 | Avlyser renn i det finske ski-mesterskapet: \u2013 Katastrofe!"},"content":{"rendered":"\n<p>Denne uken arrangeres det finske mesterskapet p\u00e5 ski i Kuopio i Finland, men v\u00e6ret hindrer l\u00f8perne fra \u00e5 f\u00e5 lov til \u00e5 konkurrere. <\/p>\n<p>Fredag skulle det v\u00e6rt arrangert lagsprint i Kuopio, men rennet er avlyst p\u00e5 grunn av det iskalde v\u00e6ret. <\/p>\n<p>Det melder den finske avisen <a href=\"https:\/\/www.iltalehti.fi\/talviurheilu\/a\/4afdfe95-643c-4a74-a289-8648a1af65c0\" rel=\"Follow nofollow noopener\" target=\"_blank\">Iltalehti<\/a> som omtaler det hele som en \u00abkatastrofe\u00bb.<\/p>\n<p><b>Les ogs\u00e5: <a href=\"https:\/\/www.nettavisen.no\/sport\/norske-milla-bytter-nasjon-klar-for-ol\/s\/5-95-2816425\" rel=\"Follow nofollow noopener\" target=\"_blank\">Norske Milla bytter nasjon. Klar for OL<\/a><\/b><\/p>\n<p>&#8211; 25 grader<\/p>\n<p>Flere av Finlands beste l\u00f8pere bruker mesterskapet som en del av oppkj\u00f8ringen til OL i Cortina Milano, som starter i starten av februar. <\/p>\n<p>Fredag morgen var det imidlertid nesten 25 minusgrader p\u00e5 langrennsstadion i Kuopio og dermed for kaldt til \u00e5 g\u00e5 skirenn. <\/p>\n<p>Juryleder Jussi Pryk\u00e4ri forteller at de ikke hadde noe annet valg enn \u00e5 avlyse. <\/p>\n<p>\u2013 V\u00e6rmeldingen viser ogs\u00e5 at temperaturen aldri vil synke under 20 grader i l\u00f8pet av dagen. Og vi m\u00e5 ta hensyn til vindens effekt, sier Pryk\u00e4ri.<\/p>\n<p>Jurylederen forteller at de ogs\u00e5 r\u00e5df\u00f8rte seg med en lege som advarte dem mot en alvorlig helserisiko ved \u00e5 arrangere renn. <\/p>\n<p><b>Les ogs\u00e5: <a href=\"https:\/\/www.nettavisen.no\/sport\/mathilde-myhrvold-rekker-ikke-nm-tviler-pa-ol\/s\/5-95-2815238\" rel=\"Follow nofollow noopener\" target=\"_blank\">Norsk OL-h\u00e5p rekker ikke NM. N\u00e5 tviler hun p\u00e5 OL<\/a><\/b><\/p>\n<p>Usikkert resten av helgen<\/p>\n<p>De finske OL-h\u00e5pene Iivo Niskanen og Ristomatti Hakola var begge blant de p\u00e5meldte til fredagens lagsprint. <\/p>\n<p>N\u00e5 gjenst\u00e5r det \u00e5 se om de finske l\u00f8perne f\u00e5r konkurrert i det hele tatt i l\u00f8pet av helgen. <\/p>\n<p>Ogs\u00e5 l\u00f8rdag er det nemlig sp\u00e5dd sv\u00e6rt kaldt i Kuopio. Da er det 10 kilometer som st\u00e5r p\u00e5 rennprogrammet. <\/p>\n<p>Det finske mesterskapet avsluttes i utgangspunktet s\u00f8ndag med individuell sprint. <\/p>\n<p>Det er meldt noe varmere p\u00e5 s\u00f8ndagen, og Iltalehti skriver at det da skal v\u00e6re mulig \u00e5 f\u00e5 gjennomf\u00f8rt renn. <\/p>\n<p><b>Les ogs\u00e5: <a rel=\"Follow nofollow noopener\" href=\"https:\/\/www.nettavisen.no\/sport\/anthony-joshua-bryter-tausheten-etter-biltragedien\/s\/5-95-2815109\" target=\"_blank\">Anthony Joshua bryter tausheten etter biltragedien<\/a><\/b><\/p>\n","protected":false},"excerpt":{"rendered":"Denne uken arrangeres det finske mesterskapet p\u00e5 ski i Kuopio i Finland, men v\u00e6ret hindrer l\u00f8perne fra \u00e5&hellip;\n","protected":false},"author":2,"featured_media":132989,"comment_status":"","ping_status":"","sticky":false,"template":"","format":"standard","meta":{"footnotes":""},"categories":[12],"tags":[20,21,24,25,15,22,23,13,30,28,29,14,16,26,27,42,43,44,45],"class_list":{"0":"post-132988","1":"post","2":"type-post","3":"status-publish","4":"format-standard","5":"has-post-thumbnail","7":"category-verden","8":"tag-breaking-news","9":"tag-breakingnews","10":"tag-featured-news","11":"tag-featurednews","12":"tag-headlines","13":"tag-latest-news","14":"tag-latestnews","15":"tag-news","16":"tag-no","17":"tag-norge","18":"tag-norway","19":"tag-nyheter","20":"tag-overskrifter","21":"tag-top-stories","22":"tag-topstories","23":"tag-verden","24":"tag-world","25":"tag-world-news","26":"tag-worldnews"},"share_on_mastodon":{"url":"https:\/\/pubeurope.com\/@no\/115865192063565311","error":""},"_links":{"self":[{"href":"https:\/\/www.europesays.com\/no\/wp-json\/wp\/v2\/posts\/132988","targetHints":{"allow":["GET"]}}],"collection":[{"href":"https:\/\/www.europesays.com\/no\/wp-json\/wp\/v2\/posts"}],"about":[{"href":"https:\/\/www.europesays.com\/no\/wp-json\/wp\/v2\/types\/post"}],"author":[{"embeddable":true,"href":"https:\/\/www.europesays.com\/no\/wp-json\/wp\/v2\/users\/2"}],"replies":[{"embeddable":true,"href":"https:\/\/www.europesays.com\/no\/wp-json\/wp\/v2\/comments?post=132988"}],"version-history":[{"count":0,"href":"https:\/\/www.europesays.com\/no\/wp-json\/wp\/v2\/posts\/132988\/revisions"}],"wp:featuredmedia":[{"embeddable":true,"href":"https:\/\/www.europesays.com\/no\/wp-json\/wp\/v2\/media\/132989"}],"wp:attachment":[{"href":"https:\/\/www.europesays.com\/no\/wp-json\/wp\/v2\/media?parent=132988"}],"wp:term":[{"taxonomy":"category","embeddable":true,"href":"https:\/\/www.europesays.com\/no\/wp-json\/wp\/v2\/categories?post=132988"},{"taxonomy":"post_tag","embeddable":true,"href":"https:\/\/www.europesays.com\/no\/wp-json\/wp\/v2\/tags?post=132988"}],"curies":[{"name":"wp","href":"https:\/\/api.w.org\/{rel}","templated":true}]}}