{"id":13300,"date":"2025-08-20T15:08:12","date_gmt":"2025-08-20T15:08:12","guid":{"rendered":"https:\/\/www.europesays.com\/no\/13300\/"},"modified":"2025-08-20T15:08:12","modified_gmt":"2025-08-20T15:08:12","slug":"city-nord-naeringsliv-flytter-city-nord-butikk","status":"publish","type":"post","link":"https:\/\/www.europesays.com\/no\/13300\/","title":{"rendered":"City Nord, N\u00e6ringsliv | Flytter City Nord-butikk"},"content":{"rendered":"\n<p>Nille, som til n\u00e5 har ligget ved Jorb\u00e6rpikene og Kitch&#8217;n p\u00e5 City Nord er p\u00e5 flyttefot, skriver City Nord i en pressemelding.<\/p>\n<p>De skal overta lokalene Kid interi\u00f8r etterlot seg bare noen meter unna da de tidligere i sommer flyttet inn i nyfl\u00f8yen p\u00e5 kj\u00f8pesenteret.<\/p>\n<p>Blir st\u00f8rre<\/p>\n<p>If\u00f8lge pressemeldingen f\u00e5r butikken 140 kvadratmeter st\u00f8rre plass enn tidligere, h\u00f8yere takh\u00f8yde og ny, moderne innredning. Butikken blir ogs\u00e5 en av de st\u00f8rste Nille-butikkene i regionen og blant de mest oppgraderte i landet.<\/p>\n<p>\u2013 Vi gleder oss enormt til \u00e5 \u00e5pne d\u00f8rene og invitere kundene inn. Den nye butikken gir oss mulighet til \u00e5 vise produktene p\u00e5 en helt ny m\u00e5te, samtidig som kundene f\u00e5r en enda bedre handleopplevelse, sier butikksjef Gunn Tove \u00d8hl\u00e9n.<\/p>\n<p>Flyttingen p\u00e5g\u00e5r i disse dager, og re\u00e5pningen vil finne sted kommende fredag.<\/p>\n<p>\u2013 Vi er glade for at Nille investerer i et st\u00f8rre og mer moderne lokale her p\u00e5 City Nord. Dette blir et l\u00f8ft b\u00e5de for butikken og for senteret som helhet, og vi er sikre p\u00e5 at kundene vil sette pris p\u00e5 den nye handleopplevelsen.<\/p>\n<p>  <a href=\"https:\/\/www.an.no\/5-4-2215502\" class=\"related-teaser has-image default-story-teaser article--c-eRUmMG article--c-eRUmMG-jKCPdD-design-default\" rel=\"nofollow noopener\" target=\"_blank\"><\/p>\n<p>    <img decoding=\"async\" loading=\"lazy\"  src=\"https:\/\/www.europesays.com\/no\/wp-content\/uploads\/2025\/08\/City+Nord+nytt.jpg\" alt=\"\" class=\"brick-c-cFOWSL\" style=\"\"\/><\/p>\n<p>\n            Les ogs\u00e5<\/p>\n<p>              Her er \u00f8kningen ellevill: \u2013 Sjeldne tall\n        <\/p>\n<p>  <\/a><br \/>\n  Flere endringer<\/p>\n<p>S\u00e5 langt i \u00e5r har det v\u00e6rt massive endringer p\u00e5 Nordlands st\u00f8rste kj\u00f8pesenter. Den mye omtalte nyfl\u00f8yen \u00e5pnet tidligere i sommer, med blant andre McDonalds, Sabrura og Kid Extended som leietakere.<\/p>\n<p><a rel=\"Follow nofollow noopener\" href=\"https:\/\/www.an.no\/apning-av-den-nye-floyen-pa-city-nord-dette-er-en-nerds-beste-drom\/s\/5-4-2068266\" target=\"_blank\">I november i fjor \u00e5pnet Jernia, Skoringen, Gullfunn, Specsavers, Outland og Fredrik &amp; Louisa<\/a>, samt <a rel=\"Follow nofollow noopener\" href=\"https:\/\/www.an.no\/sjekk-den-koen\/s\/5-4-2093824\" target=\"_blank\">Starbucks<\/a> som \u00e5pnet i januar.<\/p>\n<p>\u2013 Det har v\u00e6rt en eventyrlig \u00f8kning. I juli omsatte vi for 225 millioner kroner og det er opp 27 millioner kroner i forhold til i fjor. Det tilsvarer en \u00f8kning p\u00e5 hele 14 prosent. Dette er veldig, veldig bra, sa senterleder Uwe Johansen til <a href=\"https:\/\/www.an.no\/eventyrlig-okning-for-city-nord\/s\/5-4-2215502\" rel=\"Follow nofollow noopener\" target=\"_blank\">Avisa Nordland tidligere i august<\/a>.<\/p>\n<p>Les mer om: artikkelemnene<\/p>\n","protected":false},"excerpt":{"rendered":"Nille, som til n\u00e5 har ligget ved Jorb\u00e6rpikene og Kitch&#8217;n p\u00e5 City Nord er p\u00e5 flyttefot, skriver City&hellip;\n","protected":false},"author":2,"featured_media":13301,"comment_status":"","ping_status":"","sticky":false,"template":"","format":"standard","meta":{"footnotes":""},"categories":[56],"tags":[465,36,60,2580,61,62,2581,30,28,29,218,1510],"class_list":{"0":"post-13300","1":"post","2":"type-post","3":"status-publish","4":"format-standard","5":"has-post-thumbnail","7":"category-naeringsliv","8":"tag-arbeidsliv","9":"tag-art","10":"tag-business","11":"tag-city-nord","12":"tag-economy","13":"tag-naeringsliv","14":"tag-nille","15":"tag-no","16":"tag-norge","17":"tag-norway","18":"tag-pluss","19":"tag-story"},"share_on_mastodon":{"url":"","error":""},"_links":{"self":[{"href":"https:\/\/www.europesays.com\/no\/wp-json\/wp\/v2\/posts\/13300","targetHints":{"allow":["GET"]}}],"collection":[{"href":"https:\/\/www.europesays.com\/no\/wp-json\/wp\/v2\/posts"}],"about":[{"href":"https:\/\/www.europesays.com\/no\/wp-json\/wp\/v2\/types\/post"}],"author":[{"embeddable":true,"href":"https:\/\/www.europesays.com\/no\/wp-json\/wp\/v2\/users\/2"}],"replies":[{"embeddable":true,"href":"https:\/\/www.europesays.com\/no\/wp-json\/wp\/v2\/comments?post=13300"}],"version-history":[{"count":0,"href":"https:\/\/www.europesays.com\/no\/wp-json\/wp\/v2\/posts\/13300\/revisions"}],"wp:featuredmedia":[{"embeddable":true,"href":"https:\/\/www.europesays.com\/no\/wp-json\/wp\/v2\/media\/13301"}],"wp:attachment":[{"href":"https:\/\/www.europesays.com\/no\/wp-json\/wp\/v2\/media?parent=13300"}],"wp:term":[{"taxonomy":"category","embeddable":true,"href":"https:\/\/www.europesays.com\/no\/wp-json\/wp\/v2\/categories?post=13300"},{"taxonomy":"post_tag","embeddable":true,"href":"https:\/\/www.europesays.com\/no\/wp-json\/wp\/v2\/tags?post=13300"}],"curies":[{"name":"wp","href":"https:\/\/api.w.org\/{rel}","templated":true}]}}