{"id":133011,"date":"2026-01-09T12:59:12","date_gmt":"2026-01-09T12:59:12","guid":{"rendered":"https:\/\/www.europesays.com\/no\/133011\/"},"modified":"2026-01-09T12:59:12","modified_gmt":"2026-01-09T12:59:12","slug":"kontorfellesskap-trening-og-lokale-moteplasser-skaper-god-helse-og-god-business","status":"publish","type":"post","link":"https:\/\/www.europesays.com\/no\/133011\/","title":{"rendered":"\u2013\u00a0Kontorfellesskap, trening og lokale m\u00f8teplasser skaper god helse og god business"},"content":{"rendered":"<p>\u2013 For oss er det viktig at markedet ser at vi aktivt benytter kontorfellesskap. Vi har valgt denne l\u00f8sningen nettopp for \u00e5 v\u00e6re til stede i flere lokalsoner og komme tettere p\u00e5 kundene v\u00e5re, sier Tom Fjordvang, Business Development Manager Norway &amp; Sweden i Resideo.<\/p>\n<p>I dag er Resideo representert gjennom kontorfellesskap p\u00e5 Str\u00f8ms\u00f8 Torg, Bragernes, Kjellstad N\u00e6ringspark og Asker. If\u00f8lge Fjordvang gir dette en fleksibilitet og n\u00e6rhet som tradisjonelle kontorl\u00f8sninger ikke alltid tilbyr.<\/p>\n<p>\u2013 Det gj\u00f8r oss mer tilgjengelige. Vi kan m\u00f8te kunder der de holder til, senke terskelen for dialog og v\u00e6re mer relevante i hverdagen deres. Det passer godt med hvordan vi \u00f8nsker \u00e5 jobbe fremover.<\/p>\n<p><strong>Trening framfor sene kvelder<\/strong><\/p>\n<p>En annen viktig del av historien handler om kultur og prioriteringer. Bransjen er ofte preget av lange middager, sene kvelder og h\u00f8yt tempo. Det tar Resideo i \u00f8kende grad avstand fra.<\/p>\n<p>\u2013 Vi \u00f8nsker \u00e5 vise at det finnes andre m\u00e5ter \u00e5 bygge relasjoner p\u00e5 enn sene restaurantkvelder. For oss har trening blitt et naturlig og positivt supplement.<\/p>\n<p>I Kontorhuset p\u00e5 Bragernes har Resideo CrossFit F\u00f8nix som sin n\u00e6rmeste nabo, noe som har \u00e5pnet for nye arenaer for b\u00e5de kollegialt fellesskap og kundem\u00f8ter.<\/p>\n<p>\u2013 Jeg har hatt flere kundem\u00f8ter \u2013 ogs\u00e5 med kunder fra utlandet \u2013 som har startet p\u00e5 treningsgulvet klokken 06.15. Den f\u00f8rste timen p\u00e5 gymmet gir energi, gode samtaler og en helt annen start p\u00e5 dagen. Det senker terskelen for dialog og bygger relasjoner p\u00e5 en ekte m\u00e5te, forteller Fjordvang.\u00a0<\/p>\n<p><strong>Helse, overskudd og relasjoner<\/strong><\/p>\n<p>Daglig leder i CrossFit F\u00f8nix, Emily Oxford, mener dette er en utvikling flere bedrifter b\u00f8r la seg inspirere av.<\/p>\n<p>\u2013 Trening handler ikke bare om fysisk form, men om overskudd, mestring og mental styrke. N\u00e5r folk trener sammen, bygger de ogs\u00e5 tillit og relasjoner som tas med videre inn i arbeidshverdagen, understreker hun.\u00a0<\/p>\n<p>Dette perspektivet deles ogs\u00e5 av \u00d8yvind Blikstad i En\u00f8kgrossisten, som holder til i samme kontorhus.<\/p>\n<p>Saken fortsetter under bildet:<\/p>\n<p><img decoding=\"async\" src=\"https:\/\/www.europesays.com\/no\/wp-content\/uploads\/2026\/01\/Resideo - \u00d8yvind Blikstad - En\u00f8kgrossisten-1.jpg\" alt=\"\"\/><\/p>\n<p>\u00d8yvind Blikstad, daglig leder i En\u00f8kgrossisten<\/p>\n<p>\u2013 For meg handler et godt arbeidsliv om helhet. N\u00e5r man tar vare p\u00e5 b\u00e5de den fysiske og mentale helsen, st\u00e5r man sterkere \u2013 b\u00e5de som menneske og i jobben man gj\u00f8r. Fellesskap, bevegelse og gode relasjoner gir energi som smitter over p\u00e5 alt annet, sier Blikstad.<\/p>\n<p><strong>Samarbeid som gir konkrete resultater<\/strong><\/p>\n<p>N\u00e6rheten mellom selskapene i kontorfellesskapet har allerede gitt konkrete forretningsmessige resultater. Resideo leverer n\u00e5 Evohome varmestyringssystem til et prosjekt der En\u00f8kgrossisten leverer varmepumper.<\/p>\n<p>\u2013 Her ser jeg tydelig en synergieffekt. N\u00e5r man sitter tett p\u00e5 hverandre, blir det enklere \u00e5 se muligheter for samarbeid. P\u00e5 sikt kan dette bli sv\u00e6rt lukrativt for begge parter, sier Fjordvang.<\/p>\n<p>Han mener dette er et godt eksempel p\u00e5 verdien av \u00e5 tenke helhetlig rundt arbeidsplass, nettverk og samarbeid \u2013 ikke bare produkter.<\/p>\n<p>\u2013 Dette handler om hvordan vi jobber, hvilke verdier vi st\u00e5r for og hvordan vi \u00f8nsker \u00e5 m\u00f8te b\u00e5de kunder og samarbeidspartnere.<\/p>\n<p><strong>En \u00e5pen invitasjon<\/strong><\/p>\n<p>Budskapet fra Resideo, En\u00f8kgrossisten og CrossFit F\u00f8nix er tydelig: Gode resultater skapes av mennesker som har det bra \u2013 b\u00e5de fysisk og mentalt.<\/p>\n<p>Derfor er invitasjonen \u00e5pen: Kom innom for en kaffekopp. Bli med p\u00e5 en trenings\u00f8kt. Start dagen litt tidligere \u2013 eller stikk innom for en uformell prat.<\/p>\n<p>D\u00f8ren er \u00e5pen, terskelen er lav \u2013 og ambisjonen er h\u00f8y. For n\u00e5r helse, fellesskap og relasjoner spiller p\u00e5 lag, kommer ogs\u00e5 de strategiske samtalene og resultatene!<\/p>\n","protected":false},"excerpt":{"rendered":"\u2013 For oss er det viktig at markedet ser at vi aktivt benytter kontorfellesskap. Vi har valgt denne&hellip;\n","protected":false},"author":2,"featured_media":133012,"comment_status":"","ping_status":"","sticky":false,"template":"","format":"standard","meta":{"footnotes":""},"categories":[57],"tags":[30,28,29,15361,65,63,64,66,70,15362,69,67,68],"class_list":{"0":"post-133011","1":"post","2":"type-post","3":"status-publish","4":"format-standard","5":"has-post-thumbnail","7":"category-vitenskap-og-teknologi","8":"tag-no","9":"tag-norge","10":"tag-norway","11":"tag-resideo","12":"tag-science","13":"tag-science-and-technology","14":"tag-scienceandtechnology","15":"tag-technology","16":"tag-teknologi","17":"tag-tom-fjordvang","18":"tag-vitenskap","19":"tag-vitenskap-og-teknologi","20":"tag-vitenskapteknologi"},"share_on_mastodon":{"url":"https:\/\/pubeurope.com\/@no\/115865266600748660","error":""},"_links":{"self":[{"href":"https:\/\/www.europesays.com\/no\/wp-json\/wp\/v2\/posts\/133011","targetHints":{"allow":["GET"]}}],"collection":[{"href":"https:\/\/www.europesays.com\/no\/wp-json\/wp\/v2\/posts"}],"about":[{"href":"https:\/\/www.europesays.com\/no\/wp-json\/wp\/v2\/types\/post"}],"author":[{"embeddable":true,"href":"https:\/\/www.europesays.com\/no\/wp-json\/wp\/v2\/users\/2"}],"replies":[{"embeddable":true,"href":"https:\/\/www.europesays.com\/no\/wp-json\/wp\/v2\/comments?post=133011"}],"version-history":[{"count":0,"href":"https:\/\/www.europesays.com\/no\/wp-json\/wp\/v2\/posts\/133011\/revisions"}],"wp:featuredmedia":[{"embeddable":true,"href":"https:\/\/www.europesays.com\/no\/wp-json\/wp\/v2\/media\/133012"}],"wp:attachment":[{"href":"https:\/\/www.europesays.com\/no\/wp-json\/wp\/v2\/media?parent=133011"}],"wp:term":[{"taxonomy":"category","embeddable":true,"href":"https:\/\/www.europesays.com\/no\/wp-json\/wp\/v2\/categories?post=133011"},{"taxonomy":"post_tag","embeddable":true,"href":"https:\/\/www.europesays.com\/no\/wp-json\/wp\/v2\/tags?post=133011"}],"curies":[{"name":"wp","href":"https:\/\/api.w.org\/{rel}","templated":true}]}}