{"id":133023,"date":"2026-01-09T13:14:18","date_gmt":"2026-01-09T13:14:18","guid":{"rendered":"https:\/\/www.europesays.com\/no\/133023\/"},"modified":"2026-01-09T13:14:18","modified_gmt":"2026-01-09T13:14:18","slug":"en-skjult-beskjed-til-grev-felix-og-grev-nikolai","status":"publish","type":"post","link":"https:\/\/www.europesays.com\/no\/133023\/","title":{"rendered":"En skjult beskjed til grev Felix og grev Nikolai"},"content":{"rendered":"<p class=\"kicker \" style=\"\">Kong Frederiks skjulte budskap:<\/p>\n<p>    Mens kong Frederik av Danmark varslet krig i Europa og hyllet de unge som g\u00e5r i uniform, sendte han en kj\u00f8lig og ordknapp hilsen i retning grev Felix og grev Nikolai.\u00a0<\/p>\n<p>\n    IKKE FORN\u00d8YD: Flere hevder at kong Frederik av Danmark viste sin misn\u00f8ye i nytt\u00e5rstalen over at grev Felix og grev Nikolai ikke fullf\u00f8rte milit\u00e6rtjenesten sin. Foto: Hanne Juul \/ Aller foto\n  <\/p>\n<p>I en tid hvor alvoret i verdenssituasjonen banker p\u00e5 d\u00f8ren, levnet kong Frederik (57) av Danmark ingen tvil i sin nytt\u00e5rstale:\u00a0<\/p>\n<p class=\"font-weight-bold m-font-weight-bold\" data-lab-font_weight=\"font-weight-bold\">Danmark m\u00e5 st\u00e5 sterkt &#8211; og danskene m\u00e5 ta ansvar.<\/p>\n<p>    <a itemprop=\"url\" href=\"https:\/\/www.seher.no\/kongelig\/truet-kongefamilien\/84055634\" rel=\"nofollow noopener\" target=\"_blank\"><\/p>\n<p>        <img loading=\"lazy\" decoding=\"async\" src=\"https:\/\/www.europesays.com\/no\/wp-content\/uploads\/2026\/01\/1767964448_725_84055654.webp.webp\" width=\"980\" height=\"441\" title=\"Truet kongefamilien\" alt=\"\" class=\"lazyload\" style=\"--aspect-ratio-image: 2.22; \"\/><\/p>\n<p>        Truet kongefamilien<\/p>\n<p>    <\/a><\/p>\n<p>Men midt i et tydelig budskap om engasjement og fellesskap, leverte han ogs\u00e5 en betydelig hyllest til s\u00f8nnen, kronprins Christian (20), skriver danske<a href=\"https:\/\/www.seoghoer.dk\/kongelige\/frederiks-skjulte-budskab-tydelig-stikpille-til-grev-felix-og-grev-nikolai\" rel=\"nofollow noopener\" target=\"_blank\"> Se og H\u00f8r.<\/a><\/p>\n<p class=\"font-weight-bold m-font-weight-bold\" data-lab-font_weight=\"font-weight-bold\">Selv om talen var b\u00e5de fin og r\u00f8rende, var det flere som fulgte nytt\u00e5rstalen tett som bet seg merke i det som kan virke som en kald distansering fra de to unge nev\u00f8ene grev Felix (23) og grev Nikolai (26).<\/p>\n<p>        <img loading=\"lazy\" decoding=\"async\" src=\"https:\/\/www.europesays.com\/no\/wp-content\/uploads\/2026\/01\/84057249.webp.webp\" width=\"667\" height=\"474\" title=\"GA OPP: Verken grev Felix eller grev Nikolai kan skryte av en langvarig karriere i milit\u00e6ret. Foto: Hanne Juul \/ Aller foto\" alt=\"\" class=\"\" style=\"--aspect-ratio-image: 1.41; \"\/><\/p>\n<p>\n        GA OPP: Verken grev Felix eller grev Nikolai kan skryte av en langvarig karriere i milit\u00e6ret. Foto: Hanne Juul \/ Aller foto\n    <\/p>\n<p class=\"font-weight-light m-font-weight-light\" data-lab-font_weight=\"font-weight-light\">\u00c5rsaken er at de begge endte opp med \u00e5 avslutte sin milit\u00e6re karriere f\u00f8r den var fullt ut ferdig &#8211; noe som trolig ikke har falt i god jord hos onkel Frederik.\u00a0<\/p>\n<p>        <img loading=\"lazy\" decoding=\"async\" src=\"https:\/\/www.europesays.com\/no\/wp-content\/uploads\/2026\/01\/84056354.webp.webp\" width=\"667\" height=\"634\" title=\"ET STIKK?: Flere skal ha det til at det skjulte budskapet var et syrlig stikk til nev\u00f8ene. Foto: Mads Claus Rasmussen \/ Ritzau Scanpix \/ NTB\" alt=\"\" class=\"\" style=\"--aspect-ratio-image: 1.05; \"\/><\/p>\n<p>\n        ET STIKK?: Flere skal ha det til at det skjulte budskapet var et syrlig stikk til nev\u00f8ene. Foto: Mads Claus Rasmussen \/ Ritzau Scanpix \/ NTB\n    <\/p>\n<p>For unge kongelige har milit\u00e6rtjeneste gjennom tidene v\u00e6rt mer enn bare en plikt &#8211; det har v\u00e6rt en tradisjon og et symbol p\u00e5 tjeneste for nasjonen.<\/p>\n<p>I Danmark har denne tradisjonen st\u00e5tt sterkt blant medlemmer av kongefamilien, og br\u00f8drene fors\u00f8kte tidlig \u00e5 f\u00f8lge i fotsporene til sine forfedre.<\/p>\n<p>        <img loading=\"lazy\" decoding=\"async\" src=\"https:\/\/www.europesays.com\/no\/wp-content\/uploads\/2026\/01\/84057290.webp.webp\" width=\"667\" height=\"728\" title=\"GJ\u00d8R SOM PAPPA: I starten av august 2025 tok kronprins Christian fatt p\u00e5 utdannelsen for \u00e5 bli l\u00f8ytnant. Foto: Kongehuset \u00a9\" alt=\"\" class=\"\" style=\"--aspect-ratio-image: 0.92; \"\/><\/p>\n<p>\n        GJ\u00d8R SOM PAPPA: I starten av august 2025 tok kronprins Christian fatt p\u00e5 utdannelsen for \u00e5 bli l\u00f8ytnant. Foto: Kongehuset \u00a9\n    <\/p>\n<p>Grev Nikolai startet sin formelle milit\u00e6re utdanning like etter videreg\u00e5ende. Etter \u00e5 ha fullf\u00f8rt eksamen ved Herlufsholm Skole, begynte han p\u00e5 et to\u00e5rig program ved <a href=\"https:\/\/no.wikipedia.org\/wiki\/Nikolai,_greve_av_Monpezat\" rel=\"nofollow noopener\" target=\"_blank\">H\u00e6rens Sergentskole i Varde<\/a> &#8211; et klassisk f\u00f8rste steg for dem som \u00f8nsker offiserutdannelse i den danske h\u00e6r.<\/p>\n<p>        <img loading=\"lazy\" decoding=\"async\" src=\"https:\/\/www.europesays.com\/no\/wp-content\/uploads\/2026\/01\/84057302.webp.webp\" width=\"667\" height=\"587\" title=\"VILLE IKKE: Grev Nikolai var \u00e5pen om at milit\u00e6ret ikke var noe for ham. Foto: Skjermbilde: @nikolaitildanmark \/ Instagram\" alt=\"\" class=\"\" style=\"--aspect-ratio-image: 1.14; \"\/><\/p>\n<p>\n        VILLE IKKE: Grev Nikolai var \u00e5pen om at milit\u00e6ret ikke var noe for ham. Foto: Skjermbilde: @nikolaitildanmark \/ Instagram\n    <\/p>\n<p>Tre \u00e5r yngre grev Felix fulgte lignende planer. Etter \u00e5 ha blitt uteksaminert fra Gammel Hellerup Gymnasium i 2021, meldte han seg p\u00e5 H\u00e6rens l\u00f8ytnantsutdannelse ved Gardehusarkasernen i Slagelse &#8211; et forl\u00f8p som skal forberede kandidater for lederroller som offiserer i h\u00e6ren, if\u00f8lge det spanske nettstedet <a href=\"https:\/\/www.billedbladet.dk\/kongelige\/danmark\/derfor-stopper-prins-felix-i-militaeret\" rel=\"nofollow noopener\" target=\"_blank\">HOLA!<\/a><\/p>\n<p>        <img loading=\"lazy\" decoding=\"async\" src=\"https:\/\/www.europesays.com\/no\/wp-content\/uploads\/2026\/01\/84057342.webp.webp\" width=\"667\" height=\"447\" title=\"STUDENT: Prins Felix feiret avslutningen p\u00e5 Gammel Hellerup Gymnasium i 2021 sammen med prins Joachim, grevinne Alexandra og storebror prins Nikolai. Foto: Mads Claus Rasmussen \/ Ritzau Scanpix\" alt=\"\" class=\"\" style=\"--aspect-ratio-image: 1.49; \"\/><\/p>\n<p>\n        STUDENT: Prins Felix feiret avslutningen p\u00e5 Gammel Hellerup Gymnasium i 2021 sammen med prins Joachim, grevinne Alexandra og storebror prins Nikolai. Foto: Mads Claus Rasmussen \/ Ritzau Scanpix\n    <\/p>\n<p>De unge mennene startet alts\u00e5 sin vei inn i det danske forsvar p\u00e5 respektable grunnlag ved \u00e5 g\u00e5 inn i de etablerte offisertutdanningene, men resultatet skulle bli likt for dem begge. <a href=\"https:\/\/www.billedbladet.dk\/kongelige\/danmark\/beslutningen-skabte-stor-opmaerksomhed-derfor-droppede-grev-nikolai-militaeret\" rel=\"nofollow noopener\" target=\"_blank\">De avsluttet utdannelsen etter kort tid<\/a>, noe danske\u00a0<a href=\"https:\/\/www.billedbladet.dk\/kongelige\/danmark\/beslutningen-skabte-stor-opmaerksomhed-derfor-droppede-grev-nikolai-militaeret\" class=\"\" rel=\"nofollow noopener\" target=\"_blank\">Billed Bladet<\/a> tidligere har skrevet om.<\/p>\n<p>        \u00abFARMEN KJENDIS\u00bb: Produksjonen ga deltakerne streng beskjed om dette f\u00f8r de ankom g\u00e5rden. Video: \u00abFarmen kjendis\u00bb\/TV 2, R\u00f8d L\u00f8per\/Nora Skavhaug<\/p>\n<p>Til tross for kongelig bakgrunn og det sterke historiske b\u00e5ndet mellom monarkiet og det danske milit\u00e6ret, fant b\u00e5de Nikolai og Felix raskt ut at en karriere i uniform ikke var noe for dem.<\/p>\n<p>    <a itemprop=\"url\" href=\"https:\/\/www.seher.no\/kongelig\/pilotdrom-knust-av-hoibys-flyskole\/84047722\" rel=\"nofollow noopener\" target=\"_blank\"><\/p>\n<p>        <img loading=\"lazy\" decoding=\"async\" src=\"https:\/\/www.europesays.com\/no\/wp-content\/uploads\/2026\/01\/84047789.webp.webp\" width=\"980\" height=\"441\" title=\"Pilotdr\u00f8m knust av H\u00f8ibys flyskole\" alt=\"\" class=\"lazyload\" style=\"--aspect-ratio-image: 2.22; \"\/><\/p>\n<p>        Pilotdr\u00f8m knust av H\u00f8ibys flyskole<\/p>\n<p>    <\/a><\/p>\n<p class=\"font-weight-bold m-font-weight-bold\" data-lab-font_weight=\"font-weight-bold\">I 2018 avsluttet Nikolai sin utdanning etter bare to m\u00e5neder med begrunnelsen om at en millit\u00e6r karriere ikke f\u00f8ltes riktig for ham personlig.<\/p>\n<p class=\"font-weight-light m-font-weight-light\" data-lab-font_weight=\"font-weight-light\">Tre \u00e5r senere, i august 2021, tok Felix det samme valget. Etter \u00e5 ha startet p\u00e5 sin utdannelse, valgte han \u00e5 slutte allerede i september etter rundt bare to m\u00e5neder.<\/p>\n<p>        <img loading=\"lazy\" decoding=\"async\" src=\"https:\/\/www.europesays.com\/no\/wp-content\/uploads\/2026\/01\/83927115.webp.webp\" width=\"667\" height=\"474\" title=\"GA SEG: Grev Felix (t.v) her avbildet med prinsesse Marie, prins Joachim, kometesse Athena, grev Henrik og grev Nikolai i 2022. Foto: Mads Claus Rasmussen, Ritzau Scanpix \/ NTB\" alt=\"\" class=\"\" style=\"--aspect-ratio-image: 1.41; \"\/><\/p>\n<p>\n        GA SEG: Grev Felix (t.v) her avbildet med prinsesse Marie, prins Joachim, kometesse Athena, grev Henrik og grev Nikolai i 2022. Foto: Mads Claus Rasmussen, Ritzau Scanpix \/ NTB\n    <\/p>\n<p>\u00a0If\u00f8lge kommunikasjonen fra det danske kongehusets representanter, skyldtes valget hans at han fant den milit\u00e6re tilv\u00e6relsen uegnet for seg selv, og at han \u00f8nsket \u00e5 f\u00e5 tid til \u00e5 finne ut av hva han faktisk ville med livet sitt og karrieren, skriver HOLA!<\/p>\n<p>    <a itemprop=\"url\" href=\"https:\/\/www.seher.no\/kongelig\/en-absurd-situasjon\/84036226\" rel=\"nofollow noopener\" target=\"_blank\"><\/p>\n<p>        <img loading=\"lazy\" decoding=\"async\" src=\"https:\/\/www.europesays.com\/no\/wp-content\/uploads\/2026\/01\/1767964458_902_83573001.webp.webp\" width=\"980\" height=\"441\" title=\"- En absurd situasjon\" alt=\"\" class=\"lazyload\" style=\"--aspect-ratio-image: 2.22; \"\/><\/p>\n<p>        &#8211; En absurd situasjon<\/p>\n<p>    <\/a><\/p>\n<p>\u00abVi er alle forpliktet\u00bb\t<\/p>\n<p>At nev\u00f8ene valgte \u00e5 forlate utdanningsforl\u00f8pet etter kort tid, skal trolig ikke onkel Frederik ha v\u00e6rt tilhenger av. I nytt\u00e5rstalen sin sa han nemlig f\u00f8lgende:\u00a0<\/p>\n<p class=\"font-weight-bold m-font-weight-bold\" data-lab-font_weight=\"font-weight-bold\">&#8211; Antallet kriger er h\u00f8yt. En av dem skjer i n\u00e6rheten av oss. Bare noen f\u00e5 tusen kilometer unna Danmark, kjemper ukrainerne for sin frihet. I virkeligheten har verneplikten verken alder eller utl\u00f8p. Vi er alle forpliktet til \u00e5 ta vare p\u00e5 landet v\u00e5rt. Vi har alle et moralsk og menneskelig ansvar overfor hverandre. Den plikten forringer ikke noe skiltnummer.<\/p>\n<p>        SLIK VAR \u00c5RET: 2025 var preget av offisielle oppdrag, utfordringer og store overskrifter. Reporter: Caroline Vagle. Video: Kine Falch<\/p>\n<p>Dette skal han ha sagt rett etter at han hadde nevnt at b\u00e5de han selv, samt kronprinsen var eksempler p\u00e5 unge menn som hadde fullf\u00f8rt plikten sin &#8211; og vokst gjennom den.<\/p>\n<p class=\"font-weight-bold m-font-weight-bold no_italic m-no_italic\" data-lab-font_weight=\"font-weight-bold\" data-lab-italic=\"\">&#8211; Jeg h\u00e5per at du &#8211; som kronprinsen nylig og meg selv i hans tid &#8211; vokser gjennom tilliten du f\u00e5r og viser andre,\u00a0la kong Frederik til i talen.<\/p>\n<p>    <a itemprop=\"url\" href=\"https:\/\/www.seher.no\/kongelig\/pa-vei-mot-skilsmisse\/84060444\" rel=\"nofollow noopener\" target=\"_blank\"><\/p>\n<p>        <img loading=\"lazy\" decoding=\"async\" src=\"https:\/\/www.europesays.com\/no\/wp-content\/uploads\/2026\/01\/1767964458_148_84060896.webp.webp\" width=\"147\" height=\"98\" title=\"- Skilsmisse p\u00e5 ny\u00e5ret\" alt=\"\" class=\"lazyload\" style=\"--aspect-ratio-image: 1.50; \"\/><\/p>\n<p>        &#8211; Skilsmisse p\u00e5 ny\u00e5ret<\/p>\n<p>    <\/a><\/p>\n<p>Verken grev Nikolai eller grev Felix har s\u00e5 langt kommentert spekulasjonene om at Frederik skal ha hintet til dem i sin nytt\u00e5rstale.<\/p>\n<p>Se og H\u00f8rs kongehusekspert Caroline Vagle er derimot litt forsiktig med \u00e5 anta at nytt\u00e5rstalen var et bevis p\u00e5 danskekongens angivelige misn\u00f8ye.<\/p>\n<p>        KREVENDE INNSPILLING: David Eriksen \u00e5pner seg om hvordan det var \u00e5 spille inn \u00abAlle elsker David\u00bb samtidig som Tone Damlis s\u00f8ster gikk bort. Reporter: Nora Skavhaug. Video: Sanne Holt\/ R\u00f8d L\u00f8per\/ TV 2<\/p>\n<p class=\"font-weight-bold m-font-weight-bold\" data-lab-font_weight=\"font-weight-bold\">&#8211; Jeg tror helt \u00e6rlig ikke det er et stikk til nev\u00f8ene. Forsvaret er ikke for alle, og jeg tenker at kongen som de fleste andre \u00f8nsker at de som virkelig vil og kan er de som skal l\u00e6res opp til \u00e5 forsvare landet. Men det er ingen tvil om at det var overraskende den gang da br\u00f8drene droppet ut. Det er jo en sterk tradisjon for at de kongelige gjennomf\u00f8rer milit\u00e6rtjenesten!<\/p>\n","protected":false},"excerpt":{"rendered":"Kong Frederiks skjulte budskap: Mens kong Frederik av Danmark varslet krig i Europa og hyllet de unge som&hellip;\n","protected":false},"author":2,"featured_media":133024,"comment_status":"","ping_status":"","sticky":false,"template":"","format":"standard","meta":{"footnotes":""},"categories":[12],"tags":[20,21,5816,5818,4104,24,25,7332,4503,4502,15,5817,76,8433,22,23,13,30,28,29,14,16,7331,26,27,42,43,44,45],"class_list":{"0":"post-133023","1":"post","2":"type-post","3":"status-publish","4":"format-standard","5":"has-post-thumbnail","7":"category-verden","8":"tag-breaking-news","9":"tag-breakingnews","10":"tag-det-danske-kongehuset","11":"tag-dronning-mary","12":"tag-eksklusivt","13":"tag-featured-news","14":"tag-featurednews","15":"tag-grev-felix","16":"tag-grev-nikolai","17":"tag-grevinne-alexandra","18":"tag-headlines","19":"tag-kong-frederik","20":"tag-kongelig","21":"tag-kronprins-christian","22":"tag-latest-news","23":"tag-latestnews","24":"tag-news","25":"tag-no","26":"tag-norge","27":"tag-norway","28":"tag-nyheter","29":"tag-overskrifter","30":"tag-prins-joachim","31":"tag-top-stories","32":"tag-topstories","33":"tag-verden","34":"tag-world","35":"tag-world-news","36":"tag-worldnews"},"share_on_mastodon":{"url":"https:\/\/pubeurope.com\/@no\/115865325807327384","error":""},"_links":{"self":[{"href":"https:\/\/www.europesays.com\/no\/wp-json\/wp\/v2\/posts\/133023","targetHints":{"allow":["GET"]}}],"collection":[{"href":"https:\/\/www.europesays.com\/no\/wp-json\/wp\/v2\/posts"}],"about":[{"href":"https:\/\/www.europesays.com\/no\/wp-json\/wp\/v2\/types\/post"}],"author":[{"embeddable":true,"href":"https:\/\/www.europesays.com\/no\/wp-json\/wp\/v2\/users\/2"}],"replies":[{"embeddable":true,"href":"https:\/\/www.europesays.com\/no\/wp-json\/wp\/v2\/comments?post=133023"}],"version-history":[{"count":0,"href":"https:\/\/www.europesays.com\/no\/wp-json\/wp\/v2\/posts\/133023\/revisions"}],"wp:featuredmedia":[{"embeddable":true,"href":"https:\/\/www.europesays.com\/no\/wp-json\/wp\/v2\/media\/133024"}],"wp:attachment":[{"href":"https:\/\/www.europesays.com\/no\/wp-json\/wp\/v2\/media?parent=133023"}],"wp:term":[{"taxonomy":"category","embeddable":true,"href":"https:\/\/www.europesays.com\/no\/wp-json\/wp\/v2\/categories?post=133023"},{"taxonomy":"post_tag","embeddable":true,"href":"https:\/\/www.europesays.com\/no\/wp-json\/wp\/v2\/tags?post=133023"}],"curies":[{"name":"wp","href":"https:\/\/api.w.org\/{rel}","templated":true}]}}