{"id":133027,"date":"2026-01-09T13:16:12","date_gmt":"2026-01-09T13:16:12","guid":{"rendered":"https:\/\/www.europesays.com\/no\/133027\/"},"modified":"2026-01-09T13:16:12","modified_gmt":"2026-01-09T13:16:12","slug":"trafikk-sandnessjoen-ferjer-kansellert-og-flyavganger-innstilt","status":"publish","type":"post","link":"https:\/\/www.europesays.com\/no\/133027\/","title":{"rendered":"Trafikk, Sandnessj\u00f8en | Ferjer kansellert og flyavganger innstilt"},"content":{"rendered":"\n<p>E6 over Saltfjellet var stengt fredag morgen p\u00e5 grunn av sn\u00f8fokk, melder Vegtrafikksentralen. Veien ble \u00e5pnet i \u00e5ttetiden. De neste seks timene er det 74 prosent risiko for ny stegning. <\/p>\n<p>P\u00e5 E6 ved Mj\u00e5vatn er det sn\u00f8fokk men veien er \u00e5pen. Vegtrafikksentralen melder om fare for stengt vei.<\/p>\n<p>Det er sterk vind over Helgelandsbrua og fare for stengt vei. Det samme gjelder Sund\u00f8ybrua. <\/p>\n<p>P\u00e5 sambandet R\u00f8d\u00f8ybasenget tas det forbehold om innstilling p\u00e5 alle anl\u00f8p av Indre Kvar\u00f8y og R\u00f8d\u00f8y. Kansellering kan komme p\u00e5 kort varsel, melder<a href=\"https:\/\/www.ranablad.no\/saltfjellet-er-stengt\/s\/5-42-1541575\" rel=\"Follow nofollow noopener\" target=\"_blank\"> Rana Blad. <\/a><\/p>\n<p>Vinterruta M\/S \u00abNes\u00f8y\u00bb har innstilt anl\u00f8p p\u00e5 Indre Kvar\u00f8y og Stokkv\u00e5gen p\u00e5 morgenen, men forel\u00f8pig er avgangen On\u00f8y 08:10 planlagt \u00e5 g\u00e5 som normalt, med unntak av Indre Kvar\u00f8y.<\/p>\n<p>Det er ikke meldt om driftsavvik for Norleds ferjer i sambandene Sandnessj\u00f8en-D\u00f8nna-L\u00f8kta og S\u00f8vik &#8211; Austb &#8211; Her\u00f8y &#8211; Bras\u00f8y. <\/p>\n<p>Flytrafikken p\u00e5 Mosj\u00f8en lufthavn Kj\u00e6rstad g\u00e5r som normalt. P\u00e5 Sandnessj\u00f8en lufthavn Stokka ble morgenflyet til Trondheim 06.45 innstilt. Ogs\u00e5 flyavgangen til Bod\u00f8 09.25 er innstilt. <\/p>\n","protected":false},"excerpt":{"rendered":"E6 over Saltfjellet var stengt fredag morgen p\u00e5 grunn av sn\u00f8fokk, melder Vegtrafikksentralen. Veien ble \u00e5pnet i \u00e5ttetiden.&hellip;\n","protected":false},"author":2,"featured_media":4133,"comment_status":"","ping_status":"","sticky":false,"template":"","format":"standard","meta":{"footnotes":""},"categories":[5],"tags":[36,20,21,24,25,15,19,22,23,17,18,13,30,28,29,14,16,223,1953,1510,26,27,224],"class_list":{"0":"post-133027","1":"post","2":"type-post","3":"status-publish","4":"format-standard","5":"has-post-thumbnail","7":"category-overskrifter","8":"tag-art","9":"tag-breaking-news","10":"tag-breakingnews","11":"tag-featured-news","12":"tag-featurednews","13":"tag-headlines","14":"tag-hovedoppslag","15":"tag-latest-news","16":"tag-latestnews","17":"tag-main-news","18":"tag-mainnews","19":"tag-news","20":"tag-no","21":"tag-norge","22":"tag-norway","23":"tag-nyheter","24":"tag-overskrifter","25":"tag-samferdsel","26":"tag-sandnessjoen","27":"tag-story","28":"tag-top-stories","29":"tag-topstories","30":"tag-trafikk"},"share_on_mastodon":{"url":"https:\/\/pubeurope.com\/@no\/115865333551170558","error":""},"_links":{"self":[{"href":"https:\/\/www.europesays.com\/no\/wp-json\/wp\/v2\/posts\/133027","targetHints":{"allow":["GET"]}}],"collection":[{"href":"https:\/\/www.europesays.com\/no\/wp-json\/wp\/v2\/posts"}],"about":[{"href":"https:\/\/www.europesays.com\/no\/wp-json\/wp\/v2\/types\/post"}],"author":[{"embeddable":true,"href":"https:\/\/www.europesays.com\/no\/wp-json\/wp\/v2\/users\/2"}],"replies":[{"embeddable":true,"href":"https:\/\/www.europesays.com\/no\/wp-json\/wp\/v2\/comments?post=133027"}],"version-history":[{"count":0,"href":"https:\/\/www.europesays.com\/no\/wp-json\/wp\/v2\/posts\/133027\/revisions"}],"wp:featuredmedia":[{"embeddable":true,"href":"https:\/\/www.europesays.com\/no\/wp-json\/wp\/v2\/media\/4133"}],"wp:attachment":[{"href":"https:\/\/www.europesays.com\/no\/wp-json\/wp\/v2\/media?parent=133027"}],"wp:term":[{"taxonomy":"category","embeddable":true,"href":"https:\/\/www.europesays.com\/no\/wp-json\/wp\/v2\/categories?post=133027"},{"taxonomy":"post_tag","embeddable":true,"href":"https:\/\/www.europesays.com\/no\/wp-json\/wp\/v2\/tags?post=133027"}],"curies":[{"name":"wp","href":"https:\/\/api.w.org\/{rel}","templated":true}]}}