{"id":133028,"date":"2026-01-09T13:17:11","date_gmt":"2026-01-09T13:17:11","guid":{"rendered":"https:\/\/www.europesays.com\/no\/133028\/"},"modified":"2026-01-09T13:17:11","modified_gmt":"2026-01-09T13:17:11","slug":"han-har-ikke-trent-med-oss","status":"publish","type":"post","link":"https:\/\/www.europesays.com\/no\/133028\/","title":{"rendered":"\u2013 Han har ikke trent med oss"},"content":{"rendered":"\n<p class=\"_lead_o9xde_2 _lead_xtcu6_50 layout-component text-serif-m layout-normal text-serif-l layout-component layout-wide layout-padded _wide_17hqh_1 layout-padded\">Manchester City-manager Pep Guardiola mer enn antyder at Oscar Bobb ikke er aktuell for spill med det aller f\u00f8rste.<\/p>\n<p><img alt=\"Oscar Bobb er fortsatt skadet.  Foto: Jon Super \/ AP \/ NTB\" class=\"_image_qp4xg_65 layout-component layout-wide\" data-fullscreen- data-track-element-type=\"Article image fullscreen\" data-track-name=\"ImageFullscreen\" fetchpriority=\"high\" decoding=\"sync\" loading=\"eager\" height=\"2364\" itemprop=\"image\"  src=\"https:\/\/www.europesays.com\/no\/wp-content\/uploads\/2026\/01\/6b2d451f-c8bd-484f-a3b2-018dc5e14a45.jpeg\"  style=\"object-position:0% 0%\" width=\"3546\"\/>Oscar Bobb er fortsatt skadet.  Foto: Jon Super \/ AP \/ NTB<\/p>\n<ul aria-hidden=\"true\" class=\"_images_ntbth_112\">\n<li><a class=\"_link_ntbth_117\" href=\"https:\/\/www.vg.no\/forfatter\/ntb\" style=\"z-index:1\" title=\"NTB\" rel=\"nofollow noopener\" target=\"_blank\"><img alt=\"Bilde av NTB\" class=\"_image_ntbth_93\" fetchpriority=\"low\" loading=\"lazy\" decoding=\"async\" itemprop=\"image\"  src=\"https:\/\/www.europesays.com\/no\/wp-content\/uploads\/2026\/01\/1767964631_427_c33980b0-5d07-4027-84a1-813f90a7c8d6.png\"  width=\"480\"\/><\/a><\/li>\n<\/ul>\n<p> Oppdatert fredag 9. januar kl. 14:14     <\/p>\n<p class=\"_paragraph_o9xde_4 _paragraph_xtcu6_10 layout-component text-serif-m layout-normal text-serif-m layout-padded\">Det sa Guardiola p\u00e5 en pressekonferanse fredag.<\/p>\n<p class=\"_paragraph_o9xde_4 _paragraph_xtcu6_10 layout-component text-serif-m layout-normal text-serif-m layout-padded\">\u2013 Han er fortsatt skadet. Han har ikke trent med oss siden ligacupkampen mot Brentford, sa Guardiola.<\/p>\n<p class=\"_paragraph_o9xde_4 _paragraph_xtcu6_10 layout-component text-serif-m layout-normal text-serif-m layout-padded\">Den aktuelle kampen ble spilt 17. desember. Dermed n\u00e6rmer Bobb seg \u00e5 ha v\u00e6rt p\u00e5 sidelinjen en m\u00e5ned.<\/p>\n<p class=\"_paragraph_o9xde_4 _paragraph_xtcu6_10 layout-component text-serif-m layout-normal text-serif-m layout-padded\">Samtidig med at nordmannen er skadet, sirkulerer det overgangsrykter om ham. Borussia Dortmund, Bournemouth, Newcastle og Crystal Palace er alle nevnt som potensielle nye arbeidsgivere.<\/p>\n<p class=\"_paragraph_o9xde_4 _paragraph_xtcu6_10 layout-component text-serif-m layout-normal text-serif-m layout-padded\">Nordmannen skal ha en prislapp p\u00e5 30 millioner britiske pund, tilsvarende rundt 405 millioner kroner.<\/p>\n<p class=\"_paragraph_o9xde_4 _paragraph_xtcu6_10 layout-component text-serif-m layout-normal text-serif-m layout-padded\">Bakgrunnen for at Bobb er p\u00e5 vei ut d\u00f8rene, er blant annet at Manchester City torsdag bekreftet signeringen av Premier League-juvelen Antoine Semenyo. Det betyr trolig enda mindre spilletid for nordmannen.<\/p>\n<p class=\"_paragraph_o9xde_4 _paragraph_xtcu6_10 layout-component text-serif-m layout-normal text-serif-m layout-padded\">Bobb har i h\u00f8st slitt med \u00e5 f\u00e5 fast tillit i City. Vingen har ogs\u00e5 hatt skadetr\u00f8bbel.<\/p>\n<p class=\"_paragraph_o9xde_4 _paragraph_xtcu6_10 layout-component text-serif-m layout-normal text-serif-m layout-padded\">En overgang til en klubb der han f\u00e5r ukentlig spilletid, vil v\u00e6re positivt for landslagssjef St\u00e5le Solbakken foran VM-sluttspillet i USA, Canada og Mexico i sommer.<\/p>\n<p class=\"_paragraph_o9xde_4 _paragraph_xtcu6_10 layout-component text-serif-m layout-normal text-serif-m layout-padded\"><strong class=\"_strong_o9xde_25\">Oscar Bobb startet den f\u00f8rste kampen i Premier League denne sesongen. Den muligheten tok han vare p\u00e5:<\/strong> <\/p>\n","protected":false},"excerpt":{"rendered":"Manchester City-manager Pep Guardiola mer enn antyder at Oscar Bobb ikke er aktuell for spill med det aller&hellip;\n","protected":false},"author":2,"featured_media":133029,"comment_status":"","ping_status":"","sticky":false,"template":"","format":"standard","meta":{"footnotes":""},"categories":[59],"tags":[30,28,29,83,82],"class_list":{"0":"post-133028","1":"post","2":"type-post","3":"status-publish","4":"format-standard","5":"has-post-thumbnail","7":"category-sport","8":"tag-no","9":"tag-norge","10":"tag-norway","11":"tag-sport","12":"tag-sports"},"share_on_mastodon":{"url":"https:\/\/pubeurope.com\/@no\/115865337366726628","error":""},"_links":{"self":[{"href":"https:\/\/www.europesays.com\/no\/wp-json\/wp\/v2\/posts\/133028","targetHints":{"allow":["GET"]}}],"collection":[{"href":"https:\/\/www.europesays.com\/no\/wp-json\/wp\/v2\/posts"}],"about":[{"href":"https:\/\/www.europesays.com\/no\/wp-json\/wp\/v2\/types\/post"}],"author":[{"embeddable":true,"href":"https:\/\/www.europesays.com\/no\/wp-json\/wp\/v2\/users\/2"}],"replies":[{"embeddable":true,"href":"https:\/\/www.europesays.com\/no\/wp-json\/wp\/v2\/comments?post=133028"}],"version-history":[{"count":0,"href":"https:\/\/www.europesays.com\/no\/wp-json\/wp\/v2\/posts\/133028\/revisions"}],"wp:featuredmedia":[{"embeddable":true,"href":"https:\/\/www.europesays.com\/no\/wp-json\/wp\/v2\/media\/133029"}],"wp:attachment":[{"href":"https:\/\/www.europesays.com\/no\/wp-json\/wp\/v2\/media?parent=133028"}],"wp:term":[{"taxonomy":"category","embeddable":true,"href":"https:\/\/www.europesays.com\/no\/wp-json\/wp\/v2\/categories?post=133028"},{"taxonomy":"post_tag","embeddable":true,"href":"https:\/\/www.europesays.com\/no\/wp-json\/wp\/v2\/tags?post=133028"}],"curies":[{"name":"wp","href":"https:\/\/api.w.org\/{rel}","templated":true}]}}