{"id":133030,"date":"2026-01-09T13:21:16","date_gmt":"2026-01-09T13:21:16","guid":{"rendered":"https:\/\/www.europesays.com\/no\/133030\/"},"modified":"2026-01-09T13:21:16","modified_gmt":"2026-01-09T13:21:16","slug":"melding-om-person-som-kan-ha-gatt-gjennom-isen-pa-bogstadvannet-i-oslo-stor-oslo","status":"publish","type":"post","link":"https:\/\/www.europesays.com\/no\/133030\/","title":{"rendered":"Melding om person som kan ha g\u00e5tt gjennom isen p\u00e5 Bogstadvannet i Oslo \u2013 Stor-Oslo"},"content":{"rendered":"<p>\u2013 Ikke sett personer p\u00e5 stedet, opplyser oslopolitiet.<\/p>\n<p>Meldingen kom f\u00f8rst til brannvesenet. Det skal dreie seg om en observasjon p\u00e5 lang avstand, men n\u00f8detatene har likevel rykket ut med mange patruljer til omr\u00e5det.<\/p>\n<p>Brannvesenet har to redningsdykkebiler og fem andre ressurser p\u00e5 stedet.<\/p>\n<p>I tillegg er politiet, ambulanse og helikopter med s\u00f8kelys p\u00e5 plass.<\/p>\n<p><img decoding=\"async\"   src=\"data:image\/gif;base64,R0lGODlhAQABAIAAAAAAAP\/\/\/yH5BAEAAAAALAAAAAABAAEAAAIBRAA7\" loading=\"eager\" alt=\"\" title=\"\"\/><\/p>\n<p>Brannvesenet, politiet, ambulanser og helikoptre s\u00f8ker i omr\u00e5det Bogstadvannet. <\/p>\n<p>\u2013 Det vi vet er at innringer gjorde en observasjon av mulig person som g\u00e5r gjennom isen. Vi er der oppe p\u00e5 litt forskjellige steder og fors\u00f8ker \u00e5 lokalisere hvor p\u00e5 isen det kan v\u00e6re.<\/p>\n<p>Det sier Ola Klakegg, vaktkommand\u00f8r i brannvesenet.<\/p>\n<p>Han sier det innledningsvis ble meldt om noe som kunne minne om lys fra en sn\u00f8skuter, som plutselig ble borte.<\/p>\n<p><strong>Klokken 18.52 opplyser politiet at helikopteret har avs\u00f8kt hele Bogstadvannet. <\/strong><\/p>\n<p><strong>De har ikke funnet sn\u00f8skuter eller spor etter dette, og heller ikke funnet noen hull i isen.<\/strong><\/p>\n<p>De avslutter innsatsen p\u00e5 stedet.<\/p>\n<p><img decoding=\"async\"   src=\"data:image\/gif;base64,R0lGODlhAQABAIAAAAAAAP\/\/\/yH5BAEAAAAALAAAAAABAAEAAAIBRAA7\" loading=\"eager\" alt=\"Bilde viser flere n\u00f8detater samlet p\u00e5 en sn\u00f8dekt plass om natten. To ambulanser og en brannbil st\u00e5r opplyst, sammen med flere kj\u00f8ret\u00f8y fra redningstjenesten. Omgivelsene er m\u00f8rke, men bilene gir mye lys som skaper et klart bilde av situasjonen. Det er spor i sn\u00f8en som tyder p\u00e5 tidligere aktivitet. (Bildebeskrivelsen er laget av en KI-tjeneste)\" title=\"Foto: Svein Ove Hansli \/ NRK\"\/><\/p>\n<p class=\"\">Alle n\u00f8detatene rykket ut til Bogstadvannet etter meldingen om at en person muligens var g\u00e5tt gjennom isen. <\/p>\n<p>Foto: Svein Ove Hansli \/ NRK<\/p>\n<p><a class=\"login-banner-hack\" href=\"https:\/\/www.nrk.no\/logginn?context=article-plug\" style=\"padding: 0; border: none; display: none\" rel=\"nofollow noopener\" target=\"_blank\"><\/p>\n<p>            <img decoding=\"async\"   src=\"data:image\/gif;base64,R0lGODlhAQABAIAAAAAAAP\/\/\/yH5BAEAAAAALAAAAAABAAEAAAIBRAA7\" alt=\"Oppfordring til \u00e5 logge p\u00e5 NRKs tjenester\" title=\"Foto: Odd Arne Olderbakk\"\/><\/p>\n<p>            <img decoding=\"async\"   src=\"data:image\/gif;base64,R0lGODlhAQABAIAAAAAAAP\/\/\/yH5BAEAAAAALAAAAAABAAEAAAIBRAA7\" alt=\"Oppfordring til \u00e5 logge p\u00e5 NRKs tjenester\" title=\"Foto: Odd Arne Olderbakk\"\/><\/p>\n<p><\/a><\/p>\n<p>Publisert<\/p>\n<p>08.01.2026, kl. 18.40<\/p>\n<p>Oppdatert<\/p>\n<p>08.01.2026, kl. 19.15<\/p>\n","protected":false},"excerpt":{"rendered":"\u2013 Ikke sett personer p\u00e5 stedet, opplyser oslopolitiet. Meldingen kom f\u00f8rst til brannvesenet. Det skal dreie seg om&hellip;\n","protected":false},"author":2,"featured_media":133031,"comment_status":"","ping_status":"","sticky":false,"template":"","format":"standard","meta":{"footnotes":""},"categories":[12],"tags":[20,21,24,25,15,22,23,13,30,28,29,14,16,26,27,42,43,44,45],"class_list":{"0":"post-133030","1":"post","2":"type-post","3":"status-publish","4":"format-standard","5":"has-post-thumbnail","7":"category-verden","8":"tag-breaking-news","9":"tag-breakingnews","10":"tag-featured-news","11":"tag-featurednews","12":"tag-headlines","13":"tag-latest-news","14":"tag-latestnews","15":"tag-news","16":"tag-no","17":"tag-norge","18":"tag-norway","19":"tag-nyheter","20":"tag-overskrifter","21":"tag-top-stories","22":"tag-topstories","23":"tag-verden","24":"tag-world","25":"tag-world-news","26":"tag-worldnews"},"share_on_mastodon":{"url":"https:\/\/pubeurope.com\/@no\/115865353103794226","error":""},"_links":{"self":[{"href":"https:\/\/www.europesays.com\/no\/wp-json\/wp\/v2\/posts\/133030","targetHints":{"allow":["GET"]}}],"collection":[{"href":"https:\/\/www.europesays.com\/no\/wp-json\/wp\/v2\/posts"}],"about":[{"href":"https:\/\/www.europesays.com\/no\/wp-json\/wp\/v2\/types\/post"}],"author":[{"embeddable":true,"href":"https:\/\/www.europesays.com\/no\/wp-json\/wp\/v2\/users\/2"}],"replies":[{"embeddable":true,"href":"https:\/\/www.europesays.com\/no\/wp-json\/wp\/v2\/comments?post=133030"}],"version-history":[{"count":0,"href":"https:\/\/www.europesays.com\/no\/wp-json\/wp\/v2\/posts\/133030\/revisions"}],"wp:featuredmedia":[{"embeddable":true,"href":"https:\/\/www.europesays.com\/no\/wp-json\/wp\/v2\/media\/133031"}],"wp:attachment":[{"href":"https:\/\/www.europesays.com\/no\/wp-json\/wp\/v2\/media?parent=133030"}],"wp:term":[{"taxonomy":"category","embeddable":true,"href":"https:\/\/www.europesays.com\/no\/wp-json\/wp\/v2\/categories?post=133030"},{"taxonomy":"post_tag","embeddable":true,"href":"https:\/\/www.europesays.com\/no\/wp-json\/wp\/v2\/tags?post=133030"}],"curies":[{"name":"wp","href":"https:\/\/api.w.org\/{rel}","templated":true}]}}